{"id":6121,"date":"2021-04-20T09:08:32","date_gmt":"2021-04-20T12:08:32","guid":{"rendered":"https:\/\/sincomavi.org.br\/?p=6121"},"modified":"2021-04-20T09:08:34","modified_gmt":"2021-04-20T12:08:34","slug":"queda-de-164-no-movimento-do-comercio-em-marco","status":"publish","type":"post","link":"https:\/\/sincomavi.org.br\/?p=6121","title":{"rendered":"Queda de 16,4% no movimento do com\u00e9rcio em mar\u00e7o"},"content":{"rendered":"<style>.wp-block-kadence-spacer.kt-block-spacer-_2bcfda-ec .kt-block-spacer{height:60px;}.wp-block-kadence-spacer.kt-block-spacer-_2bcfda-ec .kt-divider{border-top-width:1px;height:1px;border-top-color:#eee;width:80%;border-top-style:solid;}<\/style>\n<div class=\"wp-block-kadence-spacer aligncenter kt-block-spacer-_2bcfda-ec\"><div class=\"kt-block-spacer kt-block-spacer-halign-center\" style=\"height:60px\"><hr class=\"kt-divider\" style=\"border-top-color:rgba(238, 238, 238, 1);border-top-width:1px;width:80%;border-top-style:solid\"\/><\/div><\/div>\n\n\n\n<p>Dados coletados pela Boa Vista mostram que houve um recuo em mar\u00e7o de 16,4% nas vendas do varejo no Pa\u00eds em rela\u00e7\u00e3o ao m\u00eas anterior com valores dessazonalizados. O indicador registrou ainda no acumulado de 12 meses uma retra\u00e7\u00e3o de 7,7%. J\u00e1 a compara\u00e7\u00e3o dos resultados obtidos em mar\u00e7o com o mesmo per\u00edodo do ano passado apresentam uma queda 22,9%.<\/p>\n\n\n\n<div class=\"wp-block-image\"><figure class=\"aligncenter size-large\"><img loading=\"lazy\" decoding=\"async\" width=\"500\" height=\"237\" src=\"https:\/\/sincomavi.org.br\/wp-content\/uploads\/2021\/04\/BOAVISTA.png\" alt=\"\" class=\"wp-image-6122\" srcset=\"https:\/\/sincomavi.org.br\/wp-content\/uploads\/2021\/04\/BOAVISTA.png 500w, https:\/\/sincomavi.org.br\/wp-content\/uploads\/2021\/04\/BOAVISTA-300x142.png 300w\" sizes=\"auto, (max-width: 500px) 100vw, 500px\" \/><\/figure><\/div>\n\n\n\n<p>Segundo os analistas da Boa Vista, al\u00e9m das restri\u00e7\u00f5es impostas ao com\u00e9rcio em raz\u00e3o do combate \u00e0 pandemia da Covid-19, outros pontos tamb\u00e9m influenciaram negativamente o desempenho do varejo, como: mercado de trabalho ainda enfraquecido, confian\u00e7a em queda e press\u00f5es inflacion\u00e1rias. \u00c9 importante ressaltar ainda que os consumidores \u201cn\u00e3o puderam contar com o aux\u00edlio emergencial nos tr\u00eas primeiros meses do ano, o que tamb\u00e9m acentuou a queda na curva de longo prazo do indicador\u201d.<\/p>\n\n\n\n<div class=\"wp-block-image\"><figure class=\"aligncenter size-large\"><img loading=\"lazy\" decoding=\"async\" width=\"400\" height=\"157\" src=\"https:\/\/sincomavi.org.br\/wp-content\/uploads\/2021\/04\/BOAVISTA1.png\" alt=\"\" class=\"wp-image-6123\" srcset=\"https:\/\/sincomavi.org.br\/wp-content\/uploads\/2021\/04\/BOAVISTA1.png 400w, https:\/\/sincomavi.org.br\/wp-content\/uploads\/2021\/04\/BOAVISTA1-300x118.png 300w\" sizes=\"auto, (max-width: 400px) 100vw, 400px\" \/><\/figure><\/div>\n\n\n<style>.wp-block-kadence-spacer.kt-block-spacer-_d8d919-1a .kt-block-spacer{height:60px;}.wp-block-kadence-spacer.kt-block-spacer-_d8d919-1a .kt-divider{border-top-width:1px;height:1px;border-top-color:#eee;width:80%;border-top-style:solid;}<\/style>\n<div class=\"wp-block-kadence-spacer aligncenter kt-block-spacer-_d8d919-1a\"><div class=\"kt-block-spacer kt-block-spacer-halign-center\" style=\"height:60px\"><hr class=\"kt-divider\" style=\"border-top-color:rgba(238, 238, 238, 1);border-top-width:1px;width:80%;border-top-style:solid\"\/><\/div><\/div>\n\n\n\n<p><\/p>\n","protected":false},"excerpt":{"rendered":"<p>Dados coletados pela Boa Vista mostram que houve um recuo em mar\u00e7o de 16,4% nas vendas do varejo no Pa\u00eds em rela\u00e7\u00e3o ao m\u00eas anterior com valores dessazonalizados. O indicador registrou ainda no acumulado de 12 meses uma retra\u00e7\u00e3o de 7,7%. J\u00e1 a compara\u00e7\u00e3o dos resultados obtidos em mar\u00e7o com o mesmo per\u00edodo do ano [&hellip;]<\/p>\n","protected":false},"author":1,"featured_media":6124,"comment_status":"closed","ping_status":"open","sticky":false,"template":"","format":"standard","meta":{"tdm_status":"","tdm_grid_status":"","footnotes":""},"categories":[153],"tags":[199,227,160,200,75],"class_list":["post-6121","post","type-post","status-publish","format-standard","has-post-thumbnail","hentry","category-noticias","tag-comercio","tag-faturamento","tag-pesquisa","tag-varejo","tag-vendas"],"amp_enabled":true,"_links":{"self":[{"href":"https:\/\/sincomavi.org.br\/index.php?rest_route=\/wp\/v2\/posts\/6121","targetHints":{"allow":["GET"]}}],"collection":[{"href":"https:\/\/sincomavi.org.br\/index.php?rest_route=\/wp\/v2\/posts"}],"about":[{"href":"https:\/\/sincomavi.org.br\/index.php?rest_route=\/wp\/v2\/types\/post"}],"author":[{"embeddable":true,"href":"https:\/\/sincomavi.org.br\/index.php?rest_route=\/wp\/v2\/users\/1"}],"replies":[{"embeddable":true,"href":"https:\/\/sincomavi.org.br\/index.php?rest_route=%2Fwp%2Fv2%2Fcomments&post=6121"}],"version-history":[{"count":1,"href":"https:\/\/sincomavi.org.br\/index.php?rest_route=\/wp\/v2\/posts\/6121\/revisions"}],"predecessor-version":[{"id":6125,"href":"https:\/\/sincomavi.org.br\/index.php?rest_route=\/wp\/v2\/posts\/6121\/revisions\/6125"}],"wp:featuredmedia":[{"embeddable":true,"href":"https:\/\/sincomavi.org.br\/index.php?rest_route=\/wp\/v2\/media\/6124"}],"wp:attachment":[{"href":"https:\/\/sincomavi.org.br\/index.php?rest_route=%2Fwp%2Fv2%2Fmedia&parent=6121"}],"wp:term":[{"taxonomy":"category","embeddable":true,"href":"https:\/\/sincomavi.org.br\/index.php?rest_route=%2Fwp%2Fv2%2Fcategories&post=6121"},{"taxonomy":"post_tag","embeddable":true,"href":"https:\/\/sincomavi.org.br\/index.php?rest_route=%2Fwp%2Fv2%2Ftags&post=6121"}],"curies":[{"name":"wp","href":"https:\/\/api.w.org\/{rel}","templated":true}]}}