{"id":6103,"date":"2021-04-16T14:57:17","date_gmt":"2021-04-16T17:57:17","guid":{"rendered":"https:\/\/sincomavi.org.br\/?p=6103"},"modified":"2021-04-16T14:57:18","modified_gmt":"2021-04-16T17:57:18","slug":"plano-sao-paulo-retomada-gradativa-das-atividades","status":"publish","type":"post","link":"https:\/\/sincomavi.org.br\/?p=6103","title":{"rendered":"Plano S\u00e3o Paulo: retomada gradativa das atividades"},"content":{"rendered":"<style>.wp-block-kadence-spacer.kt-block-spacer-_07209a-2f .kt-block-spacer{height:60px;}.wp-block-kadence-spacer.kt-block-spacer-_07209a-2f .kt-divider{border-top-width:1px;height:1px;border-top-color:#eee;width:80%;border-top-style:solid;}<\/style>\n<div class=\"wp-block-kadence-spacer aligncenter kt-block-spacer-_07209a-2f\"><div class=\"kt-block-spacer kt-block-spacer-halign-center\" style=\"height:60px\"><hr class=\"kt-divider\" style=\"border-top-color:rgba(238, 238, 238, 1);border-top-width:1px;width:80%;border-top-style:solid\"\/><\/div><\/div>\n\n\n\n<p>O Governo do Estado de S\u00e3o Paulo anunciou hoje, 16 de abril, a entrada do Plano S\u00e3o Paulo na fase de transi\u00e7\u00e3o. Isso ocorreu, segundo informa\u00e7\u00f5es oficiais, em raz\u00e3o da melhoria dos indicadores de sa\u00fade.<\/p>\n\n\n\n<p>A fase de transi\u00e7\u00e3o ter\u00e1 in\u00edcio no pr\u00f3ximo domingo, dia 18, e ser\u00e1 divida em duas etapas:<\/p>\n\n\n\n<ul class=\"wp-block-list\"><li><strong>18 a 23 de abril<\/strong> &#8211; Ser\u00e1 permitida a abertura do com\u00e9rcio, incluindo lojas de shopping, com atendimento permitido somente das 11h \u00e0s 19h;<\/li><\/ul>\n\n\n\n<ul class=\"wp-block-list\"><li><strong>24 a 30 de abril &#8211;<\/strong> Al\u00e9m dos estabelecimentos comerciais mencionados na etapa anterior, os setores de servi\u00e7os poder\u00e3o retomar suas atividades, mas tamb\u00e9m apenas no hor\u00e1rio das 11h \u00e0s 19h.<\/li><\/ul>\n\n\n\n<p>Vale destacar ainda que a ocupa\u00e7\u00e3o do estabelecimento <strong>n\u00e3o poder\u00e1 superar 25% de sua capacidade.<\/strong><\/p>\n\n\n\n<p>Continua valendo ainda o toque de recolher em todo territ\u00f3rio paulista das 20h \u00e0s 5h e a orienta\u00e7\u00e3o \u00e9 que seja feita a op\u00e7\u00e3o pelo teletrabalho para as atividades administrativas n\u00e3o essenciais e escalonamento de hor\u00e1rio na entrada e sa\u00edda das atividades do com\u00e9rcio, servi\u00e7os e ind\u00fastrias.<\/p>\n\n\n\n<div class=\"wp-block-image\"><figure class=\"aligncenter size-large\"><img loading=\"lazy\" decoding=\"async\" width=\"1024\" height=\"576\" src=\"https:\/\/sincomavi.org.br\/wp-content\/uploads\/2021\/04\/transicao-1024x576.jpg\" alt=\"\" class=\"wp-image-6104\" srcset=\"https:\/\/sincomavi.org.br\/wp-content\/uploads\/2021\/04\/transicao-1024x576.jpg 1024w, https:\/\/sincomavi.org.br\/wp-content\/uploads\/2021\/04\/transicao-300x169.jpg 300w, https:\/\/sincomavi.org.br\/wp-content\/uploads\/2021\/04\/transicao-768x432.jpg 768w, https:\/\/sincomavi.org.br\/wp-content\/uploads\/2021\/04\/transicao-746x420.jpg 746w, https:\/\/sincomavi.org.br\/wp-content\/uploads\/2021\/04\/transicao-640x360.jpg 640w, https:\/\/sincomavi.org.br\/wp-content\/uploads\/2021\/04\/transicao-681x383.jpg 681w, https:\/\/sincomavi.org.br\/wp-content\/uploads\/2021\/04\/transicao.jpg 1400w\" sizes=\"auto, (max-width: 1024px) 100vw, 1024px\" \/><\/figure><\/div>\n\n\n<style>.wp-block-kadence-spacer.kt-block-spacer-_acc860-bd .kt-block-spacer{height:60px;}.wp-block-kadence-spacer.kt-block-spacer-_acc860-bd .kt-divider{border-top-width:1px;height:1px;border-top-color:#eee;width:80%;border-top-style:solid;}<\/style>\n<div class=\"wp-block-kadence-spacer aligncenter kt-block-spacer-_acc860-bd\"><div class=\"kt-block-spacer kt-block-spacer-halign-center\" style=\"height:60px\"><hr class=\"kt-divider\" style=\"border-top-color:rgba(238, 238, 238, 1);border-top-width:1px;width:80%;border-top-style:solid\"\/><\/div><\/div>\n","protected":false},"excerpt":{"rendered":"<p>O Governo do Estado de S\u00e3o Paulo anunciou hoje, 16 de abril, a entrada do Plano S\u00e3o Paulo na fase de transi\u00e7\u00e3o. Isso ocorreu, segundo informa\u00e7\u00f5es oficiais, em raz\u00e3o da melhoria dos indicadores de sa\u00fade. A fase de transi\u00e7\u00e3o ter\u00e1 in\u00edcio no pr\u00f3ximo domingo, dia 18, e ser\u00e1 divida em duas etapas: 18 a 23 [&hellip;]<\/p>\n","protected":false},"author":1,"featured_media":6106,"comment_status":"closed","ping_status":"open","sticky":false,"template":"","format":"standard","meta":{"tdm_status":"","tdm_grid_status":"","footnotes":""},"categories":[157],"tags":[199,349,397,683,588,417,200],"class_list":["post-6103","post","type-post","status-publish","format-standard","has-post-thumbnail","hentry","category-alerta","tag-comercio","tag-coronavirus","tag-covid-19","tag-fase-de-transicao","tag-plano-sao-paulo","tag-servicos","tag-varejo"],"amp_enabled":true,"_links":{"self":[{"href":"https:\/\/sincomavi.org.br\/index.php?rest_route=\/wp\/v2\/posts\/6103","targetHints":{"allow":["GET"]}}],"collection":[{"href":"https:\/\/sincomavi.org.br\/index.php?rest_route=\/wp\/v2\/posts"}],"about":[{"href":"https:\/\/sincomavi.org.br\/index.php?rest_route=\/wp\/v2\/types\/post"}],"author":[{"embeddable":true,"href":"https:\/\/sincomavi.org.br\/index.php?rest_route=\/wp\/v2\/users\/1"}],"replies":[{"embeddable":true,"href":"https:\/\/sincomavi.org.br\/index.php?rest_route=%2Fwp%2Fv2%2Fcomments&post=6103"}],"version-history":[{"count":2,"href":"https:\/\/sincomavi.org.br\/index.php?rest_route=\/wp\/v2\/posts\/6103\/revisions"}],"predecessor-version":[{"id":6183,"href":"https:\/\/sincomavi.org.br\/index.php?rest_route=\/wp\/v2\/posts\/6103\/revisions\/6183"}],"wp:featuredmedia":[{"embeddable":true,"href":"https:\/\/sincomavi.org.br\/index.php?rest_route=\/wp\/v2\/media\/6106"}],"wp:attachment":[{"href":"https:\/\/sincomavi.org.br\/index.php?rest_route=%2Fwp%2Fv2%2Fmedia&parent=6103"}],"wp:term":[{"taxonomy":"category","embeddable":true,"href":"https:\/\/sincomavi.org.br\/index.php?rest_route=%2Fwp%2Fv2%2Fcategories&post=6103"},{"taxonomy":"post_tag","embeddable":true,"href":"https:\/\/sincomavi.org.br\/index.php?rest_route=%2Fwp%2Fv2%2Ftags&post=6103"}],"curies":[{"name":"wp","href":"https:\/\/api.w.org\/{rel}","templated":true}]}}