{"id":6070,"date":"2021-04-12T13:39:47","date_gmt":"2021-04-12T16:39:47","guid":{"rendered":"https:\/\/sincomavi.org.br\/?p=6070"},"modified":"2021-04-12T13:40:54","modified_gmt":"2021-04-12T16:40:54","slug":"termo-de-aditamento-a-cct-motoristas-de-caieiras-franco-da-rocha-francisco-morato-e-juquitiba","status":"publish","type":"post","link":"https:\/\/sincomavi.org.br\/?p=6070","title":{"rendered":"Termo de Aditamento \u00e0 CCT: Motoristas de Caieiras, Franco da Rocha, Francisco Morato e Juquitiba"},"content":{"rendered":"<style>.wp-block-kadence-spacer.kt-block-spacer-_316c7a-f7 .kt-block-spacer{height:60px;}.wp-block-kadence-spacer.kt-block-spacer-_316c7a-f7 .kt-divider{border-top-width:1px;height:1px;border-top-color:#eee;width:80%;border-top-style:solid;}<\/style>\n<div class=\"wp-block-kadence-spacer aligncenter kt-block-spacer-_316c7a-f7\"><div class=\"kt-block-spacer kt-block-spacer-halign-center\" style=\"height:60px\"><hr class=\"kt-divider\" style=\"border-top-color:rgba(238, 238, 238, 1);border-top-width:1px;width:80%;border-top-style:solid\"\/><\/div><\/div>\n\n\n\n<p>Assinado o Termo de Aditamento \u00e0 Conven\u00e7\u00e3o Coletiva de Trabalho (CCT) com o Seedesp \u2013 Motoristas de Caieiras, Francisco Morato, Franco da Rocha e Juquitiba, com validade at\u00e9 30\/09\/2021, cujos pontos principais s\u00e3o os seguintes:\u00a0<\/p>\n\n\n\n<ul class=\"wp-block-list\"><li>Reajustamento salarial a partir de 01 de abril de 2021&nbsp;<\/li><\/ul>\n\n\n\n<ul class=\"wp-block-list\"><li>Atualiza\u00e7\u00e3o de outros valores econ\u00f4micos da CCT&nbsp;<\/li><\/ul>\n\n\n\n<ul class=\"wp-block-list\"><li>Amplia\u00e7\u00e3o extraordin\u00e1ria do prazo do banco de horas negativo&nbsp;&nbsp;<\/li><\/ul>\n\n\n\n<ul class=\"wp-block-list\"><li>Sal\u00e1rios de admiss\u00e3o&nbsp;<\/li><\/ul>\n\n\n\n<ul class=\"wp-block-list\"><li>Garantia de emprego ao futuro aposentado&nbsp;<\/li><\/ul>\n\n\n\n<ul class=\"wp-block-list\"><li>Redu\u00e7\u00e3o de jornada e sal\u00e1rio&nbsp;&nbsp;<\/li><\/ul>\n\n\n\n<ul class=\"wp-block-list\"><li>Suspens\u00e3o do contrato de trabalho&nbsp;<\/li><\/ul>\n\n\n\n<ul class=\"wp-block-list\"><li>Teletrabalho (home office)&nbsp;<\/li><\/ul>\n\n\n\n<ul class=\"wp-block-list\"><li>&nbsp;Concess\u00e3o excepcional de f\u00e9rias&nbsp;<\/li><\/ul>\n\n\n\n<ul class=\"wp-block-list\"><li>Antecipa\u00e7\u00e3o excepcional de feriados&nbsp;<\/li><\/ul>\n\n\n\n<ul class=\"wp-block-list\"><li>Vig\u00eancia, inclusive das cl\u00e1usulas n\u00e3o aditadas&nbsp;<\/li><\/ul>\n\n\n\n<p>Dado o alcance dessas normas, o Departamento Jur\u00eddico do Sincomavi aconselha a todos o estudo completo do acordo.<\/p>\n\n\n<style>.wp-block-kadence-advancedbtn.kb-btns_e6e8f8-cf{gap:var(--global-kb-gap-xs, 0.5rem );justify-content:center;align-items:center;}.kt-btns_e6e8f8-cf .kt-button{font-weight:normal;font-style:normal;}.kt-btns_e6e8f8-cf .kt-btn-wrap-0{margin-right:5px;}.wp-block-kadence-advancedbtn.kt-btns_e6e8f8-cf .kt-btn-wrap-0 .kt-button{color:#555555;border-color:#555555;}.wp-block-kadence-advancedbtn.kt-btns_e6e8f8-cf .kt-btn-wrap-0 .kt-button:hover, .wp-block-kadence-advancedbtn.kt-btns_e6e8f8-cf .kt-btn-wrap-0 .kt-button:focus{color:#ffffff;border-color:#444444;}.wp-block-kadence-advancedbtn.kt-btns_e6e8f8-cf .kt-btn-wrap-0 .kt-button::before{display:none;}.wp-block-kadence-advancedbtn.kt-btns_e6e8f8-cf .kt-btn-wrap-0 .kt-button:hover, .wp-block-kadence-advancedbtn.kt-btns_e6e8f8-cf .kt-btn-wrap-0 .kt-button:focus{background:#444444;}<\/style>\n<div class=\"wp-block-kadence-advancedbtn kt-btn-align-center kt-btn-tablet-align-inherit kt-btn-mobile-align-inherit kt-btns-wrap kt-btns_e6e8f8-cf\"><div class=\"kt-btn-wrap kt-btn-wrap-0\"><a class=\"kt-button button kt-btn-0-action kt-btn-size-standard kt-btn-style-basic kt-btn-svg-show-always kt-btn-has-text-true kt-btn-has-svg-false\" href=\"https:\/\/sincomavi.org.br\/wp-content\/uploads\/2021\/04\/MOTORISTAS-CAIEIRAS-FRANCISCO-MORATO-FRANCO-DA-ROCHA-E-JUQUITIBA-TERMO-DE-ADITAMENTO-CCT-SEEDESP-2019-2020-2021.pdf\" target=\"_blank\" rel=\"noreferrer noopener\"><span class=\"kt-btn-inner-text\">DOWNLOAD<\/span><\/a><\/div><\/div>\n\n\n<style>.wp-block-kadence-spacer.kt-block-spacer-_99cec9-37 .kt-block-spacer{height:60px;}.wp-block-kadence-spacer.kt-block-spacer-_99cec9-37 .kt-divider{border-top-width:1px;height:1px;border-top-color:#eee;width:80%;border-top-style:solid;}<\/style>\n<div class=\"wp-block-kadence-spacer aligncenter kt-block-spacer-_99cec9-37\"><div class=\"kt-block-spacer kt-block-spacer-halign-center\" style=\"height:60px\"><hr class=\"kt-divider\" style=\"border-top-color:rgba(238, 238, 238, 1);border-top-width:1px;width:80%;border-top-style:solid\"\/><\/div><\/div>\n","protected":false},"excerpt":{"rendered":"<p>Assinado o Termo de Aditamento \u00e0 Conven\u00e7\u00e3o Coletiva de Trabalho (CCT) com o Seedesp \u2013 Motoristas de Caieiras, Francisco Morato, Franco da Rocha e Juquitiba, com validade at\u00e9 30\/09\/2021, cujos pontos principais s\u00e3o os seguintes:\u00a0 Reajustamento salarial a partir de 01 de abril de 2021&nbsp; Atualiza\u00e7\u00e3o de outros valores econ\u00f4micos da CCT&nbsp; Amplia\u00e7\u00e3o extraordin\u00e1ria do [&hellip;]<\/p>\n","protected":false},"author":1,"featured_media":6073,"comment_status":"closed","ping_status":"open","sticky":false,"template":"","format":"standard","meta":{"tdm_status":"","tdm_grid_status":"","footnotes":""},"categories":[157],"tags":[679,680,356,681,678,677,395],"class_list":["post-6070","post","type-post","status-publish","format-standard","has-post-thumbnail","hentry","category-alerta","tag-caieiras","tag-francisco-morato","tag-franco-da-rocha","tag-juquitiba","tag-motoristas","tag-seedesp","tag-termo-de-aditamento"],"amp_enabled":true,"_links":{"self":[{"href":"https:\/\/sincomavi.org.br\/index.php?rest_route=\/wp\/v2\/posts\/6070","targetHints":{"allow":["GET"]}}],"collection":[{"href":"https:\/\/sincomavi.org.br\/index.php?rest_route=\/wp\/v2\/posts"}],"about":[{"href":"https:\/\/sincomavi.org.br\/index.php?rest_route=\/wp\/v2\/types\/post"}],"author":[{"embeddable":true,"href":"https:\/\/sincomavi.org.br\/index.php?rest_route=\/wp\/v2\/users\/1"}],"replies":[{"embeddable":true,"href":"https:\/\/sincomavi.org.br\/index.php?rest_route=%2Fwp%2Fv2%2Fcomments&post=6070"}],"version-history":[{"count":2,"href":"https:\/\/sincomavi.org.br\/index.php?rest_route=\/wp\/v2\/posts\/6070\/revisions"}],"predecessor-version":[{"id":6075,"href":"https:\/\/sincomavi.org.br\/index.php?rest_route=\/wp\/v2\/posts\/6070\/revisions\/6075"}],"wp:featuredmedia":[{"embeddable":true,"href":"https:\/\/sincomavi.org.br\/index.php?rest_route=\/wp\/v2\/media\/6073"}],"wp:attachment":[{"href":"https:\/\/sincomavi.org.br\/index.php?rest_route=%2Fwp%2Fv2%2Fmedia&parent=6070"}],"wp:term":[{"taxonomy":"category","embeddable":true,"href":"https:\/\/sincomavi.org.br\/index.php?rest_route=%2Fwp%2Fv2%2Fcategories&post=6070"},{"taxonomy":"post_tag","embeddable":true,"href":"https:\/\/sincomavi.org.br\/index.php?rest_route=%2Fwp%2Fv2%2Ftags&post=6070"}],"curies":[{"name":"wp","href":"https:\/\/api.w.org\/{rel}","templated":true}]}}