{"id":6055,"date":"2021-04-09T14:47:09","date_gmt":"2021-04-09T17:47:09","guid":{"rendered":"https:\/\/sincomavi.org.br\/?p=6055"},"modified":"2021-04-09T14:47:11","modified_gmt":"2021-04-09T17:47:11","slug":"sao-paulo-volta-a-fase-vermelha","status":"publish","type":"post","link":"https:\/\/sincomavi.org.br\/?p=6055","title":{"rendered":"S\u00e3o Paulo volta \u00e0 Fase Vermelha"},"content":{"rendered":"<style>.wp-block-kadence-spacer.kt-block-spacer-_57c353-bf .kt-block-spacer{height:60px;}.wp-block-kadence-spacer.kt-block-spacer-_57c353-bf .kt-divider{border-top-width:1px;height:1px;border-top-color:#eee;width:80%;border-top-style:solid;}<\/style>\n<div class=\"wp-block-kadence-spacer aligncenter kt-block-spacer-_57c353-bf\"><div class=\"kt-block-spacer kt-block-spacer-halign-center\" style=\"height:60px\"><hr class=\"kt-divider\" style=\"border-top-color:rgba(238, 238, 238, 1);border-top-width:1px;width:80%;border-top-style:solid\"\/><\/div><\/div>\n\n\n\n<h4 class=\"has-text-align-center wp-block-heading\">Varejo de material de constru\u00e7\u00e3o retoma o atendimento presencial na segunda, dia 12 de abril<\/h4>\n\n\n\n<p>Em pronunciamento realizado hoje, 09 de abril de 2021, o Governo do Estado de S\u00e3o Paulo informou o retorno do Plano S\u00e3o Paulo \u00e0 Fase Vermelha, como havia sido adiantado por Flavio Amary, Secret\u00e1rio de Habita\u00e7\u00e3o do Estado de S\u00e3o Paulo, em <strong><a href=\"https:\/\/sincomavi.org.br\/fase-emergencial-audiencia-com-o-governo-estadual-apresenta-problemas-do-setor\/\" target=\"_blank\" rel=\"noreferrer noopener\">reuni\u00e3o<\/a> <\/strong>realizada por iniciativa do Sincomavi em 06 de abril (veja abaixo). V\u00e1rias lideran\u00e7as do segmento apresentaram os problemas enfrentados pelo setor no encontro online, o que certamente contribuiu para reafirmar a necessidade de reabertura das lojas.<\/p>\n\n\n\n<figure class=\"wp-block-video\"><video controls src=\"https:\/\/sincomavi.org.br\/wp-content\/uploads\/2021\/04\/ENCONTRO.mp4\"><\/video><\/figure>\n\n\n\n<p>A principal not\u00edcia para o varejo de material de constru\u00e7\u00e3o \u00e9 a possibilidade do atendimento presencial na Fase Vermelha, que ir\u00e1 de 12 a 18 de abril de 2021. Vale a pena ressaltar que foram incorporadas algumas regras da Fase Emergencial, como:<\/p>\n\n\n\n<p>&#8211; Toque de recolher das 20h \u00e0s 5h e refor\u00e7o da fiscaliza\u00e7\u00e3o<\/p>\n\n\n\n<p>&#8211; Recomenda\u00e7\u00e3o de escalonamento na entrada e sa\u00edda da ind\u00fastria, servi\u00e7os e com\u00e9rcio<\/p>\n\n\n\n<p>&#8211; Obrigatoriedade de teletrabalho para todas as atividades administrativas<\/p>\n\n\n\n<p>O Sincomavi refor\u00e7a ainda a necessidade dos estabelecimentos do setor seguirem todas as diretrizes acordadas no <a href=\"https:\/\/sincomavi.org.br\/wp-content\/uploads\/2020\/06\/V2_PROTOCOLORETOMADA.pdf\" target=\"_blank\" rel=\"noreferrer noopener\"><strong>protocolo de retomada<\/strong><\/a>.<\/p>\n\n\n\n<p>Aten\u00e7\u00e3o: restri\u00e7\u00e3o ao atendimento presencial para todos os servi\u00e7os n\u00e3o essenciais, com a permiss\u00e3o de retirada de produtos para shoppings, com\u00e9rcio, restaurantes e outras atividades.<\/p>\n\n\n\n<div class=\"wp-block-image\"><figure class=\"aligncenter size-large\"><img loading=\"lazy\" decoding=\"async\" width=\"1024\" height=\"576\" src=\"https:\/\/sincomavi.org.br\/wp-content\/uploads\/2021\/04\/Apresentacao-Plano-SP-8-1024x576.jpg\" alt=\"\" class=\"wp-image-6057\" srcset=\"https:\/\/sincomavi.org.br\/wp-content\/uploads\/2021\/04\/Apresentacao-Plano-SP-8-1024x576.jpg 1024w, https:\/\/sincomavi.org.br\/wp-content\/uploads\/2021\/04\/Apresentacao-Plano-SP-8-300x169.jpg 300w, https:\/\/sincomavi.org.br\/wp-content\/uploads\/2021\/04\/Apresentacao-Plano-SP-8-768x432.jpg 768w, https:\/\/sincomavi.org.br\/wp-content\/uploads\/2021\/04\/Apresentacao-Plano-SP-8-746x420.jpg 746w, https:\/\/sincomavi.org.br\/wp-content\/uploads\/2021\/04\/Apresentacao-Plano-SP-8-640x360.jpg 640w, https:\/\/sincomavi.org.br\/wp-content\/uploads\/2021\/04\/Apresentacao-Plano-SP-8-681x383.jpg 681w, https:\/\/sincomavi.org.br\/wp-content\/uploads\/2021\/04\/Apresentacao-Plano-SP-8.jpg 1400w\" sizes=\"auto, (max-width: 1024px) 100vw, 1024px\" \/><\/figure><\/div>\n\n\n<style>.wp-block-kadence-spacer.kt-block-spacer-_fc88fc-ca .kt-block-spacer{height:60px;}.wp-block-kadence-spacer.kt-block-spacer-_fc88fc-ca .kt-divider{border-top-width:1px;height:1px;border-top-color:#eee;width:80%;border-top-style:solid;}<\/style>\n<div class=\"wp-block-kadence-spacer aligncenter kt-block-spacer-_fc88fc-ca\"><div class=\"kt-block-spacer kt-block-spacer-halign-center\" style=\"height:60px\"><hr class=\"kt-divider\" style=\"border-top-color:rgba(238, 238, 238, 1);border-top-width:1px;width:80%;border-top-style:solid\"\/><\/div><\/div>\n","protected":false},"excerpt":{"rendered":"<p>Varejo de material de constru\u00e7\u00e3o retoma o atendimento presencial na segunda, dia 12 de abril Em pronunciamento realizado hoje, 09 de abril de 2021, o Governo do Estado de S\u00e3o Paulo informou o retorno do Plano S\u00e3o Paulo \u00e0 Fase Vermelha, como havia sido adiantado por Flavio Amary, Secret\u00e1rio de Habita\u00e7\u00e3o do Estado de S\u00e3o [&hellip;]<\/p>\n","protected":false},"author":1,"featured_media":6059,"comment_status":"closed","ping_status":"open","sticky":false,"template":"","format":"standard","meta":{"tdm_status":"","tdm_grid_status":"","footnotes":""},"categories":[157],"tags":[199,349,397,662,158,588,358,200],"class_list":["post-6055","post","type-post","status-publish","format-standard","has-post-thumbnail","hentry","category-alerta","tag-comercio","tag-coronavirus","tag-covid-19","tag-fase-vermelha","tag-material-de-construcao","tag-plano-sao-paulo","tag-quarentena","tag-varejo"],"amp_enabled":true,"_links":{"self":[{"href":"https:\/\/sincomavi.org.br\/index.php?rest_route=\/wp\/v2\/posts\/6055","targetHints":{"allow":["GET"]}}],"collection":[{"href":"https:\/\/sincomavi.org.br\/index.php?rest_route=\/wp\/v2\/posts"}],"about":[{"href":"https:\/\/sincomavi.org.br\/index.php?rest_route=\/wp\/v2\/types\/post"}],"author":[{"embeddable":true,"href":"https:\/\/sincomavi.org.br\/index.php?rest_route=\/wp\/v2\/users\/1"}],"replies":[{"embeddable":true,"href":"https:\/\/sincomavi.org.br\/index.php?rest_route=%2Fwp%2Fv2%2Fcomments&post=6055"}],"version-history":[{"count":2,"href":"https:\/\/sincomavi.org.br\/index.php?rest_route=\/wp\/v2\/posts\/6055\/revisions"}],"predecessor-version":[{"id":6060,"href":"https:\/\/sincomavi.org.br\/index.php?rest_route=\/wp\/v2\/posts\/6055\/revisions\/6060"}],"wp:featuredmedia":[{"embeddable":true,"href":"https:\/\/sincomavi.org.br\/index.php?rest_route=\/wp\/v2\/media\/6059"}],"wp:attachment":[{"href":"https:\/\/sincomavi.org.br\/index.php?rest_route=%2Fwp%2Fv2%2Fmedia&parent=6055"}],"wp:term":[{"taxonomy":"category","embeddable":true,"href":"https:\/\/sincomavi.org.br\/index.php?rest_route=%2Fwp%2Fv2%2Fcategories&post=6055"},{"taxonomy":"post_tag","embeddable":true,"href":"https:\/\/sincomavi.org.br\/index.php?rest_route=%2Fwp%2Fv2%2Ftags&post=6055"}],"curies":[{"name":"wp","href":"https:\/\/api.w.org\/{rel}","templated":true}]}}