{"id":6035,"date":"2021-04-07T10:16:56","date_gmt":"2021-04-07T13:16:56","guid":{"rendered":"https:\/\/sincomavi.org.br\/?p=6035"},"modified":"2021-04-07T12:49:49","modified_gmt":"2021-04-07T15:49:49","slug":"fase-emergencial-audiencia-com-o-governo-estadual-apresenta-problemas-do-setor","status":"publish","type":"post","link":"https:\/\/sincomavi.org.br\/?p=6035","title":{"rendered":"Fase emergencial: setor apresenta em audi\u00eancia seus problemas ao governo estadual"},"content":{"rendered":"<style>.wp-block-kadence-spacer.kt-block-spacer-_46b09f-70 .kt-block-spacer{height:60px;}.wp-block-kadence-spacer.kt-block-spacer-_46b09f-70 .kt-divider{border-top-width:1px;height:1px;border-top-color:#eee;width:80%;border-top-style:solid;}<\/style>\n<div class=\"wp-block-kadence-spacer aligncenter kt-block-spacer-_46b09f-70\"><div class=\"kt-block-spacer kt-block-spacer-halign-center\" style=\"height:60px\"><hr class=\"kt-divider\" style=\"border-top-color:rgba(238, 238, 238, 1);border-top-width:1px;width:80%;border-top-style:solid\"\/><\/div><\/div>\n\n\n\n<p>Foi realizada em 06 de abril, por iniciativa do Sincomavi, reuni\u00e3o online com Flavio Amary, secret\u00e1rio de Habita\u00e7\u00e3o do Governo do Estado de S\u00e3o Paulo. Em pauta, as dificuldades enfrentadas pelo segmento para o atendimento aos consumidores e formas de retomar as atividades dentro da normalidade. O encontro contou com a participa\u00e7\u00e3o de Reinaldo Pedro Correa, presidente do Sincomavi; Cl\u00e1udio Ara\u00fajo de Lima e Ricardo Adachi, diretores do Sincomavi; Ignacio S\u00e1nchez Villares, CEO da Leroy Merlin; Eduardo de Vries, diretor-presidente da Sodimac; Juliano Ohta, diretor da Telhanorte-Tumelero; Michael Reins, CEO da Obramax; Christophe Auger, diretor Geral da C&amp;C Casa e Constru\u00e7\u00e3o; Jorge Gon\u00e7alves Filho, diretor da Saint-Gobain Distribui\u00e7\u00e3o Brasil; Renato Coltro, l\u00edder do Desafio de Desenvolvimento, Expans\u00e3o &amp; Rela\u00e7\u00f5es Institucionais da Leroy Merlin; Geraldo Defalco, presidente da Anamaco; Waldir de Abreu, superintendente da Anamaco; Luiz Cornacchioni, presidente-executivo da Abrafati; e Leonardo Ruiz Machado, diretor executivo do InvestSP. A coordena\u00e7\u00e3o dos trabalhos ficou sob a responsabilidade de Wilson Mello, presidente do InvestSP.<\/p>\n\n\n\n<figure class=\"wp-block-image size-large\"><img loading=\"lazy\" decoding=\"async\" width=\"1024\" height=\"578\" src=\"https:\/\/sincomavi.org.br\/wp-content\/uploads\/2021\/04\/REUNIAO-1024x578.jpg\" alt=\"\" class=\"wp-image-6036\" srcset=\"https:\/\/sincomavi.org.br\/wp-content\/uploads\/2021\/04\/REUNIAO-1024x578.jpg 1024w, https:\/\/sincomavi.org.br\/wp-content\/uploads\/2021\/04\/REUNIAO-300x169.jpg 300w, https:\/\/sincomavi.org.br\/wp-content\/uploads\/2021\/04\/REUNIAO-768x433.jpg 768w, https:\/\/sincomavi.org.br\/wp-content\/uploads\/2021\/04\/REUNIAO-744x420.jpg 744w, https:\/\/sincomavi.org.br\/wp-content\/uploads\/2021\/04\/REUNIAO-640x361.jpg 640w, https:\/\/sincomavi.org.br\/wp-content\/uploads\/2021\/04\/REUNIAO-681x384.jpg 681w, https:\/\/sincomavi.org.br\/wp-content\/uploads\/2021\/04\/REUNIAO.jpg 1356w\" sizes=\"auto, (max-width: 1024px) 100vw, 1024px\" \/><\/figure>\n\n\n\n<p>O secret\u00e1rio de Habita\u00e7\u00e3o se mostrou bastante sens\u00edvel aos problemas enfrentados pelo varejo de material de constru\u00e7\u00e3o, principalmente em rela\u00e7\u00e3o ao atendimento de casos emergenciais, e informou que o principal objetivo do governo estadual com a interrup\u00e7\u00e3o do atendimento presencial foi reduzir o volume de trabalhadores no transporte coletivo. Diante da queda registrada na \u00faltima semana de casos de Covid-19, a expectativa \u00e9 o retorno \u00e0 Fase Vermelha do Plano S\u00e3o Paulo, que dever\u00e1 ser anunciada nesta sexta-feira, 09 de abril, e a consequente autoriza\u00e7\u00e3o de reabertura do atendimento presencial pelo setor j\u00e1 no in\u00edcio da pr\u00f3xima semana.<\/p>\n\n\n\n<p>Caso tal expectativa n\u00e3o se confirme, Flavio Amary e Wilson Mello se comprometeram a marcar uma nova reuni\u00e3o para tentar encontrar solu\u00e7\u00f5es que atendam as necessidades do segmento e de seus consumidores.<\/p>\n\n\n\n<h4 class=\"wp-block-heading\">Aten\u00e7\u00e3o: take away n\u00e3o \u00e9 v\u00e1lido para o segmento<\/h4>\n\n\n\n<p>O encontro se mostrou ainda importante por esclarecer a permiss\u00e3o da retirada de produtos embalados na porta do ponto de venda (take away). Wilson Mello afirmou que a autoriza\u00e7\u00e3o foi elaborada especificamente para o com\u00e9rcio de alimentos, bares e restaurantes, sem previsibilidade de utiliza\u00e7\u00e3o por outros segmentos. De qualquer forma, ele se comprometeu a consultar a reda\u00e7\u00e3o da permiss\u00e3o concedida pelo Comit\u00ea Administrativo Extraordin\u00e1rio da COVID-19 e verificar uma poss\u00edvel ado\u00e7\u00e3o pelo varejo de material de constru\u00e7\u00e3o.<\/p>\n\n\n<style>.wp-block-kadence-spacer.kt-block-spacer-_b27bc9-ff .kt-block-spacer{height:60px;}.wp-block-kadence-spacer.kt-block-spacer-_b27bc9-ff .kt-divider{border-top-width:1px;height:1px;border-top-color:#eee;width:80%;border-top-style:solid;}<\/style>\n<div class=\"wp-block-kadence-spacer aligncenter kt-block-spacer-_b27bc9-ff\"><div class=\"kt-block-spacer kt-block-spacer-halign-center\" style=\"height:60px\"><hr class=\"kt-divider\" style=\"border-top-color:rgba(238, 238, 238, 1);border-top-width:1px;width:80%;border-top-style:solid\"\/><\/div><\/div>\n","protected":false},"excerpt":{"rendered":"<p>Foi realizada em 06 de abril, por iniciativa do Sincomavi, reuni\u00e3o online com Flavio Amary, secret\u00e1rio de Habita\u00e7\u00e3o do Governo do Estado de S\u00e3o Paulo. Em pauta, as dificuldades enfrentadas pelo segmento para o atendimento aos consumidores e formas de retomar as atividades dentro da normalidade. O encontro contou com a participa\u00e7\u00e3o de Reinaldo Pedro [&hellip;]<\/p>\n","protected":false},"author":1,"featured_media":6038,"comment_status":"closed","ping_status":"open","sticky":false,"template":"","format":"standard","meta":{"tdm_status":"","tdm_grid_status":"","footnotes":""},"categories":[157],"tags":[397],"class_list":["post-6035","post","type-post","status-publish","format-standard","has-post-thumbnail","hentry","category-alerta","tag-covid-19"],"amp_enabled":true,"_links":{"self":[{"href":"https:\/\/sincomavi.org.br\/index.php?rest_route=\/wp\/v2\/posts\/6035","targetHints":{"allow":["GET"]}}],"collection":[{"href":"https:\/\/sincomavi.org.br\/index.php?rest_route=\/wp\/v2\/posts"}],"about":[{"href":"https:\/\/sincomavi.org.br\/index.php?rest_route=\/wp\/v2\/types\/post"}],"author":[{"embeddable":true,"href":"https:\/\/sincomavi.org.br\/index.php?rest_route=\/wp\/v2\/users\/1"}],"replies":[{"embeddable":true,"href":"https:\/\/sincomavi.org.br\/index.php?rest_route=%2Fwp%2Fv2%2Fcomments&post=6035"}],"version-history":[{"count":3,"href":"https:\/\/sincomavi.org.br\/index.php?rest_route=\/wp\/v2\/posts\/6035\/revisions"}],"predecessor-version":[{"id":6051,"href":"https:\/\/sincomavi.org.br\/index.php?rest_route=\/wp\/v2\/posts\/6035\/revisions\/6051"}],"wp:featuredmedia":[{"embeddable":true,"href":"https:\/\/sincomavi.org.br\/index.php?rest_route=\/wp\/v2\/media\/6038"}],"wp:attachment":[{"href":"https:\/\/sincomavi.org.br\/index.php?rest_route=%2Fwp%2Fv2%2Fmedia&parent=6035"}],"wp:term":[{"taxonomy":"category","embeddable":true,"href":"https:\/\/sincomavi.org.br\/index.php?rest_route=%2Fwp%2Fv2%2Fcategories&post=6035"},{"taxonomy":"post_tag","embeddable":true,"href":"https:\/\/sincomavi.org.br\/index.php?rest_route=%2Fwp%2Fv2%2Ftags&post=6035"}],"curies":[{"name":"wp","href":"https:\/\/api.w.org\/{rel}","templated":true}]}}