{"id":6011,"date":"2021-03-26T14:54:16","date_gmt":"2021-03-26T17:54:16","guid":{"rendered":"https:\/\/sincomavi.org.br\/?p=6011"},"modified":"2021-03-26T14:54:51","modified_gmt":"2021-03-26T17:54:51","slug":"prorrogada-a-fase-emergencial-ate-11-de-abril","status":"publish","type":"post","link":"https:\/\/sincomavi.org.br\/?p=6011","title":{"rendered":"Prorrogada a Fase Emergencial at\u00e9 11 de abril"},"content":{"rendered":"<style>.wp-block-kadence-spacer.kt-block-spacer-_1afcc1-33 .kt-block-spacer{height:60px;}.wp-block-kadence-spacer.kt-block-spacer-_1afcc1-33 .kt-divider{border-top-width:1px;height:1px;border-top-color:#eee;width:80%;border-top-style:solid;}<\/style>\n<div class=\"wp-block-kadence-spacer aligncenter kt-block-spacer-_1afcc1-33\"><div class=\"kt-block-spacer kt-block-spacer-halign-center\" style=\"height:60px\"><hr class=\"kt-divider\" style=\"border-top-color:rgba(238, 238, 238, 1);border-top-width:1px;width:80%;border-top-style:solid\"\/><\/div><\/div>\n\n\n\n<p>26\/03\/2021 &#8211; O Governo de S\u00e3o Paulo, em entrevista coletiva, confirmou a prorroga\u00e7\u00e3o da fase emergencial de enfrentamento \u00e0 pandemia do coronav\u00edrus at\u00e9 o dia 11 de abril. As medidas est\u00e3o em vigor nas 645 cidades do estado para reduzir a circula\u00e7\u00e3o de pessoas e o aumento de casos e mortes por COVID-19, al\u00e9m de impedir o acesso a parques e praias. Qualquer tipo de aglomera\u00e7\u00e3o est\u00e1 proibido. O uso de m\u00e1scaras deve ser intensificado em qualquer ambiente interno ou externo de acesso p\u00fablico.<\/p>\n\n\n\n<p>Para refor\u00e7ar o distanciamento social e reduzir a circula\u00e7\u00e3o urbana, a fase emergencial aumenta restri\u00e7\u00f5es de algumas atividades comerciais autorizadas na etapa vermelha do Plano S\u00e3o Paulo. Nessa fase emergencial ficou proibido o atendimento presencial em lojas de material de constru\u00e7\u00e3o, que s\u00f3 podem fazer entregas a clientes dentro de ve\u00edculos (drive thru), entre 5h e 20h, ou por entrega em sistema delivery por telefone ou aplicativo durante as 24 horas.<\/p>\n\n\n\n<p>O teletrabalho \u00e9 obrigat\u00f3rio para todas as atividades administrativas n\u00e3o essenciais do servi\u00e7o p\u00fablico e tamb\u00e9m na iniciativa privada. Todas as medidas visam reduzir a circula\u00e7\u00e3o de ao menos 4 milh\u00f5es de pessoas por meio das restri\u00e7\u00f5es adicionais.<\/p>\n\n\n\n<p>O Governo do Estado tamb\u00e9m refor\u00e7a a recomenda\u00e7\u00e3o ao escalonamento de hor\u00e1rios de entrada de trabalhadores de atividades essenciais para evitar aglomera\u00e7\u00f5es no transporte p\u00fablico. O hor\u00e1rio indicado para o com\u00e9rcio \u00e9: entrada das 9h \u00e0s 11h e sa\u00edda das 18h \u00e0s 20h.<\/p>\n\n\n\n<h4 class=\"wp-block-heading\">Importante<\/h4>\n\n\n\n<p>Vale a pena esclarecer que, em resposta ao pedido de relaxamento, integral ou parcial, da Fase Emergencial para o setor, feito pelo Sincomavi junto ao Governo do Estado de S\u00e3o Paulo, foi recebido of\u00edcio resposta do Comit\u00ea Administrativo Extraordin\u00e1rio COVID-19, em que \u00e9 dito textualmente:<\/p>\n\n\n\n<p><em>&#8220;Informamos que a solicita\u00e7\u00e3o foi encaminhada para conhecimentos das \u00e1reas t\u00e9cnicas competentes&#8221;.<\/em><\/p>\n\n\n\n<p>O Sincomavi, al\u00e9m de aguardar essa decis\u00e3o, continua analisando todas as medidas capazes de diminuir o impacto sobre o setor.<\/p>\n\n\n\n<p>Outras atualiza\u00e7\u00f5es sobre o tema, em caso de eventual publica\u00e7\u00e3o de texto legal que modifique o presente comunicado, ser\u00e3o aqui divulgadas.<\/p>\n\n\n\n<p><strong>Fonte: <a rel=\"noreferrer noopener\" href=\"https:\/\/www.saopaulo.sp.gov.br\/noticias-coronavirus\/sp-prorroga-fase-emergencial-de-combate-a-pandemia-ate-11-de-abril-2\/\" target=\"_blank\">Portal do Governo do Estado de S\u00e3o Paulo<\/a><\/strong><br>26\/03\/2021 \u2013 14h12<\/p>\n\n\n<style>.wp-block-kadence-spacer.kt-block-spacer-_78e0a5-16 .kt-block-spacer{height:60px;}.wp-block-kadence-spacer.kt-block-spacer-_78e0a5-16 .kt-divider{border-top-width:1px;height:1px;border-top-color:#eee;width:80%;border-top-style:solid;}<\/style>\n<div class=\"wp-block-kadence-spacer aligncenter kt-block-spacer-_78e0a5-16\"><div class=\"kt-block-spacer kt-block-spacer-halign-center\" style=\"height:60px\"><hr class=\"kt-divider\" style=\"border-top-color:rgba(238, 238, 238, 1);border-top-width:1px;width:80%;border-top-style:solid\"\/><\/div><\/div>\n","protected":false},"excerpt":{"rendered":"<p>26\/03\/2021 &#8211; O Governo de S\u00e3o Paulo, em entrevista coletiva, confirmou a prorroga\u00e7\u00e3o da fase emergencial de enfrentamento \u00e0 pandemia do coronav\u00edrus at\u00e9 o dia 11 de abril. As medidas est\u00e3o em vigor nas 645 cidades do estado para reduzir a circula\u00e7\u00e3o de pessoas e o aumento de casos e mortes por COVID-19, al\u00e9m de [&hellip;]<\/p>\n","protected":false},"author":1,"featured_media":6012,"comment_status":"closed","ping_status":"open","sticky":false,"template":"","format":"standard","meta":{"tdm_status":"","tdm_grid_status":"","footnotes":""},"categories":[157],"tags":[199,349,397,675,662,158,588,358,200],"class_list":["post-6011","post","type-post","status-publish","format-standard","has-post-thumbnail","hentry","category-alerta","tag-comercio","tag-coronavirus","tag-covid-19","tag-fase-emergencial","tag-fase-vermelha","tag-material-de-construcao","tag-plano-sao-paulo","tag-quarentena","tag-varejo"],"amp_enabled":true,"_links":{"self":[{"href":"https:\/\/sincomavi.org.br\/index.php?rest_route=\/wp\/v2\/posts\/6011","targetHints":{"allow":["GET"]}}],"collection":[{"href":"https:\/\/sincomavi.org.br\/index.php?rest_route=\/wp\/v2\/posts"}],"about":[{"href":"https:\/\/sincomavi.org.br\/index.php?rest_route=\/wp\/v2\/types\/post"}],"author":[{"embeddable":true,"href":"https:\/\/sincomavi.org.br\/index.php?rest_route=\/wp\/v2\/users\/1"}],"replies":[{"embeddable":true,"href":"https:\/\/sincomavi.org.br\/index.php?rest_route=%2Fwp%2Fv2%2Fcomments&post=6011"}],"version-history":[{"count":2,"href":"https:\/\/sincomavi.org.br\/index.php?rest_route=\/wp\/v2\/posts\/6011\/revisions"}],"predecessor-version":[{"id":6014,"href":"https:\/\/sincomavi.org.br\/index.php?rest_route=\/wp\/v2\/posts\/6011\/revisions\/6014"}],"wp:featuredmedia":[{"embeddable":true,"href":"https:\/\/sincomavi.org.br\/index.php?rest_route=\/wp\/v2\/media\/6012"}],"wp:attachment":[{"href":"https:\/\/sincomavi.org.br\/index.php?rest_route=%2Fwp%2Fv2%2Fmedia&parent=6011"}],"wp:term":[{"taxonomy":"category","embeddable":true,"href":"https:\/\/sincomavi.org.br\/index.php?rest_route=%2Fwp%2Fv2%2Fcategories&post=6011"},{"taxonomy":"post_tag","embeddable":true,"href":"https:\/\/sincomavi.org.br\/index.php?rest_route=%2Fwp%2Fv2%2Ftags&post=6011"}],"curies":[{"name":"wp","href":"https:\/\/api.w.org\/{rel}","templated":true}]}}