{"id":5958,"date":"2021-03-18T20:37:54","date_gmt":"2021-03-18T23:37:54","guid":{"rendered":"https:\/\/sincomavi.org.br\/?p=5958"},"modified":"2021-03-18T20:38:53","modified_gmt":"2021-03-18T23:38:53","slug":"prefeitura-de-sao-paulo-novas-medidas-de-combate-a-covid-19","status":"publish","type":"post","link":"https:\/\/sincomavi.org.br\/?p=5958","title":{"rendered":"Prefeitura de S\u00e3o Paulo: novas medidas de combate \u00e0 Covid-19"},"content":{"rendered":"<style>.wp-block-kadence-spacer.kt-block-spacer-_8b1831-0e .kt-block-spacer{height:60px;}.wp-block-kadence-spacer.kt-block-spacer-_8b1831-0e .kt-divider{border-top-width:1px;height:1px;border-top-color:#eee;width:80%;border-top-style:solid;}<\/style>\n<div class=\"wp-block-kadence-spacer aligncenter kt-block-spacer-_8b1831-0e\"><div class=\"kt-block-spacer kt-block-spacer-halign-center\" style=\"height:60px\"><hr class=\"kt-divider\" style=\"border-top-color:rgba(238, 238, 238, 1);border-top-width:1px;width:80%;border-top-style:solid\"\/><\/div><\/div>\n\n\n\n<p>18\/03\/21 | A Prefeitura de S\u00e3o Paulo anunciou, em entrevista coletiva, v\u00e1rias medidas para tentar conter a escalada da pandemia na cidade e evitar o colapso das redes p\u00fablica e privada de sa\u00fade. Entre as que interessam ao setor representado pelo Sincomavi destacam-se:<\/p>\n\n\n\n<ul class=\"wp-block-list\"><li>Cinco feriados municipais (Corpus Christi\u201303\/06\/21, Consci\u00eancia Negra\u201320\/11\/21, Anivers\u00e1rio da cidade \u201325\/01\/22, Corpus Christi\u201316\/06\/22 e Consci\u00eancia Negra\u201320\/11\/22) ser\u00e3o antecipados e dever\u00e3o ser observados nos dias 26, 29, 30 e 31 de mar\u00e7o e dia 1\u00b0 de abril.<\/li><\/ul>\n\n\n\n<ul class=\"wp-block-list\"><li>Em raz\u00e3o dessa medida, as empresas que eventualmente decidirem convocar seus empregados para trabalhar nos dias acima, apesar das outras restri\u00e7\u00f5es a respeito, dever\u00e3o trat\u00e1-los como feriados, tendo que observar todas as contrapartidas previstas nas respectivas cl\u00e1usulas da Conven\u00e7\u00e3o Coletiva de Trabalho 2019\/2020, cuja prorroga\u00e7\u00e3o continua em vigor.<\/li><\/ul>\n\n\n\n<ul class=\"wp-block-list\"><li>Complementando o pronunciamento, a Secretaria Municipal de Mobilidade e Transportes (SMT) e a Companhia de Engenharia de Tr\u00e1fego (CET) informaram que, durante a fase emergencial, o Rod\u00edzio Municipal de Ve\u00edculos passa a vigorar em novo hor\u00e1rio, das 20h00 \u00e0s 05h00 do dia seguinte, a partir da pr\u00f3xima segunda-feira (22\/03\/21).<\/li><\/ul>\n\n\n\n<ul class=\"wp-block-list\"><li>Em raz\u00e3o disso, a partir de 22\/03\/21 fica suspenso o funcionamento do rod\u00edzio em seu hor\u00e1rio tradicional: das 07h00 \u00e0s 10h00 e das 17h00 \u00e0s 20h00.<\/li><\/ul>\n\n\n\n<ul class=\"wp-block-list\"><li>Durante o rod\u00edzio, os ve\u00edculos ficam impedidos de circular no Centro Expandido, de acordo com a seguinte escala:<\/li><\/ul>\n\n\n\n<p><strong>Final de placa &#8211; dia da semana<\/strong><\/p>\n\n\n\n<p>1 e 2 &#8211; das 20h de segunda-feira \u00e0s 5h de ter\u00e7a<\/p>\n\n\n\n<p>3 e 4 &#8211; das 20h de ter\u00e7a-feira \u00e0s 5h de quarta<\/p>\n\n\n\n<p>5 e 6 &#8211; das 20h de quarta-feira \u00e0s 5h de quinta<\/p>\n\n\n\n<p>7 e 8 &#8211; das 20h de quinta-feira \u00e0s 5h de sexta<\/p>\n\n\n\n<p>9 e 0 &#8211; das 20h de sexta-feira \u00e0s 5h de s\u00e1bado<\/p>\n\n\n\n<ul class=\"wp-block-list\"><li>O rod\u00edzio noturno vigorar\u00e1 inclusive em feriados, ficando mantidos o funcionamento da Zona Azul e o hor\u00e1rio das demais restri\u00e7\u00f5es existentes na cidade: Zona de M\u00e1xima Restri\u00e7\u00e3o \u00e0 Circula\u00e7\u00e3o de Caminh\u00f5es (ZMRC) e a Zona de M\u00e1xima Restri\u00e7\u00e3o aos Fretados (ZMRF).<\/li><\/ul>\n\n\n\n<ul class=\"wp-block-list\"><li>Foi feito ainda um alerta: transitar em locais e hor\u00e1rios n\u00e3o permitidos pela regulamenta\u00e7\u00e3o prevista no C\u00f3digo de Tr\u00e2nsito Brasileiro implica em infra\u00e7\u00e3o de tr\u00e2nsito de n\u00edvel m\u00e9dio, resultando em multa no valor de R$ 130,16 e acr\u00e9scimo de 4 (quatro) pontos no prontu\u00e1rio do motorista.- Foi feito ainda um alerta: transitar em locais e hor\u00e1rios n\u00e3o permitidos pela regulamenta\u00e7\u00e3o prevista no C\u00f3digo de Tr\u00e2nsito Brasileiro implica em infra\u00e7\u00e3o de tr\u00e2nsito de n\u00edvel m\u00e9dio, resultando em multa no valor de R$ 130,16 e acr\u00e9scimo de 4 (quatro) pontos no prontu\u00e1rio do motorista.<\/li><\/ul>\n\n\n\n<ul class=\"wp-block-list\"><li>Essas medidas foram tomadas pela Prefeitura da Capital e valem s\u00f3 em seu territ\u00f3rio. \u00c9 preciso lembrar que outros munic\u00edpios tamb\u00e9m poder\u00e3o tomar medidas semelhantes ou de outra natureza para as empresas que est\u00e3o l\u00e1 estabelecidas.<\/li><\/ul>\n\n\n\n<p><strong>Fonte: Secretaria Especial de Comunica\u00e7\u00e3o da PMSP<br><a rel=\"noreferrer noopener\" href=\"http:\/\/www.capital.sp.gov.br\/noticia\/prefeitura-antecipa-feriados-para-estimular-isolamento-social-conter-pandemia-e-evitar-colapso-dos-sistemas-publico-e-privado-em-sp\" target=\"_blank\">Link 1<\/a><br><a rel=\"noreferrer noopener\" href=\"http:\/\/www.capital.sp.gov.br\/noticia\/rodizio-municipal-de-veiculos-vigora-em-novo-horario-a-partir-de-segunda-feira-22\" target=\"_blank\">Link 2<\/a><\/strong><\/p>\n\n\n<style>.wp-block-kadence-spacer.kt-block-spacer-_2af046-60 .kt-block-spacer{height:60px;}.wp-block-kadence-spacer.kt-block-spacer-_2af046-60 .kt-divider{border-top-width:1px;height:1px;border-top-color:#eee;width:80%;border-top-style:solid;}<\/style>\n<div class=\"wp-block-kadence-spacer aligncenter kt-block-spacer-_2af046-60\"><div class=\"kt-block-spacer kt-block-spacer-halign-center\" style=\"height:60px\"><hr class=\"kt-divider\" style=\"border-top-color:rgba(238, 238, 238, 1);border-top-width:1px;width:80%;border-top-style:solid\"\/><\/div><\/div>\n","protected":false},"excerpt":{"rendered":"<p>18\/03\/21 | A Prefeitura de S\u00e3o Paulo anunciou, em entrevista coletiva, v\u00e1rias medidas para tentar conter a escalada da pandemia na cidade e evitar o colapso das redes p\u00fablica e privada de sa\u00fade. Entre as que interessam ao setor representado pelo Sincomavi destacam-se: Cinco feriados municipais (Corpus Christi\u201303\/06\/21, Consci\u00eancia Negra\u201320\/11\/21, Anivers\u00e1rio da cidade \u201325\/01\/22, Corpus [&hellip;]<\/p>\n","protected":false},"author":1,"featured_media":5959,"comment_status":"closed","ping_status":"open","sticky":false,"template":"","format":"standard","meta":{"tdm_status":"","tdm_grid_status":"","footnotes":""},"categories":[157],"tags":[547,538,349,397,247],"class_list":["post-5958","post","type-post","status-publish","format-standard","has-post-thumbnail","hentry","category-alerta","tag-antecipacao-feriados","tag-capital","tag-coronavirus","tag-covid-19","tag-pmsp"],"amp_enabled":true,"_links":{"self":[{"href":"https:\/\/sincomavi.org.br\/index.php?rest_route=\/wp\/v2\/posts\/5958","targetHints":{"allow":["GET"]}}],"collection":[{"href":"https:\/\/sincomavi.org.br\/index.php?rest_route=\/wp\/v2\/posts"}],"about":[{"href":"https:\/\/sincomavi.org.br\/index.php?rest_route=\/wp\/v2\/types\/post"}],"author":[{"embeddable":true,"href":"https:\/\/sincomavi.org.br\/index.php?rest_route=\/wp\/v2\/users\/1"}],"replies":[{"embeddable":true,"href":"https:\/\/sincomavi.org.br\/index.php?rest_route=%2Fwp%2Fv2%2Fcomments&post=5958"}],"version-history":[{"count":4,"href":"https:\/\/sincomavi.org.br\/index.php?rest_route=\/wp\/v2\/posts\/5958\/revisions"}],"predecessor-version":[{"id":6332,"href":"https:\/\/sincomavi.org.br\/index.php?rest_route=\/wp\/v2\/posts\/5958\/revisions\/6332"}],"wp:featuredmedia":[{"embeddable":true,"href":"https:\/\/sincomavi.org.br\/index.php?rest_route=\/wp\/v2\/media\/5959"}],"wp:attachment":[{"href":"https:\/\/sincomavi.org.br\/index.php?rest_route=%2Fwp%2Fv2%2Fmedia&parent=5958"}],"wp:term":[{"taxonomy":"category","embeddable":true,"href":"https:\/\/sincomavi.org.br\/index.php?rest_route=%2Fwp%2Fv2%2Fcategories&post=5958"},{"taxonomy":"post_tag","embeddable":true,"href":"https:\/\/sincomavi.org.br\/index.php?rest_route=%2Fwp%2Fv2%2Ftags&post=5958"}],"curies":[{"name":"wp","href":"https:\/\/api.w.org\/{rel}","templated":true}]}}