{"id":5949,"date":"2021-03-16T13:11:55","date_gmt":"2021-03-16T16:11:55","guid":{"rendered":"https:\/\/sincomavi.org.br\/?p=5949"},"modified":"2021-03-16T13:14:15","modified_gmt":"2021-03-16T16:14:15","slug":"webinar-discute-o-manifesto-de-transporte-de-residuos-da-construcao-civil","status":"publish","type":"post","link":"https:\/\/sincomavi.org.br\/?p=5949","title":{"rendered":"Webinar discute o manifesto de transporte de res\u00edduos da constru\u00e7\u00e3o civil"},"content":{"rendered":"<style>.wp-block-kadence-spacer.kt-block-spacer-_c14f9d-5c .kt-block-spacer{height:60px;}.wp-block-kadence-spacer.kt-block-spacer-_c14f9d-5c .kt-divider{border-top-width:1px;height:1px;border-top-color:#eee;width:80%;border-top-style:solid;}<\/style>\n<div class=\"wp-block-kadence-spacer aligncenter kt-block-spacer-_c14f9d-5c\"><div class=\"kt-block-spacer kt-block-spacer-halign-center\" style=\"height:60px\"><hr class=\"kt-divider\" style=\"border-top-color:rgba(238, 238, 238, 1);border-top-width:1px;width:80%;border-top-style:solid\"\/><\/div><\/div>\n\n\n\n<p>O Sindicato da Ind\u00fastria da Constru\u00e7\u00e3o Civil do Estado de S\u00e3o Paulo (SinduCon-SP), realizar\u00e1, em 23 de mar\u00e7o de 2021, das 16h30 \u00e0s 18h, o webin\u00e1rio gratuito \u201cRes\u00edduos da Constru\u00e7\u00e3o Civil \u2013 Orienta\u00e7\u00f5es: Manifesto de Transporte de Res\u00edduos \u2013 MTR &#8211; Integra\u00e7\u00e3o com o Sistema Estadual &#8211; SIGOR MTR\u201d. A transmiss\u00e3o ser\u00e1 pelo canal do SindusCon-SP no YouTube e as inscri\u00e7\u00f5es podem ser feitas no seguinte link: <a href=\"http:\/\/bit.ly\/3rUFyST\" target=\"_blank\" rel=\"noreferrer noopener\"><strong>http:\/\/bit.ly\/3rUFyST<\/strong><\/a>. O principal objetivo do evento \u00e9 repassar os principais pontos do sistema de Transporte de Res\u00edduos \u2013 MTR, institu\u00eddo pela Portaria do Minist\u00e9rio do Meio Ambiente n\u00ba 280\/2020 e discutir os impactos no setor.<\/p>\n\n\n\n<p>Al\u00e9m de Odair Garcia Senra, presidente do SindusCon-SP, a programa\u00e7\u00e3o contar\u00e1 com a participa\u00e7\u00e3o de Patr\u00edcia Iglecias, diretora-presidente da Companhia Ambiental do Estado de S\u00e3o Paulo \u2013 Cetesb, Odilon G. Amado Jr., diretor Regional Sul da Associa\u00e7\u00e3o Brasileira de Empresas de Tratamento de Res\u00edduos e Efluentes \u2013 Abetre, Di\u00f3genes Del Bel, assessor da Presid\u00eancia da Abetre, e Jo\u00e3o Luiz Potenza, assistente Executivo da Presid\u00eancia da Cetesb.<\/p>\n\n\n\n<p>O webin\u00e1rio \u201cRes\u00edduos da Constru\u00e7\u00e3o Civil \u2013 Orienta\u00e7\u00f5es: Manifesto de Transporte de Res\u00edduos \u2013 MTR\u201d conta com o apoio do Sincomavi, Abece, Abrainc, Abrinstal, Apemec, CB-02 Comit\u00ea Brasileiro da Constru\u00e7\u00e3o Civil, CBCS \u2013 Conselho Brasileiro de Constru\u00e7\u00e3o Sustent\u00e1vel, Pro Ac\u00fastica e Secovi.<\/p>\n\n\n\n<p>Mais informa\u00e7\u00f5es podem ser obtidas no site do SindusCon-SP.<\/p>\n\n\n<style>.wp-block-kadence-advancedbtn.kb-btns_bc730c-d2{gap:var(--global-kb-gap-xs, 0.5rem );justify-content:center;align-items:center;}.kt-btns_bc730c-d2 .kt-button{font-weight:normal;font-style:normal;}.kt-btns_bc730c-d2 .kt-btn-wrap-0{margin-right:5px;}.wp-block-kadence-advancedbtn.kt-btns_bc730c-d2 .kt-btn-wrap-0 .kt-button{color:#555555;border-color:#555555;}.wp-block-kadence-advancedbtn.kt-btns_bc730c-d2 .kt-btn-wrap-0 .kt-button:hover, .wp-block-kadence-advancedbtn.kt-btns_bc730c-d2 .kt-btn-wrap-0 .kt-button:focus{color:#ffffff;border-color:#444444;}.wp-block-kadence-advancedbtn.kt-btns_bc730c-d2 .kt-btn-wrap-0 .kt-button::before{display:none;}.wp-block-kadence-advancedbtn.kt-btns_bc730c-d2 .kt-btn-wrap-0 .kt-button:hover, .wp-block-kadence-advancedbtn.kt-btns_bc730c-d2 .kt-btn-wrap-0 .kt-button:focus{background:#444444;}<\/style>\n<div class=\"wp-block-kadence-advancedbtn kt-btn-align-center kt-btn-tablet-align-inherit kt-btn-mobile-align-inherit kt-btns-wrap kt-btns_bc730c-d2\"><div class=\"kt-btn-wrap kt-btn-wrap-0\"><a class=\"kt-button button kt-btn-0-action kt-btn-size-standard kt-btn-style-basic kt-btn-svg-show-always kt-btn-has-text-true kt-btn-has-svg-false\" href=\"https:\/\/sindusconsp.com.br\/acontece\/webinar-residuos-da-construcao-civil-treinamento-sistema-de-transporte-de-residuos-mtr-integracao-com-o-sistema-estadual-sigor-mtr\/\" target=\"_blank\" rel=\"noreferrer noopener\"><span class=\"kt-btn-inner-text\">CLIQUE AQUI<\/span><\/a><\/div><\/div>\n\n\n<style>.wp-block-kadence-spacer.kt-block-spacer-_6f1d91-60 .kt-block-spacer{height:60px;}.wp-block-kadence-spacer.kt-block-spacer-_6f1d91-60 .kt-divider{border-top-width:1px;height:1px;border-top-color:#eee;width:80%;border-top-style:solid;}<\/style>\n<div class=\"wp-block-kadence-spacer aligncenter kt-block-spacer-_6f1d91-60\"><div class=\"kt-block-spacer kt-block-spacer-halign-center\" style=\"height:60px\"><hr class=\"kt-divider\" style=\"border-top-color:rgba(238, 238, 238, 1);border-top-width:1px;width:80%;border-top-style:solid\"\/><\/div><\/div>\n","protected":false},"excerpt":{"rendered":"<p>O Sindicato da Ind\u00fastria da Constru\u00e7\u00e3o Civil do Estado de S\u00e3o Paulo (SinduCon-SP), realizar\u00e1, em 23 de mar\u00e7o de 2021, das 16h30 \u00e0s 18h, o webin\u00e1rio gratuito \u201cRes\u00edduos da Constru\u00e7\u00e3o Civil \u2013 Orienta\u00e7\u00f5es: Manifesto de Transporte de Res\u00edduos \u2013 MTR &#8211; Integra\u00e7\u00e3o com o Sistema Estadual &#8211; SIGOR MTR\u201d. A transmiss\u00e3o ser\u00e1 pelo canal do [&hellip;]<\/p>\n","protected":false},"author":1,"featured_media":5950,"comment_status":"closed","ping_status":"open","sticky":false,"template":"","format":"standard","meta":{"tdm_status":"","tdm_grid_status":"","footnotes":""},"categories":[153],"tags":[618,181,667,459],"class_list":["post-5949","post","type-post","status-publish","format-standard","has-post-thumbnail","hentry","category-noticias","tag-construcao-civil","tag-evento","tag-sinduscon-sp","tag-webinario"],"amp_enabled":true,"_links":{"self":[{"href":"https:\/\/sincomavi.org.br\/index.php?rest_route=\/wp\/v2\/posts\/5949","targetHints":{"allow":["GET"]}}],"collection":[{"href":"https:\/\/sincomavi.org.br\/index.php?rest_route=\/wp\/v2\/posts"}],"about":[{"href":"https:\/\/sincomavi.org.br\/index.php?rest_route=\/wp\/v2\/types\/post"}],"author":[{"embeddable":true,"href":"https:\/\/sincomavi.org.br\/index.php?rest_route=\/wp\/v2\/users\/1"}],"replies":[{"embeddable":true,"href":"https:\/\/sincomavi.org.br\/index.php?rest_route=%2Fwp%2Fv2%2Fcomments&post=5949"}],"version-history":[{"count":4,"href":"https:\/\/sincomavi.org.br\/index.php?rest_route=\/wp\/v2\/posts\/5949\/revisions"}],"predecessor-version":[{"id":5954,"href":"https:\/\/sincomavi.org.br\/index.php?rest_route=\/wp\/v2\/posts\/5949\/revisions\/5954"}],"wp:featuredmedia":[{"embeddable":true,"href":"https:\/\/sincomavi.org.br\/index.php?rest_route=\/wp\/v2\/media\/5950"}],"wp:attachment":[{"href":"https:\/\/sincomavi.org.br\/index.php?rest_route=%2Fwp%2Fv2%2Fmedia&parent=5949"}],"wp:term":[{"taxonomy":"category","embeddable":true,"href":"https:\/\/sincomavi.org.br\/index.php?rest_route=%2Fwp%2Fv2%2Fcategories&post=5949"},{"taxonomy":"post_tag","embeddable":true,"href":"https:\/\/sincomavi.org.br\/index.php?rest_route=%2Fwp%2Fv2%2Ftags&post=5949"}],"curies":[{"name":"wp","href":"https:\/\/api.w.org\/{rel}","templated":true}]}}