{"id":5938,"date":"2021-03-15T12:51:50","date_gmt":"2021-03-15T15:51:50","guid":{"rendered":"https:\/\/sincomavi.org.br\/?p=5938"},"modified":"2021-03-15T12:52:52","modified_gmt":"2021-03-15T15:52:52","slug":"sincomavi-solicita-reabertura-das-lojas-do-setor","status":"publish","type":"post","link":"https:\/\/sincomavi.org.br\/?p=5938","title":{"rendered":"Sincomavi solicita reabertura das lojas do setor"},"content":{"rendered":"<style>.wp-block-kadence-spacer.kt-block-spacer-_1fe870-ba .kt-block-spacer{height:60px;}.wp-block-kadence-spacer.kt-block-spacer-_1fe870-ba .kt-divider{border-top-width:1px;height:1px;border-top-color:#eee;width:80%;border-top-style:solid;}<\/style>\n<div class=\"wp-block-kadence-spacer aligncenter kt-block-spacer-_1fe870-ba\"><div class=\"kt-block-spacer kt-block-spacer-halign-center\" style=\"height:60px\"><hr class=\"kt-divider\" style=\"border-top-color:rgba(238, 238, 238, 1);border-top-width:1px;width:80%;border-top-style:solid\"\/><\/div><\/div>\n\n\n\n<p>Of\u00edcio enviado hoje, 15 de mar\u00e7o de 2021, destinado ao governo do Estado de S\u00e3o Paulo e \u00e0 coordena\u00e7\u00e3o do Centro de Conting\u00eancia do Coronav\u00edrus, refor\u00e7a a necessidade de reabertura dos com\u00e9rcios do segmento em raz\u00e3o do servi\u00e7o emergencial prestado pela categoria \u00e0 popula\u00e7\u00e3o.<\/p>\n\n\n\n<p>No documento, o Sincomavi refor\u00e7a que boa parte das vendas realizadas se dirigem a repara\u00e7\u00e3o e manuten\u00e7\u00e3o de casas, estabelecimentos comerciais e, inclusive, cl\u00ednicas e hospitais, garantindo o funcionamento e a seguran\u00e7a de moradores e usu\u00e1rios.<\/p>\n\n\n\n<p>A restri\u00e7\u00e3o estabelecida pelo decreto 65.563, de 12 de mar\u00e7o de 2021, permitindo \u00e0s lojas de material de constru\u00e7\u00e3o a entrega somente via drive-thru e delivery, imp\u00f5e s\u00e9rias dificuldades para o atendimento com urg\u00eancia da popula\u00e7\u00e3o em raz\u00e3o do volume e peso dos itens comercializados pelo segmento. O sistema log\u00edstico brasileiro, sobretudo o delivery, est\u00e1 sobrecarregado desde o in\u00edcio da pandemia, inviabilizando dessa forma o abastecimento r\u00e1pido da popula\u00e7\u00e3o.<\/p>\n\n\n\n<p>O Sincomavi solicitou ao governo do estado a abertura do setor nas condi\u00e7\u00f5es previstas na Fase Vermelha do Plano S\u00e3o Paulo ou, no m\u00ednimo, por um per\u00edodo de seis horas.<\/p>\n\n\n\n<p>Veja o conte\u00fado completo do of\u00edcio na reprodu\u00e7\u00e3o abaixo.<\/p>\n\n\n\n<div class=\"wp-block-image\"><figure class=\"aligncenter size-large\"><img loading=\"lazy\" decoding=\"async\" width=\"724\" height=\"1024\" src=\"https:\/\/sincomavi.org.br\/wp-content\/uploads\/2021\/03\/MAIS-0001-724x1024.png\" alt=\"\" class=\"wp-image-5939\" srcset=\"https:\/\/sincomavi.org.br\/wp-content\/uploads\/2021\/03\/MAIS-0001-724x1024.png 724w, https:\/\/sincomavi.org.br\/wp-content\/uploads\/2021\/03\/MAIS-0001-212x300.png 212w, https:\/\/sincomavi.org.br\/wp-content\/uploads\/2021\/03\/MAIS-0001-768x1086.png 768w, https:\/\/sincomavi.org.br\/wp-content\/uploads\/2021\/03\/MAIS-0001-297x420.png 297w, https:\/\/sincomavi.org.br\/wp-content\/uploads\/2021\/03\/MAIS-0001-640x905.png 640w, https:\/\/sincomavi.org.br\/wp-content\/uploads\/2021\/03\/MAIS-0001-681x963.png 681w, https:\/\/sincomavi.org.br\/wp-content\/uploads\/2021\/03\/MAIS-0001.png 992w\" sizes=\"auto, (max-width: 724px) 100vw, 724px\" \/><\/figure><\/div>\n\n\n<style>.wp-block-kadence-spacer.kt-block-spacer-_6894fe-bf .kt-block-spacer{height:60px;}.wp-block-kadence-spacer.kt-block-spacer-_6894fe-bf .kt-divider{border-top-width:1px;height:1px;border-top-color:#eee;width:80%;border-top-style:solid;}<\/style>\n<div class=\"wp-block-kadence-spacer aligncenter kt-block-spacer-_6894fe-bf\"><div class=\"kt-block-spacer kt-block-spacer-halign-center\" style=\"height:60px\"><hr class=\"kt-divider\" style=\"border-top-color:rgba(238, 238, 238, 1);border-top-width:1px;width:80%;border-top-style:solid\"\/><\/div><\/div>\n","protected":false},"excerpt":{"rendered":"<p>Of\u00edcio enviado hoje, 15 de mar\u00e7o de 2021, destinado ao governo do Estado de S\u00e3o Paulo e \u00e0 coordena\u00e7\u00e3o do Centro de Conting\u00eancia do Coronav\u00edrus, refor\u00e7a a necessidade de reabertura dos com\u00e9rcios do segmento em raz\u00e3o do servi\u00e7o emergencial prestado pela categoria \u00e0 popula\u00e7\u00e3o. No documento, o Sincomavi refor\u00e7a que boa parte das vendas realizadas [&hellip;]<\/p>\n","protected":false},"author":1,"featured_media":5940,"comment_status":"closed","ping_status":"open","sticky":false,"template":"","format":"standard","meta":{"tdm_status":"","tdm_grid_status":"","footnotes":""},"categories":[157],"tags":[349,397,402,267,588],"class_list":["post-5938","post","type-post","status-publish","format-standard","has-post-thumbnail","hentry","category-alerta","tag-coronavirus","tag-covid-19","tag-governo-estadual","tag-oficio","tag-plano-sao-paulo"],"amp_enabled":true,"_links":{"self":[{"href":"https:\/\/sincomavi.org.br\/index.php?rest_route=\/wp\/v2\/posts\/5938","targetHints":{"allow":["GET"]}}],"collection":[{"href":"https:\/\/sincomavi.org.br\/index.php?rest_route=\/wp\/v2\/posts"}],"about":[{"href":"https:\/\/sincomavi.org.br\/index.php?rest_route=\/wp\/v2\/types\/post"}],"author":[{"embeddable":true,"href":"https:\/\/sincomavi.org.br\/index.php?rest_route=\/wp\/v2\/users\/1"}],"replies":[{"embeddable":true,"href":"https:\/\/sincomavi.org.br\/index.php?rest_route=%2Fwp%2Fv2%2Fcomments&post=5938"}],"version-history":[{"count":2,"href":"https:\/\/sincomavi.org.br\/index.php?rest_route=\/wp\/v2\/posts\/5938\/revisions"}],"predecessor-version":[{"id":5942,"href":"https:\/\/sincomavi.org.br\/index.php?rest_route=\/wp\/v2\/posts\/5938\/revisions\/5942"}],"wp:featuredmedia":[{"embeddable":true,"href":"https:\/\/sincomavi.org.br\/index.php?rest_route=\/wp\/v2\/media\/5940"}],"wp:attachment":[{"href":"https:\/\/sincomavi.org.br\/index.php?rest_route=%2Fwp%2Fv2%2Fmedia&parent=5938"}],"wp:term":[{"taxonomy":"category","embeddable":true,"href":"https:\/\/sincomavi.org.br\/index.php?rest_route=%2Fwp%2Fv2%2Fcategories&post=5938"},{"taxonomy":"post_tag","embeddable":true,"href":"https:\/\/sincomavi.org.br\/index.php?rest_route=%2Fwp%2Fv2%2Ftags&post=5938"}],"curies":[{"name":"wp","href":"https:\/\/api.w.org\/{rel}","templated":true}]}}