{"id":5893,"date":"2021-03-11T14:40:38","date_gmt":"2021-03-11T17:40:38","guid":{"rendered":"https:\/\/sincomavi.org.br\/?p=5893"},"modified":"2021-03-12T11:45:42","modified_gmt":"2021-03-12T14:45:42","slug":"atencao-fase-emergencial-do-plano-sao-paulo","status":"publish","type":"post","link":"https:\/\/sincomavi.org.br\/?p=5893","title":{"rendered":"Estado de S\u00e3o Paulo: Fase Emergencial"},"content":{"rendered":"<style>.wp-block-kadence-spacer.kt-block-spacer-_79cd0a-ff .kt-block-spacer{height:60px;}.wp-block-kadence-spacer.kt-block-spacer-_79cd0a-ff .kt-divider{border-top-width:1px;height:1px;border-top-color:#eee;width:80%;border-top-style:solid;}<\/style>\n<div class=\"wp-block-kadence-spacer aligncenter kt-block-spacer-_79cd0a-ff\"><div class=\"kt-block-spacer kt-block-spacer-halign-center\" style=\"height:60px\"><hr class=\"kt-divider\" style=\"border-top-color:rgba(238, 238, 238, 1);border-top-width:1px;width:80%;border-top-style:solid\"\/><\/div><\/div>\n\n\n\n<p>11\/03\/2021 &#8211; 16h07 | Por meio de entrevista coletiva, o governo de S\u00e3o Paulo anunciou a ado\u00e7\u00e3o de uma fase emergencial de enfrentamento \u00e0 pandemia.<\/p>\n\n\n\n<p>A partir da pr\u00f3xima segunda-feira, dia 15, medidas mais restritivas entram em vigor e se estendem at\u00e9 o dia 30 para frear o aumento de novos casos, interna\u00e7\u00f5es e mortes pelo coronav\u00edrus e conter a sobrecarga em hospitais de todo o estado.<\/p>\n\n\n\n<p>Essa medida amplia as restri\u00e7\u00f5es de algumas atividades comerciais autorizadas na fase vermelha e, na \u00e1rea de atua\u00e7\u00e3o do Sincomavi, pro\u00edbe atendimento presencial tamb\u00e9m em lojas de material de constru\u00e7\u00e3o, que s\u00f3 poder\u00e3o fazer entregas pelo sistema em que o consumidor recebe o produto dentro de seu ve\u00edculo (drive thru), entre 5h e 20h, ou por servi\u00e7os de entrega na resid\u00eancia (delivery), nas 24 horas, por telefone ou aplicativo de internet, como consta no quadro abaixo:<\/p>\n\n\n\n<figure class=\"wp-block-image size-large is-resized\"><img loading=\"lazy\" decoding=\"async\" src=\"https:\/\/sincomavi.org.br\/wp-content\/uploads\/2021\/03\/q1a.jpg\" alt=\"\" class=\"wp-image-5904\" width=\"733\" height=\"426\"\/><\/figure>\n\n\n\n<p>Outras atividades que sofreram uma restri\u00e7\u00e3o maior podem ser verificadas a seguir:<\/p>\n\n\n\n<figure class=\"wp-block-image size-large is-resized\"><img loading=\"lazy\" decoding=\"async\" src=\"https:\/\/sincomavi.org.br\/wp-content\/uploads\/2021\/03\/q4.jpg\" alt=\"\" class=\"wp-image-5909\" width=\"751\" height=\"683\" srcset=\"https:\/\/sincomavi.org.br\/wp-content\/uploads\/2021\/03\/q4-300x272.jpg 300w, https:\/\/sincomavi.org.br\/wp-content\/uploads\/2021\/03\/q4-463x420.jpg 463w\" sizes=\"auto, (max-width: 751px) 100vw, 751px\" \/><\/figure>\n\n\n\n<p>O teletrabalho ser\u00e1 obrigat\u00f3rio para todas as atividades administrativas n\u00e3o essenciais. A imposi\u00e7\u00e3o vale tamb\u00e9m para escrit\u00f3rios particulares e servi\u00e7os de call center. Todas as medidas da fase emergencial visam reduzir a circula\u00e7\u00e3o de ao menos 4 milh\u00f5es de pessoas por meio das restri\u00e7\u00f5es adicionais.<\/p>\n\n\n\n<p>A partir do dia 15 ficou determinado toque de recolher nos 645 munic\u00edpios todos os dias, entre 20h e 5h. Haver\u00e1 proibi\u00e7\u00e3o completa a qualquer tipo de aglomera\u00e7\u00e3o, e o uso de m\u00e1scaras deve ser intensificado em qualquer ambiente interno ou externo de acesso p\u00fablico.<\/p>\n\n\n\n<p>O Governo do Estado tamb\u00e9m vai recomendar que Prefeituras da Regi\u00e3o Metropolitana de S\u00e3o Paulo imponham o escalonamento de hor\u00e1rios de entrada de trabalhadores de atividades essenciais para evitar aglomera\u00e7\u00f5es no transporte p\u00fablico. Os hor\u00e1rios indicados s\u00e3o das 5h \u00e0s 7h para profissionais da ind\u00fastria, 7h \u00e0s 9h para os de servi\u00e7os e 9h \u00e0s 11h para os do com\u00e9rcio.<\/p>\n\n\n\n<p>O Sincomavi est\u00e1 aguardando a publica\u00e7\u00e3o dos textos legais e estudando as medidas cab\u00edveis e adequadas para que seus representados tenham o menor impacto poss\u00edvel.<\/p>\n\n\n\n<p><strong>Fonte: Decreto 65.563 &#8211; DOE 12\/03\/21<\/strong><\/p>\n\n\n\n<h4 class=\"has-text-align-center wp-block-heading\"><strong>Para mais informa\u00e7\u00f5es: sincomavi@sincomavi.org.br<\/strong><\/h4>\n\n\n\n<p class=\"has-text-align-center has-luminous-vivid-orange-color has-text-color\"><strong>Para agilizar o seu atendimento, n\u00e3o se esque\u00e7a de citar no corpo da mensagem o CNPJ e a raz\u00e3o social da empresa que receber\u00e1 atendimento<\/strong><\/p>\n\n\n\n<div style=\"height:34px\" aria-hidden=\"true\" class=\"wp-block-spacer\"><\/div>\n\n\n<style>.wp-block-kadence-advancedbtn.kb-btns_e9add8-6d{gap:var(--global-kb-gap-xs, 0.5rem );justify-content:center;align-items:center;}.kt-btns_e9add8-6d .kt-button{font-weight:normal;font-style:normal;}.kt-btns_e9add8-6d .kt-btn-wrap-0{margin-right:5px;}.wp-block-kadence-advancedbtn.kt-btns_e9add8-6d .kt-btn-wrap-0 .kt-button{color:#555555;border-color:#555555;}.wp-block-kadence-advancedbtn.kt-btns_e9add8-6d .kt-btn-wrap-0 .kt-button:hover, .wp-block-kadence-advancedbtn.kt-btns_e9add8-6d .kt-btn-wrap-0 .kt-button:focus{color:#ffffff;border-color:#444444;}.wp-block-kadence-advancedbtn.kt-btns_e9add8-6d .kt-btn-wrap-0 .kt-button::before{display:none;}.wp-block-kadence-advancedbtn.kt-btns_e9add8-6d .kt-btn-wrap-0 .kt-button:hover, .wp-block-kadence-advancedbtn.kt-btns_e9add8-6d .kt-btn-wrap-0 .kt-button:focus{background:#444444;}<\/style>\n<div class=\"wp-block-kadence-advancedbtn kt-btn-align-center kt-btn-tablet-align-inherit kt-btn-mobile-align-inherit kt-btns-wrap kt-btns_e9add8-6d\"><div class=\"kt-btn-wrap kt-btn-wrap-0\"><a class=\"kt-button button kt-btn-0-action kt-btn-size-standard kt-btn-style-basic kt-btn-svg-show-always kt-btn-has-text-true kt-btn-has-svg-false\" href=\"https:\/\/sincomavi.org.br\/wp-content\/uploads\/2021\/03\/210312-DOE-FASE-EMERGENCIAL-pg_0001.pdf\" target=\"_blank\" rel=\"noreferrer noopener\"><span class=\"kt-btn-inner-text\">DOWNLOAD DECRETO 65.562<\/span><\/a><\/div><\/div>\n\n\n<style>.wp-block-kadence-spacer.kt-block-spacer-_8dae25-97 .kt-block-spacer{height:60px;}.wp-block-kadence-spacer.kt-block-spacer-_8dae25-97 .kt-divider{border-top-width:1px;height:1px;border-top-color:#eee;width:80%;border-top-style:solid;}<\/style>\n<div class=\"wp-block-kadence-spacer aligncenter kt-block-spacer-_8dae25-97\"><div class=\"kt-block-spacer kt-block-spacer-halign-center\" style=\"height:60px\"><hr class=\"kt-divider\" style=\"border-top-color:rgba(238, 238, 238, 1);border-top-width:1px;width:80%;border-top-style:solid\"\/><\/div><\/div>\n\n\n\n<p><\/p>\n","protected":false},"excerpt":{"rendered":"<p>11\/03\/2021 &#8211; 16h07 | Por meio de entrevista coletiva, o governo de S\u00e3o Paulo anunciou a ado\u00e7\u00e3o de uma fase emergencial de enfrentamento \u00e0 pandemia. A partir da pr\u00f3xima segunda-feira, dia 15, medidas mais restritivas entram em vigor e se estendem at\u00e9 o dia 30 para frear o aumento de novos casos, interna\u00e7\u00f5es e mortes [&hellip;]<\/p>\n","protected":false},"author":1,"featured_media":5894,"comment_status":"closed","ping_status":"open","sticky":false,"template":"","format":"standard","meta":{"tdm_status":"","tdm_grid_status":"","footnotes":""},"categories":[157],"tags":[349,397,588,358],"class_list":["post-5893","post","type-post","status-publish","format-standard","has-post-thumbnail","hentry","category-alerta","tag-coronavirus","tag-covid-19","tag-plano-sao-paulo","tag-quarentena"],"amp_enabled":true,"_links":{"self":[{"href":"https:\/\/sincomavi.org.br\/index.php?rest_route=\/wp\/v2\/posts\/5893","targetHints":{"allow":["GET"]}}],"collection":[{"href":"https:\/\/sincomavi.org.br\/index.php?rest_route=\/wp\/v2\/posts"}],"about":[{"href":"https:\/\/sincomavi.org.br\/index.php?rest_route=\/wp\/v2\/types\/post"}],"author":[{"embeddable":true,"href":"https:\/\/sincomavi.org.br\/index.php?rest_route=\/wp\/v2\/users\/1"}],"replies":[{"embeddable":true,"href":"https:\/\/sincomavi.org.br\/index.php?rest_route=%2Fwp%2Fv2%2Fcomments&post=5893"}],"version-history":[{"count":14,"href":"https:\/\/sincomavi.org.br\/index.php?rest_route=\/wp\/v2\/posts\/5893\/revisions"}],"predecessor-version":[{"id":5928,"href":"https:\/\/sincomavi.org.br\/index.php?rest_route=\/wp\/v2\/posts\/5893\/revisions\/5928"}],"wp:featuredmedia":[{"embeddable":true,"href":"https:\/\/sincomavi.org.br\/index.php?rest_route=\/wp\/v2\/media\/5894"}],"wp:attachment":[{"href":"https:\/\/sincomavi.org.br\/index.php?rest_route=%2Fwp%2Fv2%2Fmedia&parent=5893"}],"wp:term":[{"taxonomy":"category","embeddable":true,"href":"https:\/\/sincomavi.org.br\/index.php?rest_route=%2Fwp%2Fv2%2Fcategories&post=5893"},{"taxonomy":"post_tag","embeddable":true,"href":"https:\/\/sincomavi.org.br\/index.php?rest_route=%2Fwp%2Fv2%2Ftags&post=5893"}],"curies":[{"name":"wp","href":"https:\/\/api.w.org\/{rel}","templated":true}]}}