{"id":5853,"date":"2021-03-05T09:58:31","date_gmt":"2021-03-05T12:58:31","guid":{"rendered":"https:\/\/sincomavi.org.br\/?p=5853"},"modified":"2021-03-05T09:58:32","modified_gmt":"2021-03-05T12:58:32","slug":"esclarecimentos-sobre-as-convencoes-coletivas-2020-2021","status":"publish","type":"post","link":"https:\/\/sincomavi.org.br\/?p=5853","title":{"rendered":"Esclarecimentos sobre as Conven\u00e7\u00f5es Coletivas 2020\/2021"},"content":{"rendered":"<style>.wp-block-kadence-spacer.kt-block-spacer-_fbe61e-5d .kt-block-spacer{height:60px;}.wp-block-kadence-spacer.kt-block-spacer-_fbe61e-5d .kt-divider{border-top-width:1px;height:1px;border-top-color:#eee;width:80%;border-top-style:solid;}<\/style>\n<div class=\"wp-block-kadence-spacer aligncenter kt-block-spacer-_fbe61e-5d\"><div class=\"kt-block-spacer kt-block-spacer-halign-center\" style=\"height:60px\"><hr class=\"kt-divider\" style=\"border-top-color:rgba(238, 238, 238, 1);border-top-width:1px;width:80%;border-top-style:solid\"\/><\/div><\/div>\n\n\n\n<p>Tem causado muitas d\u00favidas aos empres\u00e1rios e trabalhadores do setor o andamento das Conven\u00e7\u00f5es Coletivas de Trabalho 2020\/2021. Por essa raz\u00e3o, se faz necess\u00e1rio fazer dois esclarecimentos:<\/p>\n\n\n\n<p>&#8211; As negocia\u00e7\u00f5es com os sindicatos dos empregados continuam em andamento.<\/p>\n\n\n\n<p>&#8211; Os termos aditivos assinados com os sindicatos dos empregados, confira a rela\u00e7\u00e3o abaixo, permanecem em vigor e proporcionam total seguran\u00e7a jur\u00eddica \u00e0s empresas do segmento, atendendo pontos da Reforma Trabalhista e a legisla\u00e7\u00e3o especial criada em raz\u00e3o da pandemia da Covid-19.<\/p>\n\n\n\n<p>Vale ressaltar que os termos aditivos prorrogaram em car\u00e1ter emergencial, at\u00e9 a data-limite de 30 de setembro de 2021, a maioria das cl\u00e1usulas das CCTs 2019\/2020.<\/p>\n\n\n\n<ul class=\"wp-block-list\"><li><a href=\"https:\/\/sincomavi.org.br\/wp-content\/uploads\/2021\/01\/TERMO-DE-ADITAMENTO-E-PRORROGACAO-CCT-SINDICAPRO-SINCOMAVI-SINCOMACO-2019_2020-2021.pdf\" target=\"_blank\" rel=\"noreferrer noopener\"><strong>Termo de Aditamento CCT \u2013 Motoristas Capital<\/strong><\/a><\/li><li><a href=\"https:\/\/sincomavi.org.br\/wp-content\/uploads\/2021\/01\/TERMO-DE-ADITAMENTO-E-PRORROGACAO-CCT-SINCOVERG-SINCOMAVI-SINCOMACO-2019_2020-2021.pdf\" target=\"_blank\" rel=\"noreferrer noopener\"><strong>Termo de Aditamento CCT \u2013 Motoristas Guarulhos (Sincoverg)<\/strong><\/a><\/li><li><a href=\"https:\/\/sincomavi.org.br\/wp-content\/uploads\/2020\/12\/TERMO-DE-ADITAMENTO-E-PRORROGACAO-CCT-SEEDESP-SINCOMAVI-2019_2020-2021.pdf\" target=\"_blank\" rel=\"noreferrer noopener\"><strong>Termo de Aditamento \u00e0 Conven\u00e7\u00e3o Coletiva de Trabalho \u2013 Seedesp \u2013 Motoristas de Caieiras, Francisco Morato, Franco da Rocha e Juquitiba<\/strong><\/a><\/li><li><a href=\"https:\/\/sincomavi.org.br\/wp-content\/uploads\/2020\/09\/TAC-A-CCT-2019-2020-EM-09-09-2020.pdf\"><strong>Termo de Aditamento \u00e0 Conven\u00e7\u00e3o Coletiva de Trabalho \u2013 comerci\u00e1rios capital<\/strong><\/a><\/li><li><a href=\"https:\/\/sincomavi.org.br\/wp-content\/uploads\/2020\/10\/ADITAMENTO-SINCOMAVI-OSASCO-2020.2021.pdf\" target=\"_blank\" rel=\"noreferrer noopener\"><strong>Termo de Aditamento \u00e0 Conven\u00e7\u00e3o Coletiva de Trabalho \u2013 Osasco e Regi\u00e3o<\/strong><\/a><\/li><li><a href=\"https:\/\/sincomavi.org.br\/wp-content\/uploads\/2020\/10\/TERMO-DE-ADITAMENTO-CCT-FRANCO-DA-ROCHA-2019-2020-V-09-10-20.pdf\" target=\"_blank\" rel=\"noreferrer noopener\"><strong>Termo de Aditamento \u00e0 Conven\u00e7\u00e3o Coletiva de Trabalho \u2013 Franco da Rocha e Regi\u00e3o<\/strong><\/a><\/li><\/ul>\n\n\n\n<p><strong>Mais informa\u00e7\u00f5es pelo e-mail <a href=\"mailto:sincomavi@sincomavi.org.br\">sincomavi@sincomavi.org.br<\/a>.<\/strong><\/p>\n\n\n<style>.wp-block-kadence-spacer.kt-block-spacer-_f2afb5-0c .kt-block-spacer{height:60px;}.wp-block-kadence-spacer.kt-block-spacer-_f2afb5-0c .kt-divider{border-top-width:1px;height:1px;border-top-color:#eee;width:80%;border-top-style:solid;}<\/style>\n<div class=\"wp-block-kadence-spacer aligncenter kt-block-spacer-_f2afb5-0c\"><div class=\"kt-block-spacer kt-block-spacer-halign-center\" style=\"height:60px\"><hr class=\"kt-divider\" style=\"border-top-color:rgba(238, 238, 238, 1);border-top-width:1px;width:80%;border-top-style:solid\"\/><\/div><\/div>\n","protected":false},"excerpt":{"rendered":"<p>Tem causado muitas d\u00favidas aos empres\u00e1rios e trabalhadores do setor o andamento das Conven\u00e7\u00f5es Coletivas de Trabalho 2020\/2021. Por essa raz\u00e3o, se faz necess\u00e1rio fazer dois esclarecimentos: &#8211; As negocia\u00e7\u00f5es com os sindicatos dos empregados continuam em andamento. &#8211; Os termos aditivos assinados com os sindicatos dos empregados, confira a rela\u00e7\u00e3o abaixo, permanecem em vigor [&hellip;]<\/p>\n","protected":false},"author":1,"featured_media":5854,"comment_status":"closed","ping_status":"open","sticky":false,"template":"","format":"standard","meta":{"tdm_status":"","tdm_grid_status":"","footnotes":""},"categories":[157],"tags":[192,349,397,363],"class_list":["post-5853","post","type-post","status-publish","format-standard","has-post-thumbnail","hentry","category-alerta","tag-convencao-coletiva-de-trabalho","tag-coronavirus","tag-covid-19","tag-relacoes-trabalhistas"],"amp_enabled":true,"_links":{"self":[{"href":"https:\/\/sincomavi.org.br\/index.php?rest_route=\/wp\/v2\/posts\/5853","targetHints":{"allow":["GET"]}}],"collection":[{"href":"https:\/\/sincomavi.org.br\/index.php?rest_route=\/wp\/v2\/posts"}],"about":[{"href":"https:\/\/sincomavi.org.br\/index.php?rest_route=\/wp\/v2\/types\/post"}],"author":[{"embeddable":true,"href":"https:\/\/sincomavi.org.br\/index.php?rest_route=\/wp\/v2\/users\/1"}],"replies":[{"embeddable":true,"href":"https:\/\/sincomavi.org.br\/index.php?rest_route=%2Fwp%2Fv2%2Fcomments&post=5853"}],"version-history":[{"count":1,"href":"https:\/\/sincomavi.org.br\/index.php?rest_route=\/wp\/v2\/posts\/5853\/revisions"}],"predecessor-version":[{"id":5855,"href":"https:\/\/sincomavi.org.br\/index.php?rest_route=\/wp\/v2\/posts\/5853\/revisions\/5855"}],"wp:featuredmedia":[{"embeddable":true,"href":"https:\/\/sincomavi.org.br\/index.php?rest_route=\/wp\/v2\/media\/5854"}],"wp:attachment":[{"href":"https:\/\/sincomavi.org.br\/index.php?rest_route=%2Fwp%2Fv2%2Fmedia&parent=5853"}],"wp:term":[{"taxonomy":"category","embeddable":true,"href":"https:\/\/sincomavi.org.br\/index.php?rest_route=%2Fwp%2Fv2%2Fcategories&post=5853"},{"taxonomy":"post_tag","embeddable":true,"href":"https:\/\/sincomavi.org.br\/index.php?rest_route=%2Fwp%2Fv2%2Ftags&post=5853"}],"curies":[{"name":"wp","href":"https:\/\/api.w.org\/{rel}","templated":true}]}}