{"id":5848,"date":"2021-03-04T08:59:42","date_gmt":"2021-03-04T11:59:42","guid":{"rendered":"https:\/\/sincomavi.org.br\/?p=5848"},"modified":"2021-03-04T16:08:15","modified_gmt":"2021-03-04T19:08:15","slug":"carta-de-conjuntura-marco-de-2021","status":"publish","type":"post","link":"https:\/\/sincomavi.org.br\/?p=5848","title":{"rendered":"Carta de Conjuntura &#8211; mar\u00e7o de 2021"},"content":{"rendered":"<style>.wp-block-kadence-spacer.kt-block-spacer-_0f2dae-96 .kt-block-spacer{height:60px;}.wp-block-kadence-spacer.kt-block-spacer-_0f2dae-96 .kt-divider{border-top-width:1px;height:1px;border-top-color:#eee;width:80%;border-top-style:solid;}<\/style>\n<div class=\"wp-block-kadence-spacer aligncenter kt-block-spacer-_0f2dae-96\"><div class=\"kt-block-spacer kt-block-spacer-halign-center\" style=\"height:60px\"><hr class=\"kt-divider\" style=\"border-top-color:rgba(238, 238, 238, 1);border-top-width:1px;width:80%;border-top-style:solid\"\/><\/div><\/div>\n\n\n\n<p>03\/03\/2021 | Por Jaime Vasconcellos, economista.<\/p>\n\n\n\n<p>Ainda que oficialmente o primeiro caso de contamina\u00e7\u00e3o pelo novo coronav\u00edrus no Brasil tenha sido no fim de fevereiro 2020, \u00e9 agora em mar\u00e7o que se faz um ano dos verdadeiros e severos impactos da pandemia da Covid-19 nos ambientes social, pol\u00edtico e econ\u00f4mico do nosso pa\u00eds. Desde ent\u00e3o foram 260 mil vidas a menos, colapso da rede de atendimento hospitalar, crise econ\u00f4mica e social, desequil\u00edbrio fiscal, entre outros incont\u00e1veis cen\u00e1rios de imensur\u00e1veis perdas. Uma realidade impensada e que apresenta sua for\u00e7a tamb\u00e9m no ano que se inicia.<\/p>\n\n\n\n<p>Os dois primeiros meses de 2021 j\u00e1 mostraram que o horizonte para normaliza\u00e7\u00e3o inicial dos baques de 2020 est\u00e1 bastante alongado. A vacina\u00e7\u00e3o se move ainda de forma lenta. Os impactos da segunda onda de contamina\u00e7\u00e3o se mostram mais fortes que a primeira. As restri\u00e7\u00f5es \u00e0s atividades econ\u00f4micas retornam ainda mais r\u00edgidas com o surgimento de novas cepas da doen\u00e7a e quase colapso dos equipamentos de sa\u00fade.<\/p>\n\n\n\n<p>Na economia o PIB projetado para o ano se reduz e ser\u00e1 positivo devido estritamente ao p\u00edfio desempenho de 2020. Com infla\u00e7\u00e3o, desemprego e juros aumentando, a conjuntura ao consumo se deteriora, bem como a vontade e a capacidade financeira dos agentes em retomar seus investimentos.<\/p>\n\n\n\n<p>Na pol\u00edtica, o bom alinhamento dos novos l\u00edderes do legislativo com a presid\u00eancia cria um cen\u00e1rio menos conflituoso entre os poderes, mas enterra consigo uma possibilidade mais profunda de ajustes estruturais. E por fim, vivenciamos poss\u00edvel onda intervencionista do Executivo, criando instabilidades e incertezas quanto a uma agenda econ\u00f4mica fact\u00edvel e at\u00e9 mesmo quem ser\u00e1 o respons\u00e1vel por liderar tal agenda. \u00a0<\/p>\n\n\n\n<p>O que fica claro \u00e9 que estamos frente a mais grave realidade de desafios \u00e0 sa\u00fade e ao Social desde o in\u00edcio da pandemia. Nem mais o v\u00edrus \u00e9 o mesmo e pior, sem articula\u00e7\u00e3o (que n\u00e3o foi vista desse o in\u00edcio do aparecimento de casos) e sem condi\u00e7\u00f5es econ\u00f4micas fiscais para novo amparo \u00e0 economia.<\/p>\n\n\n\n<p>As empresas e empregos que sobreviveram a 2020 possuem realidade financeira mais grave e a sa\u00edda para o curto prazo, para sa\u00fade e para economia \u00e9 s\u00f3 uma, vacina\u00e7\u00e3o. Medidas emergenciais de flexibiliza\u00e7\u00e3o trabalhista e de aux\u00edlio emergencial ter\u00e3o impacto pequeno se n\u00e3o houver diminui\u00e7\u00e3o das contamina\u00e7\u00f5es. Enquanto n\u00e3o controlarmos a pandemia n\u00e3o iniciaremos processo de normaliza\u00e7\u00e3o econ\u00f4mica. E quanto mais tempo se demora para atuar na linha de frente dos novos casos, mais leitos de atendimento se tornam insuficientes e mais medidas restritivas ser\u00e3o aplicadas.<\/p>\n\n\n\n<p>Mar\u00e7o de 2021 ser\u00e1 muito mais dif\u00edcil que mar\u00e7o de 2020, portanto h\u00e1 de se resguardar na esfera pessoal contra o v\u00edrus, planejar o neg\u00f3cio para um m\u00ednimo eficiente de funcionamento (a depender do ramo de atividade) e buscar formas de press\u00e3o organizada para maior vacina\u00e7\u00e3o.<\/p>\n\n\n\n<p>Seguem abaixo nossas proje\u00e7\u00f5es atualizadas para economia brasileira em 2021:<\/p>\n\n\n\n<ul class=\"wp-block-list\"><li><strong>PIB<\/strong>: +3,0%&nbsp;&nbsp;&nbsp;&nbsp;&nbsp;&nbsp;&nbsp;&nbsp;&nbsp;&nbsp;&nbsp;&nbsp;&nbsp;&nbsp;&nbsp;&nbsp;&nbsp;&nbsp;&nbsp;&nbsp;&nbsp;&nbsp;&nbsp;&nbsp;&nbsp;&nbsp;&nbsp;&nbsp;&nbsp;&nbsp;&nbsp;&nbsp;&nbsp;&nbsp;&nbsp;&nbsp;&nbsp;&nbsp;&nbsp;&nbsp;&nbsp;<\/li><li><strong>IPCA\/IBGE<\/strong>: +4,0%&nbsp;&nbsp;&nbsp;&nbsp;&nbsp;&nbsp;&nbsp;&nbsp;&nbsp;&nbsp;&nbsp;&nbsp;&nbsp;&nbsp;&nbsp;&nbsp;&nbsp;&nbsp;&nbsp;&nbsp;&nbsp;&nbsp;&nbsp;&nbsp;&nbsp;&nbsp;&nbsp;&nbsp;&nbsp;&nbsp;&nbsp;&nbsp;&nbsp;&nbsp;&nbsp;&nbsp;&nbsp;&nbsp;&nbsp;&nbsp;&nbsp;<\/li><li><strong>SELIC<\/strong>: 4,00%&nbsp;&nbsp;&nbsp;&nbsp;&nbsp;&nbsp;&nbsp;&nbsp;&nbsp;&nbsp;&nbsp;&nbsp;&nbsp;&nbsp;&nbsp;&nbsp;&nbsp;&nbsp;&nbsp;&nbsp;&nbsp;&nbsp;&nbsp;&nbsp;&nbsp;&nbsp;<\/li><li><strong>Taxa de C\u00e2mbio:<\/strong> 5,20&nbsp;&nbsp;&nbsp;&nbsp;&nbsp;&nbsp;&nbsp;&nbsp;&nbsp;&nbsp;&nbsp;<\/li><li><strong>Balan\u00e7a comercial<\/strong>: + US$ 50 bi<\/li><li><strong>Vendas do varejo<\/strong>: +2,5%<\/li><li><strong>Volume dos servi\u00e7os<\/strong>: +2,0%<\/li><\/ul>\n\n\n<style>.wp-block-kadence-spacer.kt-block-spacer-_592ba2-fe .kt-block-spacer{height:60px;}.wp-block-kadence-spacer.kt-block-spacer-_592ba2-fe .kt-divider{border-top-width:1px;height:1px;border-top-color:#eee;width:80%;border-top-style:solid;}<\/style>\n<div class=\"wp-block-kadence-spacer aligncenter kt-block-spacer-_592ba2-fe\"><div class=\"kt-block-spacer kt-block-spacer-halign-center\" style=\"height:60px\"><hr class=\"kt-divider\" style=\"border-top-color:rgba(238, 238, 238, 1);border-top-width:1px;width:80%;border-top-style:solid\"\/><\/div><\/div>\n","protected":false},"excerpt":{"rendered":"<p>03\/03\/2021 | Por Jaime Vasconcellos, economista. Ainda que oficialmente o primeiro caso de contamina\u00e7\u00e3o pelo novo coronav\u00edrus no Brasil tenha sido no fim de fevereiro 2020, \u00e9 agora em mar\u00e7o que se faz um ano dos verdadeiros e severos impactos da pandemia da Covid-19 nos ambientes social, pol\u00edtico e econ\u00f4mico do nosso pa\u00eds. Desde ent\u00e3o [&hellip;]<\/p>\n","protected":false},"author":1,"featured_media":5849,"comment_status":"closed","ping_status":"open","sticky":false,"template":"","format":"standard","meta":{"tdm_status":"","tdm_grid_status":"","footnotes":""},"categories":[210],"tags":[275,272,199,349,397,156,273,202,203,200,75,276],"class_list":["post-5848","post","type-post","status-publish","format-standard","has-post-thumbnail","hentry","category-artigos","tag-balanca-comercial","tag-carta-de-conjuntura","tag-comercio","tag-coronavirus","tag-covid-19","tag-economia","tag-ipca","tag-pib","tag-selic","tag-varejo","tag-vendas","tag-volume-de-servicos"],"amp_enabled":true,"_links":{"self":[{"href":"https:\/\/sincomavi.org.br\/index.php?rest_route=\/wp\/v2\/posts\/5848","targetHints":{"allow":["GET"]}}],"collection":[{"href":"https:\/\/sincomavi.org.br\/index.php?rest_route=\/wp\/v2\/posts"}],"about":[{"href":"https:\/\/sincomavi.org.br\/index.php?rest_route=\/wp\/v2\/types\/post"}],"author":[{"embeddable":true,"href":"https:\/\/sincomavi.org.br\/index.php?rest_route=\/wp\/v2\/users\/1"}],"replies":[{"embeddable":true,"href":"https:\/\/sincomavi.org.br\/index.php?rest_route=%2Fwp%2Fv2%2Fcomments&post=5848"}],"version-history":[{"count":2,"href":"https:\/\/sincomavi.org.br\/index.php?rest_route=\/wp\/v2\/posts\/5848\/revisions"}],"predecessor-version":[{"id":5852,"href":"https:\/\/sincomavi.org.br\/index.php?rest_route=\/wp\/v2\/posts\/5848\/revisions\/5852"}],"wp:featuredmedia":[{"embeddable":true,"href":"https:\/\/sincomavi.org.br\/index.php?rest_route=\/wp\/v2\/media\/5849"}],"wp:attachment":[{"href":"https:\/\/sincomavi.org.br\/index.php?rest_route=%2Fwp%2Fv2%2Fmedia&parent=5848"}],"wp:term":[{"taxonomy":"category","embeddable":true,"href":"https:\/\/sincomavi.org.br\/index.php?rest_route=%2Fwp%2Fv2%2Fcategories&post=5848"},{"taxonomy":"post_tag","embeddable":true,"href":"https:\/\/sincomavi.org.br\/index.php?rest_route=%2Fwp%2Fv2%2Ftags&post=5848"}],"curies":[{"name":"wp","href":"https:\/\/api.w.org\/{rel}","templated":true}]}}