{"id":5843,"date":"2021-03-03T16:25:56","date_gmt":"2021-03-03T19:25:56","guid":{"rendered":"https:\/\/sincomavi.org.br\/?p=5843"},"modified":"2021-03-03T16:25:58","modified_gmt":"2021-03-03T19:25:58","slug":"estado-de-sao-paulo-volta-para-fase-vermelha","status":"publish","type":"post","link":"https:\/\/sincomavi.org.br\/?p=5843","title":{"rendered":"Estado de S\u00e3o Paulo: volta para fase vermelha"},"content":{"rendered":"<style>.wp-block-kadence-spacer.kt-block-spacer-_58a553-95 .kt-block-spacer{height:60px;}.wp-block-kadence-spacer.kt-block-spacer-_58a553-95 .kt-divider{border-top-width:1px;height:1px;border-top-color:#eee;width:80%;border-top-style:solid;}<\/style>\n<div class=\"wp-block-kadence-spacer aligncenter kt-block-spacer-_58a553-95\"><div class=\"kt-block-spacer kt-block-spacer-halign-center\" style=\"height:60px\"><hr class=\"kt-divider\" style=\"border-top-color:rgba(238, 238, 238, 1);border-top-width:1px;width:80%;border-top-style:solid\"\/><\/div><\/div>\n\n\n\n<p>03\/03\/2021 &#8211; O Governo do Estado de S\u00e3o Paulo anunciou, em entrevista coletiva, que todos os 645 munic\u00edpios do estado regridem para a fase vermelha do Plano S\u00e3o Paulo, no per\u00edodo de 06\/03\/21 at\u00e9 19\/03\/21, devido ao aumento alarmante de casos, interna\u00e7\u00f5es e mortes causadas pelo coronav\u00edrus.<\/p>\n\n\n\n<p>De acordo com o Plano SP (<a href=\"https:\/\/www.saopaulo.sp.gov.br\/planosp\/\" target=\"_blank\" rel=\"noreferrer noopener\">https:\/\/www.saopaulo.sp.gov.br\/planosp\/<\/a>), a fase vermelha s\u00f3 permite funcionamento normal de servi\u00e7os essenciais, entre os quais se enquadram o com\u00e9rcio de materiais de constru\u00e7\u00e3o e a assist\u00eancia t\u00e9cnica de computadores e demais produtos eletroeletr\u00f4nicos (vide ilustra\u00e7\u00e3o ao final).<\/p>\n\n\n\n<p>J\u00e1 os com\u00e9rcios e servi\u00e7os n\u00e3o essenciais s\u00f3 podem atender em esquema de delivery, retirada na porta, drive-thru e pedidos por telefone ou internet.<\/p>\n\n\n\n<p>Os servi\u00e7os essenciais precisam cumprir protocolos sanit\u00e1rios r\u00edgidos, como fornecimento de \u00e1lcool em gel, aferi\u00e7\u00e3o de temperatura, ventila\u00e7\u00e3o de ambientes, controle de fluxo de p\u00fablico e hor\u00e1rio diferenciado para abertura e fechamento.<\/p>\n\n\n\n<p>Vale lembrar que o toque de restri\u00e7\u00e3o continuar\u00e1 em vigor a partir das 20h em todas as regi\u00f5es do estado, com recomenda\u00e7\u00e3o para circula\u00e7\u00e3o restrita em vias p\u00fablicas e fiscaliza\u00e7\u00e3o ampliada at\u00e9 \u00e0s 5h e que as Prefeituras tamb\u00e9m podem impor medidas ainda mais restritivas, como j\u00e1 ocorre em diversos munic\u00edpios no interior e regi\u00e3o metropolitana da capital.<\/p>\n\n\n\n<div class=\"wp-block-image\"><figure class=\"aligncenter size-large\"><img loading=\"lazy\" decoding=\"async\" width=\"643\" height=\"356\" src=\"https:\/\/sincomavi.org.br\/wp-content\/uploads\/2021\/03\/image.png\" alt=\"\" class=\"wp-image-5844\" srcset=\"https:\/\/sincomavi.org.br\/wp-content\/uploads\/2021\/03\/image.png 643w, https:\/\/sincomavi.org.br\/wp-content\/uploads\/2021\/03\/image-300x166.png 300w, https:\/\/sincomavi.org.br\/wp-content\/uploads\/2021\/03\/image-640x354.png 640w\" sizes=\"auto, (max-width: 643px) 100vw, 643px\" \/><\/figure><\/div>\n\n\n\n<p><strong>Fonte: <a href=\"https:\/\/www.saopaulo.sp.gov.br\/noticias-coronavirus\/sp-volta-para-fase-vermelha-em-todas-as-regioes-com-piora-da-pandemia-2\/\">https:\/\/www.saopaulo.sp.gov.br\/noticias-coronavirus\/sp-volta-para-fase-vermelha-em-todas-as-regioes-com-piora-da-pandemia-2\/<\/a><\/strong><\/p>\n\n\n<style>.wp-block-kadence-spacer.kt-block-spacer-_2ac8a5-ac .kt-block-spacer{height:60px;}.wp-block-kadence-spacer.kt-block-spacer-_2ac8a5-ac .kt-divider{border-top-width:1px;height:1px;border-top-color:#eee;width:80%;border-top-style:solid;}<\/style>\n<div class=\"wp-block-kadence-spacer aligncenter kt-block-spacer-_2ac8a5-ac\"><div class=\"kt-block-spacer kt-block-spacer-halign-center\" style=\"height:60px\"><hr class=\"kt-divider\" style=\"border-top-color:rgba(238, 238, 238, 1);border-top-width:1px;width:80%;border-top-style:solid\"\/><\/div><\/div>\n\n\n\n<p><\/p>\n","protected":false},"excerpt":{"rendered":"<p>03\/03\/2021 &#8211; O Governo do Estado de S\u00e3o Paulo anunciou, em entrevista coletiva, que todos os 645 munic\u00edpios do estado regridem para a fase vermelha do Plano S\u00e3o Paulo, no per\u00edodo de 06\/03\/21 at\u00e9 19\/03\/21, devido ao aumento alarmante de casos, interna\u00e7\u00f5es e mortes causadas pelo coronav\u00edrus. De acordo com o Plano SP (https:\/\/www.saopaulo.sp.gov.br\/planosp\/), a [&hellip;]<\/p>\n","protected":false},"author":1,"featured_media":5845,"comment_status":"closed","ping_status":"open","sticky":false,"template":"","format":"standard","meta":{"tdm_status":"","tdm_grid_status":"","footnotes":""},"categories":[157],"tags":[349,397,662,588,358],"class_list":["post-5843","post","type-post","status-publish","format-standard","has-post-thumbnail","hentry","category-alerta","tag-coronavirus","tag-covid-19","tag-fase-vermelha","tag-plano-sao-paulo","tag-quarentena"],"amp_enabled":true,"_links":{"self":[{"href":"https:\/\/sincomavi.org.br\/index.php?rest_route=\/wp\/v2\/posts\/5843","targetHints":{"allow":["GET"]}}],"collection":[{"href":"https:\/\/sincomavi.org.br\/index.php?rest_route=\/wp\/v2\/posts"}],"about":[{"href":"https:\/\/sincomavi.org.br\/index.php?rest_route=\/wp\/v2\/types\/post"}],"author":[{"embeddable":true,"href":"https:\/\/sincomavi.org.br\/index.php?rest_route=\/wp\/v2\/users\/1"}],"replies":[{"embeddable":true,"href":"https:\/\/sincomavi.org.br\/index.php?rest_route=%2Fwp%2Fv2%2Fcomments&post=5843"}],"version-history":[{"count":1,"href":"https:\/\/sincomavi.org.br\/index.php?rest_route=\/wp\/v2\/posts\/5843\/revisions"}],"predecessor-version":[{"id":5846,"href":"https:\/\/sincomavi.org.br\/index.php?rest_route=\/wp\/v2\/posts\/5843\/revisions\/5846"}],"wp:featuredmedia":[{"embeddable":true,"href":"https:\/\/sincomavi.org.br\/index.php?rest_route=\/wp\/v2\/media\/5845"}],"wp:attachment":[{"href":"https:\/\/sincomavi.org.br\/index.php?rest_route=%2Fwp%2Fv2%2Fmedia&parent=5843"}],"wp:term":[{"taxonomy":"category","embeddable":true,"href":"https:\/\/sincomavi.org.br\/index.php?rest_route=%2Fwp%2Fv2%2Fcategories&post=5843"},{"taxonomy":"post_tag","embeddable":true,"href":"https:\/\/sincomavi.org.br\/index.php?rest_route=%2Fwp%2Fv2%2Ftags&post=5843"}],"curies":[{"name":"wp","href":"https:\/\/api.w.org\/{rel}","templated":true}]}}