{"id":5840,"date":"2021-02-26T16:31:06","date_gmt":"2021-02-26T19:31:06","guid":{"rendered":"https:\/\/sincomavi.org.br\/?p=5840"},"modified":"2021-03-03T16:27:40","modified_gmt":"2021-03-03T19:27:40","slug":"grande-sao-paulo-volta-para-fase-laranja","status":"publish","type":"post","link":"https:\/\/sincomavi.org.br\/?p=5840","title":{"rendered":"Grande S\u00e3o Paulo: determinado o retorno \u00e0 fase laranja"},"content":{"rendered":"<style>.wp-block-kadence-spacer.kt-block-spacer-_032e87-5c .kt-block-spacer{height:60px;}.wp-block-kadence-spacer.kt-block-spacer-_032e87-5c .kt-divider{border-top-width:1px;height:1px;border-top-color:#eee;width:80%;border-top-style:solid;}<\/style>\n<div class=\"wp-block-kadence-spacer aligncenter kt-block-spacer-_032e87-5c\"><div class=\"kt-block-spacer kt-block-spacer-halign-center\" style=\"height:60px\"><hr class=\"kt-divider\" style=\"border-top-color:rgba(238, 238, 238, 1);border-top-width:1px;width:80%;border-top-style:solid\"\/><\/div><\/div>\n\n\n\n<p>26\/02\/2021 | O governo do Estado de S\u00e3o Paulo anunciou, em entrevista coletiva, a 23\u00aa reclassifica\u00e7\u00e3o de regi\u00f5es no Plano S\u00e3o Paulo de controle da pandemia. A regi\u00e3o da Grande S\u00e3o Paulo regride para a fase laranja. A nova reclassifica\u00e7\u00e3o come\u00e7a a valer a partir desta segunda-feira (01\/03\/21) e permanece at\u00e9 que haja nova divulga\u00e7\u00e3o.<\/p>\n\n\n\n<p>Vale lembrar que na etapa laranja o funcionamento dos servi\u00e7os n\u00e3o essenciais (o com\u00e9rcio de materiais de constru\u00e7\u00e3o \u00e9 considerado servi\u00e7o essencial) \u00e9 limitado a at\u00e9 oito horas di\u00e1rias, com atendimento presencial m\u00e1ximo de 40% da capacidade e encerramento \u00e0s 20h.<\/p>\n\n\n\n<p>Confira no quadro abaixo para melhor entendimento:<\/p>\n\n\n\n<figure class=\"wp-block-image size-large\"><img loading=\"lazy\" decoding=\"async\" width=\"643\" height=\"341\" src=\"https:\/\/sincomavi.org.br\/wp-content\/uploads\/2021\/02\/image.png\" alt=\"\" class=\"wp-image-5841\" srcset=\"https:\/\/sincomavi.org.br\/wp-content\/uploads\/2021\/02\/image.png 643w, https:\/\/sincomavi.org.br\/wp-content\/uploads\/2021\/02\/image-300x160.png 300w, https:\/\/sincomavi.org.br\/wp-content\/uploads\/2021\/02\/image-640x339.png 640w\" sizes=\"auto, (max-width: 643px) 100vw, 643px\" \/><\/figure>\n\n\n\n<p>O toque de restri\u00e7\u00e3o, j\u00e1 noticiado no site, e os protocolos sanit\u00e1rios e de seguran\u00e7a continuam obrigat\u00f3rios e devem ser cumpridos com rigor. \u00c9 preciso ressaltar que as prefeituras podem restringir ainda mais as normas estabelecidas pelo Governo do Estado.<\/p>\n\n\n\n<p>Na eventual publica\u00e7\u00e3o de decreto estadual, caso ocorra mudan\u00e7a significativa em rela\u00e7\u00e3o ao assunto, todos os detalhes ser\u00e3o aqui divulgado.<\/p>\n\n\n<style>.wp-block-kadence-spacer.kt-block-spacer-_39955c-e9 .kt-block-spacer{height:60px;}.wp-block-kadence-spacer.kt-block-spacer-_39955c-e9 .kt-divider{border-top-width:1px;height:1px;border-top-color:#eee;width:80%;border-top-style:solid;}<\/style>\n<div class=\"wp-block-kadence-spacer aligncenter kt-block-spacer-_39955c-e9\"><div class=\"kt-block-spacer kt-block-spacer-halign-center\" style=\"height:60px\"><hr class=\"kt-divider\" style=\"border-top-color:rgba(238, 238, 238, 1);border-top-width:1px;width:80%;border-top-style:solid\"\/><\/div><\/div>\n\n\n\n<p><\/p>\n","protected":false},"excerpt":{"rendered":"<p>26\/02\/2021 | O governo do Estado de S\u00e3o Paulo anunciou, em entrevista coletiva, a 23\u00aa reclassifica\u00e7\u00e3o de regi\u00f5es no Plano S\u00e3o Paulo de controle da pandemia. A regi\u00e3o da Grande S\u00e3o Paulo regride para a fase laranja. A nova reclassifica\u00e7\u00e3o come\u00e7a a valer a partir desta segunda-feira (01\/03\/21) e permanece at\u00e9 que haja nova divulga\u00e7\u00e3o. [&hellip;]<\/p>\n","protected":false},"author":1,"featured_media":5624,"comment_status":"closed","ping_status":"open","sticky":false,"template":"","format":"standard","meta":{"tdm_status":"","tdm_grid_status":"","footnotes":""},"categories":[157],"tags":[349,397,588,358],"class_list":["post-5840","post","type-post","status-publish","format-standard","has-post-thumbnail","hentry","category-alerta","tag-coronavirus","tag-covid-19","tag-plano-sao-paulo","tag-quarentena"],"amp_enabled":true,"_links":{"self":[{"href":"https:\/\/sincomavi.org.br\/index.php?rest_route=\/wp\/v2\/posts\/5840","targetHints":{"allow":["GET"]}}],"collection":[{"href":"https:\/\/sincomavi.org.br\/index.php?rest_route=\/wp\/v2\/posts"}],"about":[{"href":"https:\/\/sincomavi.org.br\/index.php?rest_route=\/wp\/v2\/types\/post"}],"author":[{"embeddable":true,"href":"https:\/\/sincomavi.org.br\/index.php?rest_route=\/wp\/v2\/users\/1"}],"replies":[{"embeddable":true,"href":"https:\/\/sincomavi.org.br\/index.php?rest_route=%2Fwp%2Fv2%2Fcomments&post=5840"}],"version-history":[{"count":2,"href":"https:\/\/sincomavi.org.br\/index.php?rest_route=\/wp\/v2\/posts\/5840\/revisions"}],"predecessor-version":[{"id":5847,"href":"https:\/\/sincomavi.org.br\/index.php?rest_route=\/wp\/v2\/posts\/5840\/revisions\/5847"}],"wp:featuredmedia":[{"embeddable":true,"href":"https:\/\/sincomavi.org.br\/index.php?rest_route=\/wp\/v2\/media\/5624"}],"wp:attachment":[{"href":"https:\/\/sincomavi.org.br\/index.php?rest_route=%2Fwp%2Fv2%2Fmedia&parent=5840"}],"wp:term":[{"taxonomy":"category","embeddable":true,"href":"https:\/\/sincomavi.org.br\/index.php?rest_route=%2Fwp%2Fv2%2Fcategories&post=5840"},{"taxonomy":"post_tag","embeddable":true,"href":"https:\/\/sincomavi.org.br\/index.php?rest_route=%2Fwp%2Fv2%2Ftags&post=5840"}],"curies":[{"name":"wp","href":"https:\/\/api.w.org\/{rel}","templated":true}]}}