{"id":5827,"date":"2021-02-26T08:23:00","date_gmt":"2021-02-26T11:23:00","guid":{"rendered":"https:\/\/sincomavi.org.br\/?p=5827"},"modified":"2021-02-24T15:26:25","modified_gmt":"2021-02-24T18:26:25","slug":"confianca-cai-na-industria-da-construcao-mas-cresce-entre-os-consumidores","status":"publish","type":"post","link":"https:\/\/sincomavi.org.br\/?p=5827","title":{"rendered":"Confian\u00e7a cai na ind\u00fastria da constru\u00e7\u00e3o, mas cresce entre os consumidores"},"content":{"rendered":"<style>.wp-block-kadence-spacer.kt-block-spacer-_4054fb-bb .kt-block-spacer{height:60px;}.wp-block-kadence-spacer.kt-block-spacer-_4054fb-bb .kt-divider{border-top-width:1px;height:1px;border-top-color:#eee;width:80%;border-top-style:solid;}<\/style>\n<div class=\"wp-block-kadence-spacer aligncenter kt-block-spacer-_4054fb-bb\"><div class=\"kt-block-spacer kt-block-spacer-halign-center\" style=\"height:60px\"><hr class=\"kt-divider\" style=\"border-top-color:rgba(238, 238, 238, 1);border-top-width:1px;width:80%;border-top-style:solid\"\/><\/div><\/div>\n\n\n\n<p>A Funda\u00e7\u00e3o Getulio Vargas (FGV) registrou uma queda de 0,5 ponto em fevereiro no \u00cdndice de Confian\u00e7a da Constru\u00e7\u00e3o (ICST) \u2013 o segundo recuo consecutivo. Segundo Ana Maria Castelo, coordenadora de Projetos da Constru\u00e7\u00e3o FGV IBRE, est\u00e1 ocorrendo uma deteriora\u00e7\u00e3o na percep\u00e7\u00e3o do ambiente atual de neg\u00f3cios do setor. \u201cVale notar que esse movimento n\u00e3o est\u00e1 relacionado a uma perda de f\u00f4lego da demanda, pelo contr\u00e1rio, a sondagem aponta que a preocupa\u00e7\u00e3o dos empres\u00e1rios com a demanda insuficiente diminuiu nos \u00faltimos 12 meses. Por outro lado, o aumento dos pre\u00e7os dos materiais de constru\u00e7\u00e3o tem limitado a melhora dos neg\u00f3cios, refletindo na confian\u00e7a do setor&#8221;.<\/p>\n\n\n\n<p><br>\u00c9 importante ressaltar que o estudo realizado pelo FGV mostra que essa queda na confian\u00e7a n\u00e3o ocorreu em todos os segmentos. No caso do mercado imobili\u00e1rio, a expectativa se mostrou mais positiva para Edifica\u00e7\u00f5es Residenciais. Em Prepara\u00e7\u00e3o de Terrenos, um segmento antecedente da atividade, a melhora na percep\u00e7\u00e3o corrente foi ainda mais expressiva. &#8220;Entretanto, vale destacar a deteriora\u00e7\u00e3o das expectativas das construtoras da \u00e1rea habitacional, sinalizando dificuldades para a continuidade da retomada&#8221;, finaliza.<\/p>\n\n\n\n<h2 class=\"wp-block-heading\">Consumidor<\/h2>\n\n\n\n<p>Ocorreu tamb\u00e9m um crescimento no \u00cdndice de Confian\u00e7a do Consumidor (ICC), da FGV IBRE. Ap\u00f3s quatro quedas consecutivas, esse indicador contou com uma eleva\u00e7\u00e3o de 2,2 pontos em fevereiro, passando para 78 pontos. Viviane Seda, coordenadora das Sondagens do FGV IBRE, atribui esse resultado ao in\u00edcio da campanha de imuniza\u00e7\u00e3o contra a Covid-19 e a possibilidade de reedi\u00e7\u00e3o do aux\u00edlio emergencial. \u201cOs n\u00edveis de confian\u00e7a, no entanto, continuam baixos e a sustenta\u00e7\u00e3o de uma tend\u00eancia de alta depender\u00e1 de fatores como a velocidade da vacina\u00e7\u00e3o, da evolu\u00e7\u00e3o dos n\u00fameros da pandemia no Brasil e, principalmente, da recupera\u00e7\u00e3o do mercado de trabalho, algo dif\u00edcil no primeiro semestre de 2021, considerando-se a grande dificuldade que ser\u00e1 novamente enfrentada pelas empresas do setor de servi\u00e7os, segmento que mais emprega no pa\u00eds&#8221;, avalia.<\/p>\n\n\n<style>.wp-block-kadence-spacer.kt-block-spacer-_535434-33 .kt-block-spacer{height:60px;}.wp-block-kadence-spacer.kt-block-spacer-_535434-33 .kt-divider{border-top-width:1px;height:1px;border-top-color:#eee;width:80%;border-top-style:solid;}<\/style>\n<div class=\"wp-block-kadence-spacer aligncenter kt-block-spacer-_535434-33\"><div class=\"kt-block-spacer kt-block-spacer-halign-center\" style=\"height:60px\"><hr class=\"kt-divider\" style=\"border-top-color:rgba(238, 238, 238, 1);border-top-width:1px;width:80%;border-top-style:solid\"\/><\/div><\/div>\n","protected":false},"excerpt":{"rendered":"<p>A Funda\u00e7\u00e3o Getulio Vargas (FGV) registrou uma queda de 0,5 ponto em fevereiro no \u00cdndice de Confian\u00e7a da Constru\u00e7\u00e3o (ICST) \u2013 o segundo recuo consecutivo. Segundo Ana Maria Castelo, coordenadora de Projetos da Constru\u00e7\u00e3o FGV IBRE, est\u00e1 ocorrendo uma deteriora\u00e7\u00e3o na percep\u00e7\u00e3o do ambiente atual de neg\u00f3cios do setor. \u201cVale notar que esse movimento n\u00e3o [&hellip;]<\/p>\n","protected":false},"author":1,"featured_media":5828,"comment_status":"closed","ping_status":"open","sticky":false,"template":"","format":"standard","meta":{"tdm_status":"","tdm_grid_status":"","footnotes":""},"categories":[153],"tags":[618,205,158,160],"class_list":["post-5827","post","type-post","status-publish","format-standard","has-post-thumbnail","hentry","category-noticias","tag-construcao-civil","tag-consumidor","tag-material-de-construcao","tag-pesquisa"],"amp_enabled":true,"_links":{"self":[{"href":"https:\/\/sincomavi.org.br\/index.php?rest_route=\/wp\/v2\/posts\/5827","targetHints":{"allow":["GET"]}}],"collection":[{"href":"https:\/\/sincomavi.org.br\/index.php?rest_route=\/wp\/v2\/posts"}],"about":[{"href":"https:\/\/sincomavi.org.br\/index.php?rest_route=\/wp\/v2\/types\/post"}],"author":[{"embeddable":true,"href":"https:\/\/sincomavi.org.br\/index.php?rest_route=\/wp\/v2\/users\/1"}],"replies":[{"embeddable":true,"href":"https:\/\/sincomavi.org.br\/index.php?rest_route=%2Fwp%2Fv2%2Fcomments&post=5827"}],"version-history":[{"count":1,"href":"https:\/\/sincomavi.org.br\/index.php?rest_route=\/wp\/v2\/posts\/5827\/revisions"}],"predecessor-version":[{"id":5829,"href":"https:\/\/sincomavi.org.br\/index.php?rest_route=\/wp\/v2\/posts\/5827\/revisions\/5829"}],"wp:featuredmedia":[{"embeddable":true,"href":"https:\/\/sincomavi.org.br\/index.php?rest_route=\/wp\/v2\/media\/5828"}],"wp:attachment":[{"href":"https:\/\/sincomavi.org.br\/index.php?rest_route=%2Fwp%2Fv2%2Fmedia&parent=5827"}],"wp:term":[{"taxonomy":"category","embeddable":true,"href":"https:\/\/sincomavi.org.br\/index.php?rest_route=%2Fwp%2Fv2%2Fcategories&post=5827"},{"taxonomy":"post_tag","embeddable":true,"href":"https:\/\/sincomavi.org.br\/index.php?rest_route=%2Fwp%2Fv2%2Ftags&post=5827"}],"curies":[{"name":"wp","href":"https:\/\/api.w.org\/{rel}","templated":true}]}}