{"id":5823,"date":"2021-02-24T15:21:29","date_gmt":"2021-02-24T18:21:29","guid":{"rendered":"https:\/\/sincomavi.org.br\/?p=5823"},"modified":"2021-02-24T15:22:52","modified_gmt":"2021-02-24T18:22:52","slug":"circulacao-restrita-em-sao-paulo-ate-14-de-marco","status":"publish","type":"post","link":"https:\/\/sincomavi.org.br\/?p=5823","title":{"rendered":"Circula\u00e7\u00e3o restrita em S\u00e3o Paulo at\u00e9 14 de mar\u00e7o"},"content":{"rendered":"<style>.wp-block-kadence-spacer.kt-block-spacer-_bd6752-06 .kt-block-spacer{height:60px;}.wp-block-kadence-spacer.kt-block-spacer-_bd6752-06 .kt-divider{border-top-width:1px;height:1px;border-top-color:#eee;width:80%;border-top-style:solid;}<\/style>\n<div class=\"wp-block-kadence-spacer aligncenter kt-block-spacer-_bd6752-06\"><div class=\"kt-block-spacer kt-block-spacer-halign-center\" style=\"height:60px\"><hr class=\"kt-divider\" style=\"border-top-color:rgba(238, 238, 238, 1);border-top-width:1px;width:80%;border-top-style:solid\"\/><\/div><\/div>\n\n\n\n<p>Com o objetivo de conter a dissemina\u00e7\u00e3o da Covid-19, o Governo do Estado de S\u00e3o Paulo restringir\u00e1 a circula\u00e7\u00e3o, das 23h \u00e0s 5h, no per\u00edodo de 26 de fevereiro a 14 de mar\u00e7o de 2021 em todo o territ\u00f3rio paulista.<\/p>\n\n\n\n<p>Vale lembrar que os servi\u00e7os considerados essenciais n\u00e3o sofrem altera\u00e7\u00e3o, podendo funcionar normalmente, inclusive no hor\u00e1rio restrito. A circula\u00e7\u00e3o de trabalhadores tamb\u00e9m n\u00e3o estar\u00e1 sujeita \u00e0 advert\u00eancia, multa ou impedimento.<\/p>\n\n\n\n<p>Na entrevista coletiva concedida pelo Governador Jo\u00e3o Doria J\u00fanior, ficou entendido que o plano tem como principal meta aumentar a fiscaliza\u00e7\u00e3o em rela\u00e7\u00e3o a aglomera\u00e7\u00f5es em qualquer hor\u00e1rio e eventos ilegais ou proibidos aos finais de noite e madrugadas.<\/p>\n\n\n\n<p>Foi organizada uma for\u00e7a-tarefa para ampliar a fiscaliza\u00e7\u00e3o, constitu\u00edda pelas equipes de vigil\u00e2ncia sanit\u00e1ria, prefeituras, Procon-SP e for\u00e7as policiais da Secretaria de Seguran\u00e7a P\u00fablica. Essas equipes atuar\u00e3o de forma conjunta para coibir o funcionamento de estabelecimentos n\u00e3o essenciais no per\u00edodo de restri\u00e7\u00e3o e os eventos ilegais.<\/p>\n\n\n<style>.wp-block-kadence-spacer.kt-block-spacer-_eb9ed6-a1 .kt-block-spacer{height:60px;}.wp-block-kadence-spacer.kt-block-spacer-_eb9ed6-a1 .kt-divider{border-top-width:1px;height:1px;border-top-color:#eee;width:80%;border-top-style:solid;}<\/style>\n<div class=\"wp-block-kadence-spacer aligncenter kt-block-spacer-_eb9ed6-a1\"><div class=\"kt-block-spacer kt-block-spacer-halign-center\" style=\"height:60px\"><hr class=\"kt-divider\" style=\"border-top-color:rgba(238, 238, 238, 1);border-top-width:1px;width:80%;border-top-style:solid\"\/><\/div><\/div>\n","protected":false},"excerpt":{"rendered":"<p>Com o objetivo de conter a dissemina\u00e7\u00e3o da Covid-19, o Governo do Estado de S\u00e3o Paulo restringir\u00e1 a circula\u00e7\u00e3o, das 23h \u00e0s 5h, no per\u00edodo de 26 de fevereiro a 14 de mar\u00e7o de 2021 em todo o territ\u00f3rio paulista. Vale lembrar que os servi\u00e7os considerados essenciais n\u00e3o sofrem altera\u00e7\u00e3o, podendo funcionar normalmente, inclusive no [&hellip;]<\/p>\n","protected":false},"author":1,"featured_media":5824,"comment_status":"closed","ping_status":"open","sticky":false,"template":"","format":"standard","meta":{"tdm_status":"","tdm_grid_status":"","footnotes":""},"categories":[157],"tags":[349,397,588,358],"class_list":["post-5823","post","type-post","status-publish","format-standard","has-post-thumbnail","hentry","category-alerta","tag-coronavirus","tag-covid-19","tag-plano-sao-paulo","tag-quarentena"],"amp_enabled":true,"_links":{"self":[{"href":"https:\/\/sincomavi.org.br\/index.php?rest_route=\/wp\/v2\/posts\/5823","targetHints":{"allow":["GET"]}}],"collection":[{"href":"https:\/\/sincomavi.org.br\/index.php?rest_route=\/wp\/v2\/posts"}],"about":[{"href":"https:\/\/sincomavi.org.br\/index.php?rest_route=\/wp\/v2\/types\/post"}],"author":[{"embeddable":true,"href":"https:\/\/sincomavi.org.br\/index.php?rest_route=\/wp\/v2\/users\/1"}],"replies":[{"embeddable":true,"href":"https:\/\/sincomavi.org.br\/index.php?rest_route=%2Fwp%2Fv2%2Fcomments&post=5823"}],"version-history":[{"count":2,"href":"https:\/\/sincomavi.org.br\/index.php?rest_route=\/wp\/v2\/posts\/5823\/revisions"}],"predecessor-version":[{"id":5826,"href":"https:\/\/sincomavi.org.br\/index.php?rest_route=\/wp\/v2\/posts\/5823\/revisions\/5826"}],"wp:featuredmedia":[{"embeddable":true,"href":"https:\/\/sincomavi.org.br\/index.php?rest_route=\/wp\/v2\/media\/5824"}],"wp:attachment":[{"href":"https:\/\/sincomavi.org.br\/index.php?rest_route=%2Fwp%2Fv2%2Fmedia&parent=5823"}],"wp:term":[{"taxonomy":"category","embeddable":true,"href":"https:\/\/sincomavi.org.br\/index.php?rest_route=%2Fwp%2Fv2%2Fcategories&post=5823"},{"taxonomy":"post_tag","embeddable":true,"href":"https:\/\/sincomavi.org.br\/index.php?rest_route=%2Fwp%2Fv2%2Ftags&post=5823"}],"curies":[{"name":"wp","href":"https:\/\/api.w.org\/{rel}","templated":true}]}}