{"id":5774,"date":"2021-02-09T14:39:35","date_gmt":"2021-02-09T16:39:35","guid":{"rendered":"https:\/\/sincomavi.org.br\/?p=5774"},"modified":"2021-02-09T14:39:36","modified_gmt":"2021-02-09T16:39:36","slug":"carnaval-esclarecimentos","status":"publish","type":"post","link":"https:\/\/sincomavi.org.br\/?p=5774","title":{"rendered":"Carnaval: esclarecimentos"},"content":{"rendered":"<style>.wp-block-kadence-spacer.kt-block-spacer-_cb43be-e3 .kt-block-spacer{height:60px;}.wp-block-kadence-spacer.kt-block-spacer-_cb43be-e3 .kt-divider{border-top-width:1px;height:1px;border-top-color:#eee;width:80%;border-top-style:solid;}<\/style>\n<div class=\"wp-block-kadence-spacer aligncenter kt-block-spacer-_cb43be-e3\"><div class=\"kt-block-spacer kt-block-spacer-halign-center\" style=\"height:60px\"><hr class=\"kt-divider\" style=\"border-top-color:rgba(238, 238, 238, 1);border-top-width:1px;width:80%;border-top-style:solid\"\/><\/div><\/div>\n\n\n\n<p>09\/02\/2021 |Tendo em vista o grande n\u00famero de consultas, o Sincomavi lembra que o Carnaval, que este ano compreende o per\u00edodo de 15 a 17 de fevereiro, embora sendo uma festa popular comemorada em todo o Brasil, n\u00e3o \u00e9 feriado nacional. Tamb\u00e9m n\u00e3o \u00e9 feriado no Estado de S\u00e3o Paulo e, muito menos, na capital. Segundo levantamento da imprensa, somente \u00e9 feriado em duas cidades paulistas, Terra Roxa e Lins.<\/p>\n\n\n\n<p>O que ocorre \u00e9 que muitas autoridades (federais, estaduais ou municipais) declaram esse per\u00edodo como de ponto facultativo. Isso (ponto facultativo) s\u00f3 se aplica ao funcionalismo p\u00fablico. Existem muitas outras datas que s\u00e3o pontos facultativos, como dia do professor, dia do funcion\u00e1rio p\u00fablico, dia da Justi\u00e7a etc. Nem por isso essas datas s\u00e3o &#8220;feriados&#8221;.<\/p>\n\n\n\n<p>Estabelecida a diferen\u00e7a entre feriado e ponto facultativo, \u00e9 poss\u00edvel esclarecer que as empresas, quanto ao trabalho, poder\u00e3o <mark class=\"kt-highlight\">observar o costume adotado nos anos anteriores<\/mark>:<\/p>\n\n\n\n<p>a) Quanto \u00e0 libera\u00e7\u00e3o costumeira dos empregados, j\u00e1 que o Poder Judici\u00e1rio considera essa dispensa como direito adquirido.<\/p>\n\n\n\n<p>b) Quanto ao trabalho (<mark class=\"kt-highlight\">se n\u00e3o existe a libera\u00e7\u00e3o autom\u00e1tica<\/mark>), as empresas poder\u00e3o, nesse per\u00edodo:<\/p>\n\n\n\n<p>&nbsp;&nbsp;&nbsp;&nbsp;&nbsp;&nbsp;&nbsp;&nbsp;&nbsp;&nbsp;&nbsp; &#8211; exigir o trabalho normal dos empregados, que ser\u00e3o remunerados sem qualquer acr\u00e9scimo.<\/p>\n\n\n\n<p>&nbsp;&nbsp;&nbsp;&nbsp;&nbsp;&nbsp;&nbsp;&nbsp;&nbsp;&nbsp;&nbsp; &#8211; negociar com os empregados a dispensa do trabalho, mediante acordo de compensa\u00e7\u00e3o, limitada a duas horas di\u00e1rias ou utiliza\u00e7\u00e3o do banco de horas, como previsto em nossas Conven\u00e7\u00f5es Coletivas de Trabalho (CCTs).<\/p>\n\n\n\n<p>\u00a0\u00a0\u00a0\u00a0\u00a0\u00a0\u00a0\u00a0\u00a0\u00a0\u00a0 &#8211; dispensar o empregado por mera liberalidade. Nesta hip\u00f3tese, o empregador deve observar a possibilidade dessa dispensa se tornar habitual, caso que implica o descrito na letra (a).<\/p>\n\n\n<style>.wp-block-kadence-spacer.kt-block-spacer-_0c137e-fb .kt-block-spacer{height:60px;}.wp-block-kadence-spacer.kt-block-spacer-_0c137e-fb .kt-divider{border-top-width:1px;height:1px;border-top-color:#eee;width:80%;border-top-style:solid;}<\/style>\n<div class=\"wp-block-kadence-spacer aligncenter kt-block-spacer-_0c137e-fb\"><div class=\"kt-block-spacer kt-block-spacer-halign-center\" style=\"height:60px\"><hr class=\"kt-divider\" style=\"border-top-color:rgba(238, 238, 238, 1);border-top-width:1px;width:80%;border-top-style:solid\"\/><\/div><\/div>\n","protected":false},"excerpt":{"rendered":"<p>09\/02\/2021 |Tendo em vista o grande n\u00famero de consultas, o Sincomavi lembra que o Carnaval, que este ano compreende o per\u00edodo de 15 a 17 de fevereiro, embora sendo uma festa popular comemorada em todo o Brasil, n\u00e3o \u00e9 feriado nacional. Tamb\u00e9m n\u00e3o \u00e9 feriado no Estado de S\u00e3o Paulo e, muito menos, na capital. [&hellip;]<\/p>\n","protected":false},"author":1,"featured_media":5775,"comment_status":"closed","ping_status":"open","sticky":false,"template":"","format":"standard","meta":{"tdm_status":"","tdm_grid_status":"","footnotes":""},"categories":[157],"tags":[658,297,659,363,559],"class_list":["post-5774","post","type-post","status-publish","format-standard","has-post-thumbnail","hentry","category-alerta","tag-carnaval","tag-feriado","tag-ponto-facultativo","tag-relacoes-trabalhistas","tag-trabalhismo"],"amp_enabled":true,"_links":{"self":[{"href":"https:\/\/sincomavi.org.br\/index.php?rest_route=\/wp\/v2\/posts\/5774","targetHints":{"allow":["GET"]}}],"collection":[{"href":"https:\/\/sincomavi.org.br\/index.php?rest_route=\/wp\/v2\/posts"}],"about":[{"href":"https:\/\/sincomavi.org.br\/index.php?rest_route=\/wp\/v2\/types\/post"}],"author":[{"embeddable":true,"href":"https:\/\/sincomavi.org.br\/index.php?rest_route=\/wp\/v2\/users\/1"}],"replies":[{"embeddable":true,"href":"https:\/\/sincomavi.org.br\/index.php?rest_route=%2Fwp%2Fv2%2Fcomments&post=5774"}],"version-history":[{"count":1,"href":"https:\/\/sincomavi.org.br\/index.php?rest_route=\/wp\/v2\/posts\/5774\/revisions"}],"predecessor-version":[{"id":5776,"href":"https:\/\/sincomavi.org.br\/index.php?rest_route=\/wp\/v2\/posts\/5774\/revisions\/5776"}],"wp:featuredmedia":[{"embeddable":true,"href":"https:\/\/sincomavi.org.br\/index.php?rest_route=\/wp\/v2\/media\/5775"}],"wp:attachment":[{"href":"https:\/\/sincomavi.org.br\/index.php?rest_route=%2Fwp%2Fv2%2Fmedia&parent=5774"}],"wp:term":[{"taxonomy":"category","embeddable":true,"href":"https:\/\/sincomavi.org.br\/index.php?rest_route=%2Fwp%2Fv2%2Fcategories&post=5774"},{"taxonomy":"post_tag","embeddable":true,"href":"https:\/\/sincomavi.org.br\/index.php?rest_route=%2Fwp%2Fv2%2Ftags&post=5774"}],"curies":[{"name":"wp","href":"https:\/\/api.w.org\/{rel}","templated":true}]}}