{"id":5744,"date":"2021-02-01T15:07:33","date_gmt":"2021-02-01T17:07:33","guid":{"rendered":"https:\/\/sincomavi.org.br\/?p=5744"},"modified":"2021-02-01T15:08:05","modified_gmt":"2021-02-01T17:08:05","slug":"lgpd-agenda-regulatoria","status":"publish","type":"post","link":"https:\/\/sincomavi.org.br\/?p=5744","title":{"rendered":"LGPD &#8211; agenda regulat\u00f3ria"},"content":{"rendered":"<style>.wp-block-kadence-spacer.kt-block-spacer-_ea98be-82 .kt-block-spacer{height:60px;}.wp-block-kadence-spacer.kt-block-spacer-_ea98be-82 .kt-divider{border-top-width:1px;height:1px;border-top-color:#eee;width:80%;border-top-style:solid;}<\/style>\n<div class=\"wp-block-kadence-spacer aligncenter kt-block-spacer-_ea98be-82\"><div class=\"kt-block-spacer kt-block-spacer-halign-center\" style=\"height:60px\"><hr class=\"kt-divider\" style=\"border-top-color:rgba(238, 238, 238, 1);border-top-width:1px;width:80%;border-top-style:solid\"\/><\/div><\/div>\n\n\n\n<p>01\/02\/2021 |&nbsp; A Autoridade Nacional de Prote\u00e7\u00e3o de Dados (ANPD) publicou a Agenda Regulat\u00f3ria para o bi\u00eanio 2021-2022. \u00c9 poss\u00edvel destacar dessa publica\u00e7\u00e3o os seguintes pontos:<\/p>\n\n\n\n<ul class=\"wp-block-list\"><li>A agenda regulat\u00f3ria \u00e9 um instrumento de planejamento que agrega as a\u00e7\u00f5es de regula\u00e7\u00e3o consideradas priorit\u00e1rias e que ser\u00e3o objeto de estudo ou tratamento pela ANPD.<\/li><\/ul>\n\n\n\n<ul class=\"wp-block-list\"><li>Os itens da agenda regulat\u00f3ria ser\u00e3o considerados na elabora\u00e7\u00e3o das diretrizes da Pol\u00edtica Nacional de Prote\u00e7\u00e3o de Dados Pessoais e da Privacidade pela ANPD, sem preju\u00edzo de outros assuntos e subs\u00eddios que podem ser considerados pela Autoridade.<\/li><\/ul>\n\n\n\n<ul class=\"wp-block-list\"><li>A Coordena\u00e7\u00e3o-Geral de Normatiza\u00e7\u00e3o elaborar\u00e1, semestralmente, o relat\u00f3rio de acompanhamento das iniciativas regulamentares constantes da Agenda ora aprovada e avaliar\u00e1 a necessidade de readequa\u00e7\u00e3o das iniciativas e metas.<\/li><\/ul>\n\n\n\n<ul class=\"wp-block-list\"><li>O cronograma da agenda est\u00e1 dividido em: Item, Tema, Descri\u00e7\u00e3o, Prioriza\u00e7\u00e3o, Previs\u00e3o de in\u00edcio do processo de regulamenta\u00e7\u00e3o, e Instrumento a ser utilizado e prev\u00ea os prazos de quando as iniciativas de regulamenta\u00e7\u00e3o devem come\u00e7ar. Esses prazos iniciam no 1\u00ba semestre de 2021 e devem estar conclu\u00eddos no 2\u00ba semestre de 2022.<\/li><\/ul>\n\n\n\n<ul class=\"wp-block-list\"><li>A agenda regulat\u00f3ria traz dez propostas de regulamenta\u00e7\u00e3o classificadas por ordem de prioridade, sendo que seis foram consideradas mais urgentes, ou seja, com in\u00edcio em at\u00e9 um ano: Regimento interno, Planejamento estrat\u00e9gico, Regulamenta\u00e7\u00e3o para MPEs e Startups, Regulamenta\u00e7\u00e3o sobre san\u00e7\u00f5es, Regras para comunica\u00e7\u00e3o de incidentes e Relat\u00f3rio de impacto \u00e0 prote\u00e7\u00e3o de dados pessoais.<\/li><\/ul>\n\n\n\n<p>Finalmente, vale lembrar, que o Sincomavi \u00e9 \u00f3rg\u00e3o integrante da FecomercioSP, participando ativamente tamb\u00e9m dos estudos e atividades nessa \u00e1rea, sempre defendendo os interesses da categoria que representa.<\/p>\n\n\n\n<p><strong>Portaria\u00a0 11 &#8211;\u00a0 DOU 28\/01\/2021 | Edi\u00e7\u00e3o: 19 | Se\u00e7\u00e3o: 1 | P\u00e1gina: 3<\/strong><\/p>\n\n\n<style>.wp-block-kadence-spacer.kt-block-spacer-_32c548-12 .kt-block-spacer{height:60px;}.wp-block-kadence-spacer.kt-block-spacer-_32c548-12 .kt-divider{border-top-width:1px;height:1px;border-top-color:#eee;width:80%;border-top-style:solid;}<\/style>\n<div class=\"wp-block-kadence-spacer aligncenter kt-block-spacer-_32c548-12\"><div class=\"kt-block-spacer kt-block-spacer-halign-center\" style=\"height:60px\"><hr class=\"kt-divider\" style=\"border-top-color:rgba(238, 238, 238, 1);border-top-width:1px;width:80%;border-top-style:solid\"\/><\/div><\/div>\n","protected":false},"excerpt":{"rendered":"<p>01\/02\/2021 |&nbsp; A Autoridade Nacional de Prote\u00e7\u00e3o de Dados (ANPD) publicou a Agenda Regulat\u00f3ria para o bi\u00eanio 2021-2022. \u00c9 poss\u00edvel destacar dessa publica\u00e7\u00e3o os seguintes pontos: A agenda regulat\u00f3ria \u00e9 um instrumento de planejamento que agrega as a\u00e7\u00f5es de regula\u00e7\u00e3o consideradas priorit\u00e1rias e que ser\u00e3o objeto de estudo ou tratamento pela ANPD. Os itens da [&hellip;]<\/p>\n","protected":false},"author":1,"featured_media":5745,"comment_status":"closed","ping_status":"open","sticky":false,"template":"","format":"standard","meta":{"tdm_status":"","tdm_grid_status":"","footnotes":""},"categories":[157],"tags":[290],"class_list":["post-5744","post","type-post","status-publish","format-standard","has-post-thumbnail","hentry","category-alerta","tag-lgpd"],"amp_enabled":true,"_links":{"self":[{"href":"https:\/\/sincomavi.org.br\/index.php?rest_route=\/wp\/v2\/posts\/5744","targetHints":{"allow":["GET"]}}],"collection":[{"href":"https:\/\/sincomavi.org.br\/index.php?rest_route=\/wp\/v2\/posts"}],"about":[{"href":"https:\/\/sincomavi.org.br\/index.php?rest_route=\/wp\/v2\/types\/post"}],"author":[{"embeddable":true,"href":"https:\/\/sincomavi.org.br\/index.php?rest_route=\/wp\/v2\/users\/1"}],"replies":[{"embeddable":true,"href":"https:\/\/sincomavi.org.br\/index.php?rest_route=%2Fwp%2Fv2%2Fcomments&post=5744"}],"version-history":[{"count":2,"href":"https:\/\/sincomavi.org.br\/index.php?rest_route=\/wp\/v2\/posts\/5744\/revisions"}],"predecessor-version":[{"id":5747,"href":"https:\/\/sincomavi.org.br\/index.php?rest_route=\/wp\/v2\/posts\/5744\/revisions\/5747"}],"wp:featuredmedia":[{"embeddable":true,"href":"https:\/\/sincomavi.org.br\/index.php?rest_route=\/wp\/v2\/media\/5745"}],"wp:attachment":[{"href":"https:\/\/sincomavi.org.br\/index.php?rest_route=%2Fwp%2Fv2%2Fmedia&parent=5744"}],"wp:term":[{"taxonomy":"category","embeddable":true,"href":"https:\/\/sincomavi.org.br\/index.php?rest_route=%2Fwp%2Fv2%2Fcategories&post=5744"},{"taxonomy":"post_tag","embeddable":true,"href":"https:\/\/sincomavi.org.br\/index.php?rest_route=%2Fwp%2Fv2%2Ftags&post=5744"}],"curies":[{"name":"wp","href":"https:\/\/api.w.org\/{rel}","templated":true}]}}