{"id":5726,"date":"2021-01-28T11:31:02","date_gmt":"2021-01-28T13:31:02","guid":{"rendered":"https:\/\/sincomavi.org.br\/?p=5726"},"modified":"2021-01-28T11:31:03","modified_gmt":"2021-01-28T13:31:03","slug":"confianca-do-comercio-sofre-nova-queda","status":"publish","type":"post","link":"https:\/\/sincomavi.org.br\/?p=5726","title":{"rendered":"Confian\u00e7a do com\u00e9rcio sofre nova queda"},"content":{"rendered":"<style>.wp-block-kadence-spacer.kt-block-spacer-_f70645-b8 .kt-block-spacer{height:60px;}.wp-block-kadence-spacer.kt-block-spacer-_f70645-b8 .kt-divider{border-top-width:1px;height:1px;border-top-color:#eee;width:80%;border-top-style:solid;}<\/style>\n<div class=\"wp-block-kadence-spacer aligncenter kt-block-spacer-_f70645-b8\"><div class=\"kt-block-spacer kt-block-spacer-halign-center\" style=\"height:60px\"><hr class=\"kt-divider\" style=\"border-top-color:rgba(238, 238, 238, 1);border-top-width:1px;width:80%;border-top-style:solid\"\/><\/div><\/div>\n\n\n\n<p>Pelo quarto m\u00eas consecutivo, o \u00cdndice de Confian\u00e7a do Com\u00e9rcio (ICOM), da Funda\u00e7\u00e3o Getulio Vargas (FGV), contou com recuo. Em janeiro, o indicador caiu 0,9 ponto, passando de 91,7 para 90,8 pontos. Essa perspectiva continua sendo motivada pela redu\u00e7\u00e3o no ritmo de vendas, resultado da cautela dos consumidores. Para Rodolpho Tobler, coordenador da Sondagem do Com\u00e9rcio da FGV IBRE, apesar do avan\u00e7o das expectativas em rela\u00e7\u00e3o aos pr\u00f3ximos meses, a melhora ainda n\u00e3o reflete otimismo, apenas uma redu\u00e7\u00e3o do pessimismo. \u201cDiante desse cen\u00e1rio, ainda n\u00e3o \u00e9 poss\u00edvel vislumbrar uma retomada consistente do setor nos pr\u00f3ximos meses, que depende da recupera\u00e7\u00e3o do mercado de trabalho e da confian\u00e7a do consumidor \u201c.<\/p>\n\n\n\n<p>A FGV analisou ainda poss\u00edveis varia\u00e7\u00f5es na vis\u00e3o entre os segmentos de bens essenciais e demais bens. Logicamente, o primeiro grupo, com\u00e9rcio de bens essenciais, apresenta uma percep\u00e7\u00e3o mais est\u00e1vel durante toda a pandemia em raz\u00e3o da permiss\u00e3o para a abertura dos pontos de venda. No entanto, diante do quadro de incertezas e impactos negativos sucessivos da quarentena na economia do pa\u00eds, a confian\u00e7a desses empres\u00e1rios come\u00e7ou a ser minada e alcan\u00e7ou n\u00edvel similar aos demais setores do com\u00e9rcio. \u201cA cautela dos consumidores, o fim dos programas emergenciais do Governo, e a lenta recupera\u00e7\u00e3o do mercado de trabalho contribuem para essa piora, principalmente quando se trata de revendedores de bens n\u00e3o essenciais\u201d, avalia Tobler.<\/p>\n\n\n\n<figure class=\"wp-block-image size-large\"><img loading=\"lazy\" decoding=\"async\" width=\"1024\" height=\"666\" src=\"https:\/\/sincomavi.org.br\/wp-content\/uploads\/2021\/01\/sondagem-do-comercio-fgv_press-release_jan21_0-2-1024x666.jpg\" alt=\"\" class=\"wp-image-5728\" srcset=\"https:\/\/sincomavi.org.br\/wp-content\/uploads\/2021\/01\/sondagem-do-comercio-fgv_press-release_jan21_0-2-1024x666.jpg 1024w, https:\/\/sincomavi.org.br\/wp-content\/uploads\/2021\/01\/sondagem-do-comercio-fgv_press-release_jan21_0-2-300x194.jpg 300w, https:\/\/sincomavi.org.br\/wp-content\/uploads\/2021\/01\/sondagem-do-comercio-fgv_press-release_jan21_0-2-768x500.jpg 768w, https:\/\/sincomavi.org.br\/wp-content\/uploads\/2021\/01\/sondagem-do-comercio-fgv_press-release_jan21_0-2-645x420.jpg 645w, https:\/\/sincomavi.org.br\/wp-content\/uploads\/2021\/01\/sondagem-do-comercio-fgv_press-release_jan21_0-2-640x417.jpg 640w, https:\/\/sincomavi.org.br\/wp-content\/uploads\/2021\/01\/sondagem-do-comercio-fgv_press-release_jan21_0-2-681x443.jpg 681w, https:\/\/sincomavi.org.br\/wp-content\/uploads\/2021\/01\/sondagem-do-comercio-fgv_press-release_jan21_0-2.jpg 1200w\" sizes=\"auto, (max-width: 1024px) 100vw, 1024px\" \/><\/figure>\n\n\n<style>.wp-block-kadence-spacer.kt-block-spacer-_df5f5a-33 .kt-block-spacer{height:60px;}.wp-block-kadence-spacer.kt-block-spacer-_df5f5a-33 .kt-divider{border-top-width:1px;height:1px;border-top-color:#eee;width:80%;border-top-style:solid;}<\/style>\n<div class=\"wp-block-kadence-spacer aligncenter kt-block-spacer-_df5f5a-33\"><div class=\"kt-block-spacer kt-block-spacer-halign-center\" style=\"height:60px\"><hr class=\"kt-divider\" style=\"border-top-color:rgba(238, 238, 238, 1);border-top-width:1px;width:80%;border-top-style:solid\"\/><\/div><\/div>\n","protected":false},"excerpt":{"rendered":"<p>Pelo quarto m\u00eas consecutivo, o \u00cdndice de Confian\u00e7a do Com\u00e9rcio (ICOM), da Funda\u00e7\u00e3o Getulio Vargas (FGV), contou com recuo. Em janeiro, o indicador caiu 0,9 ponto, passando de 91,7 para 90,8 pontos. Essa perspectiva continua sendo motivada pela redu\u00e7\u00e3o no ritmo de vendas, resultado da cautela dos consumidores. Para Rodolpho Tobler, coordenador da Sondagem do [&hellip;]<\/p>\n","protected":false},"author":1,"featured_media":5729,"comment_status":"closed","ping_status":"open","sticky":false,"template":"","format":"standard","meta":{"tdm_status":"","tdm_grid_status":"","footnotes":""},"categories":[153],"tags":[199,204,309,620,160],"class_list":["post-5726","post","type-post","status-publish","format-standard","has-post-thumbnail","hentry","category-noticias","tag-comercio","tag-confianca","tag-fgv","tag-levantamento","tag-pesquisa"],"amp_enabled":true,"_links":{"self":[{"href":"https:\/\/sincomavi.org.br\/index.php?rest_route=\/wp\/v2\/posts\/5726","targetHints":{"allow":["GET"]}}],"collection":[{"href":"https:\/\/sincomavi.org.br\/index.php?rest_route=\/wp\/v2\/posts"}],"about":[{"href":"https:\/\/sincomavi.org.br\/index.php?rest_route=\/wp\/v2\/types\/post"}],"author":[{"embeddable":true,"href":"https:\/\/sincomavi.org.br\/index.php?rest_route=\/wp\/v2\/users\/1"}],"replies":[{"embeddable":true,"href":"https:\/\/sincomavi.org.br\/index.php?rest_route=%2Fwp%2Fv2%2Fcomments&post=5726"}],"version-history":[{"count":1,"href":"https:\/\/sincomavi.org.br\/index.php?rest_route=\/wp\/v2\/posts\/5726\/revisions"}],"predecessor-version":[{"id":5730,"href":"https:\/\/sincomavi.org.br\/index.php?rest_route=\/wp\/v2\/posts\/5726\/revisions\/5730"}],"wp:featuredmedia":[{"embeddable":true,"href":"https:\/\/sincomavi.org.br\/index.php?rest_route=\/wp\/v2\/media\/5729"}],"wp:attachment":[{"href":"https:\/\/sincomavi.org.br\/index.php?rest_route=%2Fwp%2Fv2%2Fmedia&parent=5726"}],"wp:term":[{"taxonomy":"category","embeddable":true,"href":"https:\/\/sincomavi.org.br\/index.php?rest_route=%2Fwp%2Fv2%2Fcategories&post=5726"},{"taxonomy":"post_tag","embeddable":true,"href":"https:\/\/sincomavi.org.br\/index.php?rest_route=%2Fwp%2Fv2%2Ftags&post=5726"}],"curies":[{"name":"wp","href":"https:\/\/api.w.org\/{rel}","templated":true}]}}