{"id":5715,"date":"2021-01-26T11:56:11","date_gmt":"2021-01-26T13:56:11","guid":{"rendered":"https:\/\/sincomavi.org.br\/?p=5715"},"modified":"2021-01-26T14:33:27","modified_gmt":"2021-01-26T16:33:27","slug":"resultados-negativos-indicadores-da-construcao-da-fgv","status":"publish","type":"post","link":"https:\/\/sincomavi.org.br\/?p=5715","title":{"rendered":"Resultados negativos: indicadores da Constru\u00e7\u00e3o da FGV"},"content":{"rendered":"<style>.wp-block-kadence-spacer.kt-block-spacer-_eb1398-a2 .kt-block-spacer{height:60px;}.wp-block-kadence-spacer.kt-block-spacer-_eb1398-a2 .kt-divider{border-top-width:1px;height:1px;border-top-color:#eee;width:80%;border-top-style:solid;}<\/style>\n<div class=\"wp-block-kadence-spacer aligncenter kt-block-spacer-_eb1398-a2\"><div class=\"kt-block-spacer kt-block-spacer-halign-center\" style=\"height:60px\"><hr class=\"kt-divider\" style=\"border-top-color:rgba(238, 238, 238, 1);border-top-width:1px;width:80%;border-top-style:solid\"\/><\/div><\/div>\n\n\n\n<p>Depois de contar com seis altas consecutivas, o \u00cdndice de Confian\u00e7a da Constru\u00e7\u00e3o (ICST), da Funda\u00e7\u00e3o Getulio Vargas, registrou queda de -1,4 ponto em janeiro, ficando em 92,5 pontos. Ana Maria Castelo, coordenadora de Projetos da Constru\u00e7\u00e3o da FGV IBRE, comenta que o ano se inicia com um arrefecimento no \u00e2nimo dos empres\u00e1rios da constru\u00e7\u00e3o. Em sua opini\u00e3o, vem ganhando destaque no momento a eleva\u00e7\u00e3o dos pre\u00e7os dos insumos setoriais entre os fatores assinalados como limitantes aos neg\u00f3cios. \u201cDesde setembro, o custo dos materiais vem crescendo como fator limitativo, associado ao expressivo aumento dos pre\u00e7os observados a partir desse per\u00edodo. Essa quest\u00e3o deve se manter entre as principais dificuldades do setor nos pr\u00f3ximos meses\u201d.<\/p>\n\n\n\n<figure class=\"wp-block-image size-large\"><img loading=\"lazy\" decoding=\"async\" width=\"1000\" height=\"725\" src=\"https:\/\/sincomavi.org.br\/wp-content\/uploads\/2021\/01\/FGV_ISC.jpg\" alt=\"\" class=\"wp-image-5716\" srcset=\"https:\/\/sincomavi.org.br\/wp-content\/uploads\/2021\/01\/FGV_ISC.jpg 1000w, https:\/\/sincomavi.org.br\/wp-content\/uploads\/2021\/01\/FGV_ISC-300x218.jpg 300w, https:\/\/sincomavi.org.br\/wp-content\/uploads\/2021\/01\/FGV_ISC-768x557.jpg 768w, https:\/\/sincomavi.org.br\/wp-content\/uploads\/2021\/01\/FGV_ISC-579x420.jpg 579w, https:\/\/sincomavi.org.br\/wp-content\/uploads\/2021\/01\/FGV_ISC-640x464.jpg 640w, https:\/\/sincomavi.org.br\/wp-content\/uploads\/2021\/01\/FGV_ISC-681x494.jpg 681w\" sizes=\"auto, (max-width: 1000px) 100vw, 1000px\" \/><figcaption>Fonte: FGV IBRE<\/figcaption><\/figure>\n\n\n\n<p>Apesar do <a href=\"https:\/\/sincomavi.org.br\/incc-m-contou-com-variacao-de-093-em-janeiro\/\" target=\"_blank\" rel=\"noreferrer noopener\"><strong>\u00cdndice Nacional de Custo da Constru\u00e7\u00e3o-M (INCC-M)<\/strong><\/a>, medido pela FGV, ter registrado recuo na categoria materiais e equipamentos, que comp\u00f5e o indicador, ao passar de 2,08%, em dezembro, para 1,43%, em janeiro, a contribui\u00e7\u00e3o dos aumentos nos pre\u00e7os da m\u00e3o de obra e dos servi\u00e7os foram decisivos para o resultado. O INCC registrou crescimento de 0,93 em janeiro e nos \u00faltimos 12 meses acumula alta de 9,39%.<\/p>\n\n\n<style>.wp-block-kadence-spacer.kt-block-spacer-_74b841-e3 .kt-block-spacer{height:60px;}.wp-block-kadence-spacer.kt-block-spacer-_74b841-e3 .kt-divider{border-top-width:1px;height:1px;border-top-color:#eee;width:80%;border-top-style:solid;}<\/style>\n<div class=\"wp-block-kadence-spacer aligncenter kt-block-spacer-_74b841-e3\"><div class=\"kt-block-spacer kt-block-spacer-halign-center\" style=\"height:60px\"><hr class=\"kt-divider\" style=\"border-top-color:rgba(238, 238, 238, 1);border-top-width:1px;width:80%;border-top-style:solid\"\/><\/div><\/div>\n","protected":false},"excerpt":{"rendered":"<p>Depois de contar com seis altas consecutivas, o \u00cdndice de Confian\u00e7a da Constru\u00e7\u00e3o (ICST), da Funda\u00e7\u00e3o Getulio Vargas, registrou queda de -1,4 ponto em janeiro, ficando em 92,5 pontos. Ana Maria Castelo, coordenadora de Projetos da Constru\u00e7\u00e3o da FGV IBRE, comenta que o ano se inicia com um arrefecimento no \u00e2nimo dos empres\u00e1rios da constru\u00e7\u00e3o. [&hellip;]<\/p>\n","protected":false},"author":1,"featured_media":5717,"comment_status":"closed","ping_status":"open","sticky":false,"template":"","format":"standard","meta":{"tdm_status":"","tdm_grid_status":"","footnotes":""},"categories":[153],"tags":[204,618,619,331,158,160,237,654],"class_list":["post-5715","post","type-post","status-publish","format-standard","has-post-thumbnail","hentry","category-noticias","tag-confianca","tag-construcao-civil","tag-incc-m","tag-inflacao","tag-material-de-construcao","tag-pesquisa","tag-precos","tag-sondagem"],"amp_enabled":true,"_links":{"self":[{"href":"https:\/\/sincomavi.org.br\/index.php?rest_route=\/wp\/v2\/posts\/5715","targetHints":{"allow":["GET"]}}],"collection":[{"href":"https:\/\/sincomavi.org.br\/index.php?rest_route=\/wp\/v2\/posts"}],"about":[{"href":"https:\/\/sincomavi.org.br\/index.php?rest_route=\/wp\/v2\/types\/post"}],"author":[{"embeddable":true,"href":"https:\/\/sincomavi.org.br\/index.php?rest_route=\/wp\/v2\/users\/1"}],"replies":[{"embeddable":true,"href":"https:\/\/sincomavi.org.br\/index.php?rest_route=%2Fwp%2Fv2%2Fcomments&post=5715"}],"version-history":[{"count":2,"href":"https:\/\/sincomavi.org.br\/index.php?rest_route=\/wp\/v2\/posts\/5715\/revisions"}],"predecessor-version":[{"id":5722,"href":"https:\/\/sincomavi.org.br\/index.php?rest_route=\/wp\/v2\/posts\/5715\/revisions\/5722"}],"wp:featuredmedia":[{"embeddable":true,"href":"https:\/\/sincomavi.org.br\/index.php?rest_route=\/wp\/v2\/media\/5717"}],"wp:attachment":[{"href":"https:\/\/sincomavi.org.br\/index.php?rest_route=%2Fwp%2Fv2%2Fmedia&parent=5715"}],"wp:term":[{"taxonomy":"category","embeddable":true,"href":"https:\/\/sincomavi.org.br\/index.php?rest_route=%2Fwp%2Fv2%2Fcategories&post=5715"},{"taxonomy":"post_tag","embeddable":true,"href":"https:\/\/sincomavi.org.br\/index.php?rest_route=%2Fwp%2Fv2%2Ftags&post=5715"}],"curies":[{"name":"wp","href":"https:\/\/api.w.org\/{rel}","templated":true}]}}