{"id":5704,"date":"2021-01-22T17:01:36","date_gmt":"2021-01-22T19:01:36","guid":{"rendered":"https:\/\/sincomavi.org.br\/?p=5704"},"modified":"2021-01-28T14:26:46","modified_gmt":"2021-01-28T16:26:46","slug":"grande-sao-paulo-volta-as-fases-laranja-e-vermelha","status":"publish","type":"post","link":"https:\/\/sincomavi.org.br\/?p=5704","title":{"rendered":"Grande S\u00e3o Paulo volta \u00e0s fases laranja e vermelha"},"content":{"rendered":"<style>.wp-block-kadence-spacer.kt-block-spacer-_9eb5ca-5b .kt-block-spacer{height:60px;}.wp-block-kadence-spacer.kt-block-spacer-_9eb5ca-5b .kt-divider{border-top-width:1px;height:1px;border-top-color:#eee;width:80%;border-top-style:solid;}<\/style>\n<div class=\"wp-block-kadence-spacer aligncenter kt-block-spacer-_9eb5ca-5b\"><div class=\"kt-block-spacer kt-block-spacer-halign-center\" style=\"height:60px\"><hr class=\"kt-divider\" style=\"border-top-color:rgba(238, 238, 238, 1);border-top-width:1px;width:80%;border-top-style:solid\"\/><\/div><\/div>\n\n\n\n<p>22\/01\/2021 &#8211; O Governo do Estado de S\u00e3o Paulo acaba de comunicar, em entrevista coletiva, as novas disposi\u00e7\u00f5es sobre o funcionamento das atividades no territ\u00f3rio estadual. Na Grande S\u00e3o Paulo, apesar do decreto correspondente ser publicado somente amanh\u00e3 no Di\u00e1rio Oficial do Estado, as medidas que impactam os setores n\u00e3o essenciais representados pelo Sincomavi valer\u00e3o a partir de 25\/01\/2021 e podem ser resumidas em que a atividade comercial:<\/p>\n\n\n\n<ul class=\"wp-block-list\"><li>Regride para Fase Laranja at\u00e9 07\/02\/2021 de segunda a sexta feira entre 6h e 20h.<\/li><\/ul>\n\n\n\n<ul class=\"wp-block-list\"><li>Regride para a fase Vermelha do Plano S\u00e3o Paulo aos s\u00e1bados, domingos e feriados entre 25\/01\/21 e 07\/02\/21 e tamb\u00e9m entre 20h e 6h em todos os outros dias da semana.<\/li><\/ul>\n\n\n\n<ul class=\"wp-block-list\"><li>&nbsp;Ficou entendido que no dia 08\/02\/21 ser\u00e3o anunciadas novas disposi\u00e7\u00f5es a respeito.<\/li><\/ul>\n\n\n\n<p><\/p>\n\n\n\n<h4 class=\"wp-block-heading\">Para melhor compreens\u00e3o, abaixo segue um resumo das disposi\u00e7\u00f5es sobre cada fase:<\/h4>\n\n\n\n<ul class=\"wp-block-list\"><li>FASE LARANJA<br>Capacidade 40% limitada<br>Hor\u00e1rio reduzido (8 horas): Ap\u00f3s as 6h e antes das 20h<br>Ado\u00e7\u00e3o dos protocolos geral e setorial espec\u00edficos<\/li><li>FASE VERMELHA<br>Atividade n\u00e3o permitida.<\/li><\/ul>\n\n\n\n<p><strong>Vale ressaltar que o com\u00e9rcio varejista de materiais de constru\u00e7\u00e3o \u00e9 considerado essencial e n\u00e3o foi atingido por essas novas determina\u00e7\u00f5es.<\/strong><\/p>\n\n\n\n<p>N\u00e3o esque\u00e7am que essa classifica\u00e7\u00e3o \u00e9 dada pelo CNAE constante do CNPJ da empresa, tendo o Sincomavi j\u00e1 publicado duas mat\u00e9rias a respeito, para as empresas que n\u00e3o constam essa atividade no CNPJ.<\/p>\n\n\n\n<ul class=\"wp-block-list\"><li><a href=\"https:\/\/sincomavi.org.br\/coronavirus-veja-se-sua-loja-pode-abrir\/\" target=\"_blank\" rel=\"noreferrer noopener\"><strong>Coronav\u00edrus: veja se sua loja pode abrir<\/strong><\/a><\/li><li><a href=\"https:\/\/sincomavi.org.br\/coronavirus-veja-se-sua-loja-pode-abrir-segunda-parte\/\" target=\"_blank\" rel=\"noreferrer noopener\"><strong>&nbsp;Coronavirus: veja se sua loja pode abrir (segunda parte)<\/strong><\/a><\/li><\/ul>\n\n\n\n<p><strong>Alertamos ainda que todos devem ficar atentos para a publica\u00e7\u00e3o do referido decreto, que poder\u00e1 trazer maiores esclarecimentos.<\/strong><\/p>\n\n\n\n<p>Abaixo transcrevemos informa\u00e7\u00f5es extra\u00eddas do site do Governo do Estado de S\u00e3o Paulo que ilustram as medidas tomadas.<\/p>\n\n\n\n<figure class=\"wp-block-image size-large\"><img loading=\"lazy\" decoding=\"async\" width=\"417\" height=\"226\" src=\"https:\/\/sincomavi.org.br\/wp-content\/uploads\/2021\/01\/PS1.jpg\" alt=\"\" class=\"wp-image-5705\" srcset=\"https:\/\/sincomavi.org.br\/wp-content\/uploads\/2021\/01\/PS1.jpg 417w, https:\/\/sincomavi.org.br\/wp-content\/uploads\/2021\/01\/PS1-300x163.jpg 300w\" sizes=\"auto, (max-width: 417px) 100vw, 417px\" \/><\/figure>\n\n\n\n<figure class=\"wp-block-image size-large\"><img loading=\"lazy\" decoding=\"async\" width=\"417\" height=\"192\" src=\"https:\/\/sincomavi.org.br\/wp-content\/uploads\/2021\/01\/PS2.jpg\" alt=\"\" class=\"wp-image-5706\" srcset=\"https:\/\/sincomavi.org.br\/wp-content\/uploads\/2021\/01\/PS2.jpg 417w, https:\/\/sincomavi.org.br\/wp-content\/uploads\/2021\/01\/PS2-300x138.jpg 300w\" sizes=\"auto, (max-width: 417px) 100vw, 417px\" \/><\/figure>\n\n\n\n<figure class=\"wp-block-image size-large\"><img loading=\"lazy\" decoding=\"async\" width=\"340\" height=\"259\" src=\"https:\/\/sincomavi.org.br\/wp-content\/uploads\/2021\/01\/imagem_2021-01-22_155650.png\" alt=\"\" class=\"wp-image-5707\" srcset=\"https:\/\/sincomavi.org.br\/wp-content\/uploads\/2021\/01\/imagem_2021-01-22_155650.png 340w, https:\/\/sincomavi.org.br\/wp-content\/uploads\/2021\/01\/imagem_2021-01-22_155650-300x229.png 300w, https:\/\/sincomavi.org.br\/wp-content\/uploads\/2021\/01\/imagem_2021-01-22_155650-80x60.png 80w, https:\/\/sincomavi.org.br\/wp-content\/uploads\/2021\/01\/imagem_2021-01-22_155650-100x75.png 100w\" sizes=\"auto, (max-width: 340px) 100vw, 340px\" \/><\/figure>\n\n\n<style>.wp-block-kadence-spacer.kt-block-spacer-_85970e-fe .kt-block-spacer{height:60px;}.wp-block-kadence-spacer.kt-block-spacer-_85970e-fe .kt-divider{border-top-width:1px;height:1px;border-top-color:#eee;width:80%;border-top-style:solid;}<\/style>\n<div class=\"wp-block-kadence-spacer aligncenter kt-block-spacer-_85970e-fe\"><div class=\"kt-block-spacer kt-block-spacer-halign-center\" style=\"height:60px\"><hr class=\"kt-divider\" style=\"border-top-color:rgba(238, 238, 238, 1);border-top-width:1px;width:80%;border-top-style:solid\"\/><\/div><\/div>\n\n\n\n<p><\/p>\n","protected":false},"excerpt":{"rendered":"<p>22\/01\/2021 &#8211; O Governo do Estado de S\u00e3o Paulo acaba de comunicar, em entrevista coletiva, as novas disposi\u00e7\u00f5es sobre o funcionamento das atividades no territ\u00f3rio estadual. Na Grande S\u00e3o Paulo, apesar do decreto correspondente ser publicado somente amanh\u00e3 no Di\u00e1rio Oficial do Estado, as medidas que impactam os setores n\u00e3o essenciais representados pelo Sincomavi valer\u00e3o [&hellip;]<\/p>\n","protected":false},"author":1,"featured_media":5708,"comment_status":"closed","ping_status":"open","sticky":false,"template":"","format":"standard","meta":{"tdm_status":"","tdm_grid_status":"","footnotes":""},"categories":[157],"tags":[199,349,653,588],"class_list":["post-5704","post","type-post","status-publish","format-standard","has-post-thumbnail","hentry","category-alerta","tag-comercio","tag-coronavirus","tag-covid-19-2","tag-plano-sao-paulo"],"amp_enabled":true,"_links":{"self":[{"href":"https:\/\/sincomavi.org.br\/index.php?rest_route=\/wp\/v2\/posts\/5704","targetHints":{"allow":["GET"]}}],"collection":[{"href":"https:\/\/sincomavi.org.br\/index.php?rest_route=\/wp\/v2\/posts"}],"about":[{"href":"https:\/\/sincomavi.org.br\/index.php?rest_route=\/wp\/v2\/types\/post"}],"author":[{"embeddable":true,"href":"https:\/\/sincomavi.org.br\/index.php?rest_route=\/wp\/v2\/users\/1"}],"replies":[{"embeddable":true,"href":"https:\/\/sincomavi.org.br\/index.php?rest_route=%2Fwp%2Fv2%2Fcomments&post=5704"}],"version-history":[{"count":3,"href":"https:\/\/sincomavi.org.br\/index.php?rest_route=\/wp\/v2\/posts\/5704\/revisions"}],"predecessor-version":[{"id":5737,"href":"https:\/\/sincomavi.org.br\/index.php?rest_route=\/wp\/v2\/posts\/5704\/revisions\/5737"}],"wp:featuredmedia":[{"embeddable":true,"href":"https:\/\/sincomavi.org.br\/index.php?rest_route=\/wp\/v2\/media\/5708"}],"wp:attachment":[{"href":"https:\/\/sincomavi.org.br\/index.php?rest_route=%2Fwp%2Fv2%2Fmedia&parent=5704"}],"wp:term":[{"taxonomy":"category","embeddable":true,"href":"https:\/\/sincomavi.org.br\/index.php?rest_route=%2Fwp%2Fv2%2Fcategories&post=5704"},{"taxonomy":"post_tag","embeddable":true,"href":"https:\/\/sincomavi.org.br\/index.php?rest_route=%2Fwp%2Fv2%2Ftags&post=5704"}],"curies":[{"name":"wp","href":"https:\/\/api.w.org\/{rel}","templated":true}]}}