{"id":5647,"date":"2021-01-11T18:23:55","date_gmt":"2021-01-11T20:23:55","guid":{"rendered":"https:\/\/sincomavi.org.br\/?p=5647"},"modified":"2021-01-11T18:23:57","modified_gmt":"2021-01-11T20:23:57","slug":"salario-minimo-cuidados","status":"publish","type":"post","link":"https:\/\/sincomavi.org.br\/?p=5647","title":{"rendered":"Sal\u00e1rio m\u00ednimo: cuidados"},"content":{"rendered":"<style>.wp-block-kadence-spacer.kt-block-spacer-_39337b-7b .kt-block-spacer{height:60px;}.wp-block-kadence-spacer.kt-block-spacer-_39337b-7b .kt-divider{border-top-width:1px;height:1px;border-top-color:#eee;width:80%;border-top-style:solid;}<\/style>\n<div class=\"wp-block-kadence-spacer aligncenter kt-block-spacer-_39337b-7b\"><div class=\"kt-block-spacer kt-block-spacer-halign-center\" style=\"height:60px\"><hr class=\"kt-divider\" style=\"border-top-color:rgba(238, 238, 238, 1);border-top-width:1px;width:80%;border-top-style:solid\"\/><\/div><\/div>\n\n\n\n<p>11\/01\/2021 &#8211; Tendo em vista a edi\u00e7\u00e3o da MP 1.021 (DOU 31.12.2020), o sal\u00e1rio m\u00ednimo mensal no pa\u00eds passou, a partir de 01\/01\/2021, para R$ 1.100,00 (mil e cem reais).Em raz\u00e3o desse reajuste e da prorroga\u00e7\u00e3o da vig\u00eancia de nossas CCTs (Conven\u00e7\u00f5es Coletivas de Trabalho), alguns pisos salariais ficaram abaixo desse valor. Como nenhum colaborador, desde que cumprida a jornada normal de trabalho (44 horas semanais), pode receber remunera\u00e7\u00e3o inferior ao sal\u00e1rio m\u00ednimo, se mostra aconselh\u00e1vel que todas as empresas do segmento verifiquem suas folhas de pagamento e fa\u00e7am as devidas adapta\u00e7\u00f5es.<\/p>\n\n\n<style>.wp-block-kadence-spacer.kt-block-spacer-_df5765-05 .kt-block-spacer{height:60px;}.wp-block-kadence-spacer.kt-block-spacer-_df5765-05 .kt-divider{border-top-width:1px;height:1px;border-top-color:#eee;width:80%;border-top-style:solid;}<\/style>\n<div class=\"wp-block-kadence-spacer aligncenter kt-block-spacer-_df5765-05\"><div class=\"kt-block-spacer kt-block-spacer-halign-center\" style=\"height:60px\"><hr class=\"kt-divider\" style=\"border-top-color:rgba(238, 238, 238, 1);border-top-width:1px;width:80%;border-top-style:solid\"\/><\/div><\/div>\n","protected":false},"excerpt":{"rendered":"<p>11\/01\/2021 &#8211; Tendo em vista a edi\u00e7\u00e3o da MP 1.021 (DOU 31.12.2020), o sal\u00e1rio m\u00ednimo mensal no pa\u00eds passou, a partir de 01\/01\/2021, para R$ 1.100,00 (mil e cem reais).Em raz\u00e3o desse reajuste e da prorroga\u00e7\u00e3o da vig\u00eancia de nossas CCTs (Conven\u00e7\u00f5es Coletivas de Trabalho), alguns pisos salariais ficaram abaixo desse valor. Como nenhum colaborador, [&hellip;]<\/p>\n","protected":false},"author":1,"featured_media":5648,"comment_status":"closed","ping_status":"open","sticky":false,"template":"","format":"standard","meta":{"tdm_status":"","tdm_grid_status":"","footnotes":""},"categories":[157],"tags":[647],"class_list":["post-5647","post","type-post","status-publish","format-standard","has-post-thumbnail","hentry","category-alerta","tag-salario-minimo"],"amp_enabled":true,"_links":{"self":[{"href":"https:\/\/sincomavi.org.br\/index.php?rest_route=\/wp\/v2\/posts\/5647","targetHints":{"allow":["GET"]}}],"collection":[{"href":"https:\/\/sincomavi.org.br\/index.php?rest_route=\/wp\/v2\/posts"}],"about":[{"href":"https:\/\/sincomavi.org.br\/index.php?rest_route=\/wp\/v2\/types\/post"}],"author":[{"embeddable":true,"href":"https:\/\/sincomavi.org.br\/index.php?rest_route=\/wp\/v2\/users\/1"}],"replies":[{"embeddable":true,"href":"https:\/\/sincomavi.org.br\/index.php?rest_route=%2Fwp%2Fv2%2Fcomments&post=5647"}],"version-history":[{"count":1,"href":"https:\/\/sincomavi.org.br\/index.php?rest_route=\/wp\/v2\/posts\/5647\/revisions"}],"predecessor-version":[{"id":5649,"href":"https:\/\/sincomavi.org.br\/index.php?rest_route=\/wp\/v2\/posts\/5647\/revisions\/5649"}],"wp:featuredmedia":[{"embeddable":true,"href":"https:\/\/sincomavi.org.br\/index.php?rest_route=\/wp\/v2\/media\/5648"}],"wp:attachment":[{"href":"https:\/\/sincomavi.org.br\/index.php?rest_route=%2Fwp%2Fv2%2Fmedia&parent=5647"}],"wp:term":[{"taxonomy":"category","embeddable":true,"href":"https:\/\/sincomavi.org.br\/index.php?rest_route=%2Fwp%2Fv2%2Fcategories&post=5647"},{"taxonomy":"post_tag","embeddable":true,"href":"https:\/\/sincomavi.org.br\/index.php?rest_route=%2Fwp%2Fv2%2Ftags&post=5647"}],"curies":[{"name":"wp","href":"https:\/\/api.w.org\/{rel}","templated":true}]}}