{"id":5637,"date":"2021-01-06T08:13:20","date_gmt":"2021-01-06T10:13:20","guid":{"rendered":"https:\/\/sincomavi.org.br\/?p=5637"},"modified":"2021-01-06T08:14:16","modified_gmt":"2021-01-06T10:14:16","slug":"carta-de-conjuntura-janeiro-de-2021","status":"publish","type":"post","link":"https:\/\/sincomavi.org.br\/?p=5637","title":{"rendered":"Carta de Conjuntura &#8211; Janeiro de 2021"},"content":{"rendered":"<style>.wp-block-kadence-spacer.kt-block-spacer-_967b38-d6 .kt-block-spacer{height:60px;}.wp-block-kadence-spacer.kt-block-spacer-_967b38-d6 .kt-divider{border-top-width:1px;height:1px;border-top-color:#eee;width:80%;border-top-style:solid;}<\/style>\n<div class=\"wp-block-kadence-spacer aligncenter kt-block-spacer-_967b38-d6\"><div class=\"kt-block-spacer kt-block-spacer-halign-center\" style=\"height:60px\"><hr class=\"kt-divider\" style=\"border-top-color:rgba(238, 238, 238, 1);border-top-width:1px;width:80%;border-top-style:solid\"\/><\/div><\/div>\n\n\n\n<p><strong>Por Jaime Vasconcellos, economista.<\/strong><\/p>\n\n\n\n<p>04 de janeiro de 2021, o primeiro dia \u00fatil do ano. Nada mais relevante confeccionarmos hoje uma edi\u00e7\u00e3o de nossa carta de conjuntura para tentarmos vislumbrar quais s\u00e3o as expectativas e os principais desafios macroecon\u00f4micos de nosso pa\u00eds neste ano que se inicia.<\/p>\n\n\n\n<p>Uma primeira pondera\u00e7\u00e3o a ser feita \u00e9 que quaisquer sentidos ou ritmos da din\u00e2mica econ\u00f4mica em 2021 est\u00e3o condicionados a supera\u00e7\u00e3o da pandemia do novo coronav\u00edrus, ou pelo menos um horizonte deste processo. Nos parece \u00f3bvio que a retomada da normalidade econ\u00f4mica, independentemente de seu plat\u00f4, se dar\u00e1 ap\u00f3s o in\u00edcio do processo de vacina\u00e7\u00e3o de nossa popula\u00e7\u00e3o. E quanto mais ligeira for tal realidade, mais r\u00e1pido poderemos nos concentrar nos desafios de ordem econ\u00f4mica que vivenciamos e veremos a seguir.<\/p>\n\n\n\n<p>O maior desafio que a economia brasileira enfrenta se d\u00e1 no campo fiscal. As medidas emergenciais para suporte aos impactos da crise trazida pela pandemia consumiram cerca de R$ 600 bilh\u00f5es das contas p\u00fablicas e elevar\u00e3o nossa rela\u00e7\u00e3o d\u00edvida\/PIB acima dos 90%. E para 2021 j\u00e1 se espera um d\u00e9ficit prim\u00e1rio de cerca de R$ 250 bilh\u00f5es. Essa fragiliza\u00e7\u00e3o fiscal reduz a capacidade de investimento do Governo e p\u00f5e em risco o teto de gastos, importante pilar de solv\u00eancia das contas p\u00fablicas, onde se garante que os gastos n\u00e3o cres\u00e7am acima da infla\u00e7\u00e3o.<\/p>\n\n\n\n<p>Caso n\u00e3o haja redu\u00e7\u00e3o do tamanho da m\u00e1quina p\u00fablica no ano que se inicia, por meio de privatiza\u00e7\u00f5es, reformas estruturais (administrativa e tribut\u00e1ria) e avalia\u00e7\u00e3o de relevantes PECs, teremos um horizonte de risco severo \u00e0 sustenta\u00e7\u00e3o econ\u00f4mica. Tais medidas s\u00e3o vitais ao nosso futuro ainda que nossa preocupa\u00e7\u00e3o no presente seja a instabilidade e pouca clareza do atual Executivo Federal sobre suas prioridades e suas estrat\u00e9gicas de implanta\u00e7\u00e3o. &nbsp;O ano de 2021 se inicia com novas ondas do v\u00edrus, conjuntura econ\u00f4mica desafiadora sem a artificialidade de medidas emergenciais e pouca clareza das pol\u00edticas econ\u00f4micas.<\/p>\n\n\n\n<p>Ressalta-se que os indicadores macroecon\u00f4micos est\u00e3o condicionados aos cen\u00e1rios descritos acima e \u00e9 importante ponderar que conjunturalmente ainda que tenhamos bom percentual de crescimento econ\u00f4mico em 2021, ele ocorre em maior parte pela baixa base comparativa de 2020. A despeito do sucesso das principais medidas emergenciais implantadas ano passado, viveremos agora sem elas, com desemprego e infla\u00e7\u00e3o crescentes e, por isso, curva de juros provavelmente em ascens\u00e3o.<\/p>\n\n\n\n<p>Ainda que tais tend\u00eancias apontadas sejam j\u00e1 conhecidas, a retomada se d\u00e1 no primeiro bloco de nossa carta, isto \u00e9, no equil\u00edbrio fiscal. Ou melhor, na busca de um equil\u00edbrio fiscal, com metas, objetivos e estrat\u00e9gias apresentadas e melhor explicadas. O sucesso do amparo econ\u00f4mico nos piores momentos da crise apenas se consolidar\u00e1 como sucesso ao enfrentamento total da pandemia se ele estiver aplicado a todo o processo, principalmente agora com a imin\u00eancia da vacina\u00e7\u00e3o.<\/p>\n\n\n\n<p>&nbsp;O maior amparo socioecon\u00f4mico a ser dado neste in\u00edcio de 2021 est\u00e1 na sinaliza\u00e7\u00e3o clara do respeito ao limite dos gastos p\u00fablicos e na concentra\u00e7\u00e3o de esfor\u00e7os para prote\u00e7\u00e3o da sa\u00fade populacional. Quanto mais r\u00e1pido e eficientemente controlarmos a pandemia com a vacina\u00e7\u00e3o, mais r\u00e1pida haver\u00e1 uma trilha de recupera\u00e7\u00e3o econ\u00f4mica.<\/p>\n\n\n\n<p>Com isso, seguem abaixo nossas proje\u00e7\u00f5es atualizadas para economia brasileira em 2021:<\/p>\n\n\n\n<ul class=\"wp-block-list\"><li><strong>PIB<\/strong>: +3,0%&nbsp;&nbsp;&nbsp;&nbsp;&nbsp;&nbsp;&nbsp;&nbsp;&nbsp;&nbsp;&nbsp;&nbsp;&nbsp;&nbsp;&nbsp;&nbsp;&nbsp;&nbsp;&nbsp;&nbsp;&nbsp;&nbsp;&nbsp;&nbsp;&nbsp;&nbsp;&nbsp;&nbsp;&nbsp;&nbsp;&nbsp;&nbsp;&nbsp;&nbsp;&nbsp;<\/li><li><strong>IPCA\/IBGE<\/strong>: +3,5%&nbsp;&nbsp;&nbsp;&nbsp;&nbsp;&nbsp;&nbsp;&nbsp;&nbsp;&nbsp;&nbsp;&nbsp;&nbsp;&nbsp;&nbsp;&nbsp;&nbsp;&nbsp;&nbsp;&nbsp;&nbsp;&nbsp;&nbsp;&nbsp;&nbsp;&nbsp;&nbsp;&nbsp;&nbsp;&nbsp;&nbsp;&nbsp;&nbsp;&nbsp;&nbsp;&nbsp;&nbsp;&nbsp;&nbsp;&nbsp;&nbsp;&nbsp;&nbsp;<\/li><li><strong>SELIC<\/strong>: 3,00%&nbsp;&nbsp;&nbsp;&nbsp;&nbsp;&nbsp;&nbsp;&nbsp;&nbsp;&nbsp;&nbsp;&nbsp;&nbsp;&nbsp;&nbsp;&nbsp;&nbsp;&nbsp;&nbsp;&nbsp;&nbsp;&nbsp;&nbsp;&nbsp;&nbsp;&nbsp;&nbsp;&nbsp;&nbsp;&nbsp;<\/li><li><strong>Taxa de C\u00e2mbio:<\/strong> 5,00&nbsp;<\/li><li><strong>Balan\u00e7a comercial<\/strong>: + US$ 40 bi<\/li><li><strong>Vendas do varejo<\/strong>: +2,0%<\/li><li><strong>Volume dos servi\u00e7os<\/strong>: +2,0%<\/li><\/ul>\n\n\n<style>.wp-block-kadence-spacer.kt-block-spacer-_cbddf6-b3 .kt-block-spacer{height:60px;}.wp-block-kadence-spacer.kt-block-spacer-_cbddf6-b3 .kt-divider{border-top-width:1px;height:1px;border-top-color:#eee;width:80%;border-top-style:solid;}<\/style>\n<div class=\"wp-block-kadence-spacer aligncenter kt-block-spacer-_cbddf6-b3\"><div class=\"kt-block-spacer kt-block-spacer-halign-center\" style=\"height:60px\"><hr class=\"kt-divider\" style=\"border-top-color:rgba(238, 238, 238, 1);border-top-width:1px;width:80%;border-top-style:solid\"\/><\/div><\/div>\n","protected":false},"excerpt":{"rendered":"<p>Por Jaime Vasconcellos, economista. 04 de janeiro de 2021, o primeiro dia \u00fatil do ano. Nada mais relevante confeccionarmos hoje uma edi\u00e7\u00e3o de nossa carta de conjuntura para tentarmos vislumbrar quais s\u00e3o as expectativas e os principais desafios macroecon\u00f4micos de nosso pa\u00eds neste ano que se inicia. Uma primeira pondera\u00e7\u00e3o a ser feita \u00e9 que [&hellip;]<\/p>\n","protected":false},"author":1,"featured_media":5638,"comment_status":"closed","ping_status":"open","sticky":false,"template":"","format":"standard","meta":{"tdm_status":"","tdm_grid_status":"","footnotes":""},"categories":[210],"tags":[275,199,156,161,273,202,203,274,200,75,276],"class_list":["post-5637","post","type-post","status-publish","format-standard","has-post-thumbnail","hentry","category-artigos","tag-balanca-comercial","tag-comercio","tag-economia","tag-ibge","tag-ipca","tag-pib","tag-selic","tag-taxa-de-cambio","tag-varejo","tag-vendas","tag-volume-de-servicos"],"amp_enabled":true,"_links":{"self":[{"href":"https:\/\/sincomavi.org.br\/index.php?rest_route=\/wp\/v2\/posts\/5637","targetHints":{"allow":["GET"]}}],"collection":[{"href":"https:\/\/sincomavi.org.br\/index.php?rest_route=\/wp\/v2\/posts"}],"about":[{"href":"https:\/\/sincomavi.org.br\/index.php?rest_route=\/wp\/v2\/types\/post"}],"author":[{"embeddable":true,"href":"https:\/\/sincomavi.org.br\/index.php?rest_route=\/wp\/v2\/users\/1"}],"replies":[{"embeddable":true,"href":"https:\/\/sincomavi.org.br\/index.php?rest_route=%2Fwp%2Fv2%2Fcomments&post=5637"}],"version-history":[{"count":2,"href":"https:\/\/sincomavi.org.br\/index.php?rest_route=\/wp\/v2\/posts\/5637\/revisions"}],"predecessor-version":[{"id":5640,"href":"https:\/\/sincomavi.org.br\/index.php?rest_route=\/wp\/v2\/posts\/5637\/revisions\/5640"}],"wp:featuredmedia":[{"embeddable":true,"href":"https:\/\/sincomavi.org.br\/index.php?rest_route=\/wp\/v2\/media\/5638"}],"wp:attachment":[{"href":"https:\/\/sincomavi.org.br\/index.php?rest_route=%2Fwp%2Fv2%2Fmedia&parent=5637"}],"wp:term":[{"taxonomy":"category","embeddable":true,"href":"https:\/\/sincomavi.org.br\/index.php?rest_route=%2Fwp%2Fv2%2Fcategories&post=5637"},{"taxonomy":"post_tag","embeddable":true,"href":"https:\/\/sincomavi.org.br\/index.php?rest_route=%2Fwp%2Fv2%2Ftags&post=5637"}],"curies":[{"name":"wp","href":"https:\/\/api.w.org\/{rel}","templated":true}]}}