{"id":5623,"date":"2020-12-23T18:31:30","date_gmt":"2020-12-23T20:31:30","guid":{"rendered":"https:\/\/sincomavi.org.br\/?p=5623"},"modified":"2020-12-23T18:33:48","modified_gmt":"2020-12-23T20:33:48","slug":"covid-medidas-emergenciais","status":"publish","type":"post","link":"https:\/\/sincomavi.org.br\/?p=5623","title":{"rendered":"Covid: medidas emergenciais"},"content":{"rendered":"<style>.wp-block-kadence-spacer.kt-block-spacer-_44c475-14 .kt-block-spacer{height:60px;}.wp-block-kadence-spacer.kt-block-spacer-_44c475-14 .kt-divider{border-top-width:1px;height:1px;border-top-color:#eee;width:80%;border-top-style:solid;}<\/style>\n<div class=\"wp-block-kadence-spacer aligncenter kt-block-spacer-_44c475-14\"><div class=\"kt-block-spacer kt-block-spacer-halign-center\" style=\"height:60px\"><hr class=\"kt-divider\" style=\"border-top-color:rgba(238, 238, 238, 1);border-top-width:1px;width:80%;border-top-style:solid\"\/><\/div><\/div>\n\n\n\n<p>23\/12\/20 &#8211; O Governo do Estado de S\u00e3o Paulo anunciou novas restri\u00e7\u00f5es emergenciais e tempor\u00e1rias \u00e0 atividade econ\u00f4mica n\u00e3o essencial nesse final do ano, para tentar evitar o avan\u00e7o da pandemia. Todas as regi\u00f5es do estado dever\u00e3o entrar, nos dias 25,26 e 27 de dezembro e 01,02 e 03 de janeiro, na fase vermelha do Plano S\u00e3o Paulo.<\/p>\n\n\n\n<p>Nesses seis dias somente atividades essenciais poder\u00e3o funcionar, sendo que o atendimento presencial est\u00e1 proibido em shoppings, lojas, concession\u00e1rias, escrit\u00f3rios, bares, restaurantes, academias, sal\u00f5es de beleza e estabelecimentos de eventos culturais.<\/p>\n\n\n\n<p>J\u00e1 os servi\u00e7os essenciais como farm\u00e1cias, mercados, padarias, postos de combust\u00edveis, lavanderias, servi\u00e7os de hotelaria e o <strong>com\u00e9rcio de materiais de constru\u00e7\u00e3o est\u00e3o liberados<\/strong>.<\/p>\n\n\n\n<p>O Sincomavi lembra que, na sua base territorial, j\u00e1 \u00e9 determinado que o trabalho n\u00e3o pode ser exercido nos dias 25\/12 (Natal) e 01\/01 (Ano Novo), por for\u00e7a das Conven\u00e7\u00f5es Coletivas de Trabalho assinadas com os representantes dos trabalhadores.<\/p>\n\n\n\n<p>O anuncio das restri\u00e7\u00f5es se deu em entrevista das autoridades estaduais respons\u00e1veis pelo controle da epidemia, cujo &#8220;slide&#8221; segue abaixo, e at\u00e9 o momento n\u00e3o havia sido publicado em di\u00e1rios oficiais.<\/p>\n\n\n<style>.wp-block-kadence-advancedbtn.kb-btns_2cbdd1-f5{gap:var(--global-kb-gap-xs, 0.5rem );justify-content:center;align-items:center;}.kt-btns_2cbdd1-f5 .kt-button{font-weight:normal;font-style:normal;}.kt-btns_2cbdd1-f5 .kt-btn-wrap-0{margin-right:5px;}.wp-block-kadence-advancedbtn.kt-btns_2cbdd1-f5 .kt-btn-wrap-0 .kt-button{color:#555555;border-color:#555555;}.wp-block-kadence-advancedbtn.kt-btns_2cbdd1-f5 .kt-btn-wrap-0 .kt-button:hover, .wp-block-kadence-advancedbtn.kt-btns_2cbdd1-f5 .kt-btn-wrap-0 .kt-button:focus{color:#ffffff;border-color:#444444;}.wp-block-kadence-advancedbtn.kt-btns_2cbdd1-f5 .kt-btn-wrap-0 .kt-button::before{display:none;}.wp-block-kadence-advancedbtn.kt-btns_2cbdd1-f5 .kt-btn-wrap-0 .kt-button:hover, .wp-block-kadence-advancedbtn.kt-btns_2cbdd1-f5 .kt-btn-wrap-0 .kt-button:focus{background:#444444;}<\/style>\n<div class=\"wp-block-kadence-advancedbtn kt-btn-align-center kt-btn-tablet-align-inherit kt-btn-mobile-align-inherit kt-btns-wrap kt-btns_2cbdd1-f5\"><div class=\"kt-btn-wrap kt-btn-wrap-0\"><a class=\"kt-button button kt-btn-0-action kt-btn-size-standard kt-btn-style-basic kt-btn-svg-show-always kt-btn-has-text-true kt-btn-has-svg-false\" href=\"https:\/\/sincomavi.org.br\/wp-content\/uploads\/2020\/12\/COVID-MEDIDAS-EMERGENCIAIS-SLIDE.png\" target=\"_blank\" rel=\"noreferrer noopener\"><span class=\"kt-btn-inner-text\">DOWNLOAD<\/span><\/a><\/div><\/div>\n\n\n<style>.wp-block-kadence-spacer.kt-block-spacer-_a285be-93 .kt-block-spacer{height:60px;}.wp-block-kadence-spacer.kt-block-spacer-_a285be-93 .kt-divider{border-top-width:1px;height:1px;border-top-color:#eee;width:80%;border-top-style:solid;}<\/style>\n<div class=\"wp-block-kadence-spacer aligncenter kt-block-spacer-_a285be-93\"><div class=\"kt-block-spacer kt-block-spacer-halign-center\" style=\"height:60px\"><hr class=\"kt-divider\" style=\"border-top-color:rgba(238, 238, 238, 1);border-top-width:1px;width:80%;border-top-style:solid\"\/><\/div><\/div>\n\n\n\n<p><\/p>\n","protected":false},"excerpt":{"rendered":"<p>23\/12\/20 &#8211; O Governo do Estado de S\u00e3o Paulo anunciou novas restri\u00e7\u00f5es emergenciais e tempor\u00e1rias \u00e0 atividade econ\u00f4mica n\u00e3o essencial nesse final do ano, para tentar evitar o avan\u00e7o da pandemia. Todas as regi\u00f5es do estado dever\u00e3o entrar, nos dias 25,26 e 27 de dezembro e 01,02 e 03 de janeiro, na fase vermelha do [&hellip;]<\/p>\n","protected":false},"author":1,"featured_media":5624,"comment_status":"closed","ping_status":"open","sticky":false,"template":"","format":"standard","meta":{"tdm_status":"","tdm_grid_status":"","footnotes":""},"categories":[153],"tags":[349,397,588],"class_list":["post-5623","post","type-post","status-publish","format-standard","has-post-thumbnail","hentry","category-noticias","tag-coronavirus","tag-covid-19","tag-plano-sao-paulo"],"amp_enabled":true,"_links":{"self":[{"href":"https:\/\/sincomavi.org.br\/index.php?rest_route=\/wp\/v2\/posts\/5623","targetHints":{"allow":["GET"]}}],"collection":[{"href":"https:\/\/sincomavi.org.br\/index.php?rest_route=\/wp\/v2\/posts"}],"about":[{"href":"https:\/\/sincomavi.org.br\/index.php?rest_route=\/wp\/v2\/types\/post"}],"author":[{"embeddable":true,"href":"https:\/\/sincomavi.org.br\/index.php?rest_route=\/wp\/v2\/users\/1"}],"replies":[{"embeddable":true,"href":"https:\/\/sincomavi.org.br\/index.php?rest_route=%2Fwp%2Fv2%2Fcomments&post=5623"}],"version-history":[{"count":3,"href":"https:\/\/sincomavi.org.br\/index.php?rest_route=\/wp\/v2\/posts\/5623\/revisions"}],"predecessor-version":[{"id":5628,"href":"https:\/\/sincomavi.org.br\/index.php?rest_route=\/wp\/v2\/posts\/5623\/revisions\/5628"}],"wp:featuredmedia":[{"embeddable":true,"href":"https:\/\/sincomavi.org.br\/index.php?rest_route=\/wp\/v2\/media\/5624"}],"wp:attachment":[{"href":"https:\/\/sincomavi.org.br\/index.php?rest_route=%2Fwp%2Fv2%2Fmedia&parent=5623"}],"wp:term":[{"taxonomy":"category","embeddable":true,"href":"https:\/\/sincomavi.org.br\/index.php?rest_route=%2Fwp%2Fv2%2Fcategories&post=5623"},{"taxonomy":"post_tag","embeddable":true,"href":"https:\/\/sincomavi.org.br\/index.php?rest_route=%2Fwp%2Fv2%2Ftags&post=5623"}],"curies":[{"name":"wp","href":"https:\/\/api.w.org\/{rel}","templated":true}]}}