{"id":5609,"date":"2020-12-21T15:39:06","date_gmt":"2020-12-21T17:39:06","guid":{"rendered":"https:\/\/sincomavi.org.br\/?p=5609"},"modified":"2020-12-21T15:41:30","modified_gmt":"2020-12-21T17:41:30","slug":"medidas-de-prevencao-a-covid-19-por-estabelecimentos","status":"publish","type":"post","link":"https:\/\/sincomavi.org.br\/?p=5609","title":{"rendered":"Medidas de preven\u00e7\u00e3o \u00e0 Covid-19 por estabelecimentos"},"content":{"rendered":"<style>.wp-block-kadence-spacer.kt-block-spacer-_f0382a-39 .kt-block-spacer{height:60px;}.wp-block-kadence-spacer.kt-block-spacer-_f0382a-39 .kt-divider{border-top-width:1px;height:1px;border-top-color:#eee;width:80%;border-top-style:solid;}<\/style>\n<div class=\"wp-block-kadence-spacer aligncenter kt-block-spacer-_f0382a-39\"><div class=\"kt-block-spacer kt-block-spacer-halign-center\" style=\"height:60px\"><hr class=\"kt-divider\" style=\"border-top-color:rgba(238, 238, 238, 1);border-top-width:1px;width:80%;border-top-style:solid\"\/><\/div><\/div>\n\n\n\n<p>Em raz\u00e3o da reclassifica\u00e7\u00e3o do Estado de S\u00e3o Paulo para a fase amarela prevista no Decreto Municipal n\u00ba 59.936, de 1\u00ba de dezembro de 2020 e pelo Plano S\u00e3o Paulo, em sua 16\u00aa atualiza\u00e7\u00e3o, \u00e9 preciso ressaltar a import\u00e2ncia da ado\u00e7\u00e3o das medidas de preven\u00e7\u00e3o ao COVID-19, a fim de demonstrar o cumprimento dos protocolos sanit\u00e1rios pelo com\u00e9rcio e estabelecimentos prestadores de servi\u00e7os.<\/p>\n\n\n\n<p>Os protocolos sanit\u00e1rios foram desenvolvidos como estrat\u00e9gia para retomar com seguran\u00e7a a economia do estado durante a pandemia do coronav\u00edrus, no \u00e2mbito do Plano S\u00e3o Paulo do Governo do Estado, &nbsp;e est\u00e3o dispon\u00edveis para download no seguinte link:<strong> <a href=\"https:\/\/www.saopaulo.sp.gov.br\/wp-content\/uploads\/2020\/07\/protocolo-setorial-comercio-v4.pdf\" target=\"_blank\" rel=\"noreferrer noopener\">clique aqui<\/a><\/strong>.<\/p>\n\n\n\n<p>No tocante \u00e0 pessoa com defici\u00eancia, a <a href=\"https:\/\/sincomavi.org.br\/wp-content\/uploads\/2020\/12\/nota_tecnica_05.2020.covisa.pdf\" target=\"_blank\" rel=\"noreferrer noopener\"><strong>Nota t\u00e9cnica 05\/DVPSIS\/COVISA\/2020<\/strong><\/a> traz as recomenda\u00e7\u00f5es para preven\u00e7\u00e3o e controle de infec\u00e7\u00f5es pelo coronav\u00edrus (COVID-19), contendo as seguintes orienta\u00e7\u00f5es aos estabelecimentos:&nbsp;<\/p>\n\n\n\n<ul class=\"wp-block-list\"><li>Instalar recipientes com \u00e1lcool gel 70% em locais acess\u00edveis: tais recipientes devem estar dispon\u00edveis em locais de maior circula\u00e7\u00e3o, de f\u00e1cil visualiza\u00e7\u00e3o e acesso, em n\u00famero suficiente para atender a demanda e que atendam \u00e0s necessidades das pessoas com defici\u00eancia, tais como pessoas com nanismo, baixa estatura e usu\u00e1rios de cadeiras de rodas.&nbsp;<\/li><\/ul>\n\n\n\n<ul class=\"wp-block-list\"><li>Envelopar os card\u00e1pios em braile: para possibilitar sua higieniza\u00e7\u00e3o com \u00e1lcool l\u00edquido a 70% ap\u00f3s cada uso, podendo ser usado o pl\u00e1stico filme;&nbsp;<\/li><\/ul>\n\n\n\n<ul class=\"wp-block-list\"><li>Intensificar a higieniza\u00e7\u00e3o dos ambientes e superf\u00edcies de contato frequente por pessoas com defici\u00eancia, como pisos, corrim\u00e3os, ma\u00e7anetas, barras de apoio e outros locais onde possa haver contato com as m\u00e3os;&nbsp;<\/li><\/ul>\n\n\n\n<ul class=\"wp-block-list\"><li>Higienizar as cadeiras de roda dispon\u00edveis para pessoas com defici\u00eancia com \u00e1gua e sab\u00e3o, com \u00e1lcool 70% ou outro produto desinfetante, a cada uso;&nbsp;<\/li><\/ul>\n\n\n\n<ul class=\"wp-block-list\"><li>Permitir o acesso de pessoas com Transtorno do Espectro Autista (TEA) sem a utiliza\u00e7\u00e3o de m\u00e1scaras de prote\u00e7\u00e3o, descart\u00e1veis ou confeccionadas em tecido, desde que apresentem um dos seguintes documentos:&nbsp;<\/li><\/ul>\n\n\n\n<p>&#8211;&nbsp;&nbsp; Laudo m\u00e9dico que ateste o diagn\u00f3stico de TEA &#8211; CID F84;<\/p>\n\n\n\n<p>&#8211;&nbsp;&nbsp; Carteira de Identifica\u00e7\u00e3o da Pessoa com Transtorno do Espectro Autista &#8211; CIPTEA;<\/p>\n\n\n\n<p>&#8211;&nbsp;&nbsp; Carteira de Institui\u00e7\u00e3o que comprove o diagn\u00f3stico de TEA &#8211; CID F84.<\/p>\n\n\n\n<p>Obs: Essa desobriga\u00e7\u00e3o n\u00e3o exclui a pr\u00e1tica de outros cuidados como: distanciamento social, higiene das m\u00e3os e etiqueta respirat\u00f3ria;&nbsp;<\/p>\n\n\n\n<ul class=\"wp-block-list\"><li>Permitir o acesso de acompanhantes de pessoas com defici\u00eancia, desde que estejam sempre de m\u00e1scara;&nbsp;<\/li><\/ul>\n\n\n\n<ul class=\"wp-block-list\"><li>Realizar atendimento preferencial \u00e0s pessoas com defici\u00eancia, visando \u00e0 redu\u00e7\u00e3o de tempo de perman\u00eancia nas depend\u00eancias do estabelecimento.<\/li><\/ul>\n\n\n\n<p><strong>Recomenda\u00e7\u00f5es e orienta\u00e7\u00f5es importantes:&nbsp;<\/strong><\/p>\n\n\n\n<ul class=\"wp-block-list\"><li>O uso de m\u00e1scara adaptada com visor labial \u00e9 recomend\u00e1vel durante a comunica\u00e7\u00e3o com pessoas com defici\u00eancia auditiva, onde for permitida a m\u00e1scara facial de uso n\u00e3o profissional, conforme orienta\u00e7\u00f5es da ANVISA \u201cORIENTA\u00c7\u00d5ES GERAIS \u2013 M\u00e1scaras faciais de uso n\u00e3o profissional\u201d. Tais m\u00e1scaras dever\u00e3o se apresentar com integridade e limpas, caso contr\u00e1rio, dever\u00e3o ser descartadas. &nbsp;O passo a passo para confec\u00e7\u00e3o destas m\u00e1scaras est\u00e1 dispon\u00edvel no<strong> <a href=\"http:\/\/www.capital.sp.gov.br\/noticia\/passo-a-passo-para-confeccionar-mascara-adaptada-que-facilita-a-leitura-labial\" target=\"_blank\" rel=\"noreferrer noopener\">site da prefeitura<\/a>.<\/strong>&nbsp;<\/li><\/ul>\n\n\n\n<ul class=\"wp-block-list\"><li>\u00c9 recomend\u00e1vel que o tapete sanitizante seja adequado para permitir a rota\u00e7\u00e3o de 360\u00ba das cadeiras de rodas na entrada dos recintos;&nbsp;<\/li><\/ul>\n\n\n\n<ul class=\"wp-block-list\"><li>O uso de tapetes sanitizantes n\u00e3o \u00e9 imprescind\u00edvel para os estabelecimentos, desde que garantidos os procedimentos de limpeza, desinfec\u00e7\u00e3o de pisos e superf\u00edcies com t\u00e9cnica apropriada, mediante a\u00e7\u00e3o mec\u00e2nica de remo\u00e7\u00e3o de sujidades e n\u00e3o somente a simples utiliza\u00e7\u00e3o de produto desinfetante.&nbsp;<\/li><\/ul>\n\n\n\n<p>Outras informa\u00e7\u00f5es poder\u00e3o ser obtidas no seguinte link: <a rel=\"noreferrer noopener\" href=\"https:\/\/www.prefeitura.sp.gov.br\/cidade\/secretarias\/pessoa_com_deficiencia\/noticias\/index.php?p=296331\" target=\"_blank\"><strong>clique aqui<\/strong><\/a>.<\/p>\n\n\n\n<p><strong>Em caso de d\u00favidas, mande uma mensagem para juridico@sincomavi.org.br.<\/strong><\/p>\n\n\n\n<p><strong>Fonte: Assessoria T\u00e9cnica FecomercioSP<\/strong><\/p>\n\n\n<style>.wp-block-kadence-spacer.kt-block-spacer-_fd2d56-c9 .kt-block-spacer{height:60px;}.wp-block-kadence-spacer.kt-block-spacer-_fd2d56-c9 .kt-divider{border-top-width:1px;height:1px;border-top-color:#eee;width:80%;border-top-style:solid;}<\/style>\n<div class=\"wp-block-kadence-spacer aligncenter kt-block-spacer-_fd2d56-c9\"><div class=\"kt-block-spacer kt-block-spacer-halign-center\" style=\"height:60px\"><hr class=\"kt-divider\" style=\"border-top-color:rgba(238, 238, 238, 1);border-top-width:1px;width:80%;border-top-style:solid\"\/><\/div><\/div>\n","protected":false},"excerpt":{"rendered":"<p>Em raz\u00e3o da reclassifica\u00e7\u00e3o do Estado de S\u00e3o Paulo para a fase amarela prevista no Decreto Municipal n\u00ba 59.936, de 1\u00ba de dezembro de 2020 e pelo Plano S\u00e3o Paulo, em sua 16\u00aa atualiza\u00e7\u00e3o, \u00e9 preciso ressaltar a import\u00e2ncia da ado\u00e7\u00e3o das medidas de preven\u00e7\u00e3o ao COVID-19, a fim de demonstrar o cumprimento dos protocolos [&hellip;]<\/p>\n","protected":false},"author":1,"featured_media":5613,"comment_status":"closed","ping_status":"open","sticky":false,"template":"","format":"standard","meta":{"tdm_status":"","tdm_grid_status":"","footnotes":""},"categories":[157],"tags":[199,349,397,588,247,219,200],"class_list":["post-5609","post","type-post","status-publish","format-standard","has-post-thumbnail","hentry","category-alerta","tag-comercio","tag-coronavirus","tag-covid-19","tag-plano-sao-paulo","tag-pmsp","tag-sao-paulo","tag-varejo"],"amp_enabled":true,"_links":{"self":[{"href":"https:\/\/sincomavi.org.br\/index.php?rest_route=\/wp\/v2\/posts\/5609","targetHints":{"allow":["GET"]}}],"collection":[{"href":"https:\/\/sincomavi.org.br\/index.php?rest_route=\/wp\/v2\/posts"}],"about":[{"href":"https:\/\/sincomavi.org.br\/index.php?rest_route=\/wp\/v2\/types\/post"}],"author":[{"embeddable":true,"href":"https:\/\/sincomavi.org.br\/index.php?rest_route=\/wp\/v2\/users\/1"}],"replies":[{"embeddable":true,"href":"https:\/\/sincomavi.org.br\/index.php?rest_route=%2Fwp%2Fv2%2Fcomments&post=5609"}],"version-history":[{"count":3,"href":"https:\/\/sincomavi.org.br\/index.php?rest_route=\/wp\/v2\/posts\/5609\/revisions"}],"predecessor-version":[{"id":5616,"href":"https:\/\/sincomavi.org.br\/index.php?rest_route=\/wp\/v2\/posts\/5609\/revisions\/5616"}],"wp:featuredmedia":[{"embeddable":true,"href":"https:\/\/sincomavi.org.br\/index.php?rest_route=\/wp\/v2\/media\/5613"}],"wp:attachment":[{"href":"https:\/\/sincomavi.org.br\/index.php?rest_route=%2Fwp%2Fv2%2Fmedia&parent=5609"}],"wp:term":[{"taxonomy":"category","embeddable":true,"href":"https:\/\/sincomavi.org.br\/index.php?rest_route=%2Fwp%2Fv2%2Fcategories&post=5609"},{"taxonomy":"post_tag","embeddable":true,"href":"https:\/\/sincomavi.org.br\/index.php?rest_route=%2Fwp%2Fv2%2Ftags&post=5609"}],"curies":[{"name":"wp","href":"https:\/\/api.w.org\/{rel}","templated":true}]}}