{"id":5599,"date":"2020-12-12T15:14:07","date_gmt":"2020-12-12T17:14:07","guid":{"rendered":"https:\/\/sincomavi.org.br\/?p=5599"},"modified":"2020-12-12T15:14:27","modified_gmt":"2020-12-12T17:14:27","slug":"fase-amarela-mudanca-de-horario-para-o-fim-de-ano","status":"publish","type":"post","link":"https:\/\/sincomavi.org.br\/?p=5599","title":{"rendered":"Fase Amarela:  mudan\u00e7a de hor\u00e1rio para o fim de ano"},"content":{"rendered":"<style>.wp-block-kadence-spacer.kt-block-spacer-_82cf14-c1 .kt-block-spacer{height:60px;}.wp-block-kadence-spacer.kt-block-spacer-_82cf14-c1 .kt-divider{border-top-width:1px;height:1px;border-top-color:#eee;width:80%;border-top-style:solid;}<\/style>\n<div class=\"wp-block-kadence-spacer aligncenter kt-block-spacer-_82cf14-c1\"><div class=\"kt-block-spacer kt-block-spacer-halign-center\" style=\"height:60px\"><hr class=\"kt-divider\" style=\"border-top-color:rgba(238, 238, 238, 1);border-top-width:1px;width:80%;border-top-style:solid\"\/><\/div><\/div>\n\n\n\n<p>12\/12\/2020 | A Fase Amarela do Plano S\u00e3o Paulo de reabertura, que havia retornado em 30 de novembro de 2020, sofrer\u00e1 mudan\u00e7as determinadas pelo governo estadual a partir deste s\u00e1bado.<\/p>\n\n\n\n<p>Atendendo o pleito de diversas entidades, inclusive o Sincomavi, no sentido de tentar diminuir o impacto econ\u00f4mico nas empresas e, concomitantemente, o risco de cont\u00e1gio pelo novo coronav\u00edrus, as novas medidas anunciadas, para o Estado de S\u00e3o Paulo, por meio do Decreto n\u00ba 65.357, buscam reduzir concentra\u00e7\u00f5es de pessoas em ruas, shoppings e estabelecimentos comerciais. &nbsp;Desse modo, \u00e9 possibilitada a amplia\u00e7\u00e3o do hor\u00e1rio de funcionamento do com\u00e9rcio de rua e dos shoppings por um per\u00edodo de at\u00e9 12 horas di\u00e1rias, permanecendo o limite de fechamento \u00e0s 22 horas.<\/p>\n\n\n\n<p>\u00c9 importante salientar que todas as outras medidas de preven\u00e7\u00e3o continuam em vigor (capacidade de 40%, m\u00e1scaras, sinaliza\u00e7\u00f5es, protocolos etc.).<\/p>\n\n\n\n<p>Tamb\u00e9m \u00e9 preciso lembrar que dessa vez a prefeitura da capital, at\u00e9 a edi\u00e7\u00e3o dessa mat\u00e9ria, ainda n\u00e3o tinha publicado o competente decreto, mas divulgou mat\u00e9ria a respeito em seu site, que pode ser conferido no seguinte link: <a href=\"http:\/\/www.capital.sp.gov.br\/noticia\/fase-amarela-de-reabertura-tem-mudanca-de-horarios-para-o-fim-de-ano\"><strong>PMSP.<\/strong><\/a><\/p>\n\n\n\n<p>Tendo em vista a tend\u00eancia de altera\u00e7\u00f5es r\u00e1pidas e constantes desse assunto, o Sincomavi orienta a todos que acompanhem com aten\u00e7\u00e3o e cuidado as normas locais e estaduais a respeito.<\/p>\n\n\n\n<p>O decreto estadual e a not\u00edcia publicada pela prefeitura paulistana est\u00e3o dispon\u00edveis para download nos links abaixo para an\u00e1lise e consulta.<\/p>\n\n\n<style>.wp-block-kadence-advancedbtn.kb-btns_2ca750-9d{gap:var(--global-kb-gap-xs, 0.5rem );justify-content:center;align-items:center;}.kt-btns_2ca750-9d .kt-button{font-weight:normal;font-style:normal;}.kt-btns_2ca750-9d .kt-btn-wrap-0{margin-right:5px;}.wp-block-kadence-advancedbtn.kt-btns_2ca750-9d .kt-btn-wrap-0 .kt-button{color:#555555;border-color:#555555;}.wp-block-kadence-advancedbtn.kt-btns_2ca750-9d .kt-btn-wrap-0 .kt-button:hover, .wp-block-kadence-advancedbtn.kt-btns_2ca750-9d .kt-btn-wrap-0 .kt-button:focus{color:#ffffff;border-color:#444444;}.wp-block-kadence-advancedbtn.kt-btns_2ca750-9d .kt-btn-wrap-0 .kt-button::before{display:none;}.wp-block-kadence-advancedbtn.kt-btns_2ca750-9d .kt-btn-wrap-0 .kt-button:hover, .wp-block-kadence-advancedbtn.kt-btns_2ca750-9d .kt-btn-wrap-0 .kt-button:focus{background:#444444;}<\/style>\n<div class=\"wp-block-kadence-advancedbtn kt-btn-align-center kt-btn-tablet-align-inherit kt-btn-mobile-align-inherit kt-btns-wrap kt-btns_2ca750-9d\"><div class=\"kt-btn-wrap kt-btn-wrap-0\"><a class=\"kt-button button kt-btn-0-action kt-btn-size-standard kt-btn-style-basic kt-btn-svg-show-always kt-btn-has-text-true kt-btn-has-svg-false\" href=\"https:\/\/sincomavi.org.br\/wp-content\/uploads\/2020\/12\/201212-DECRETO-No-65.357.pdf\" target=\"_blank\" rel=\"noreferrer noopener\"><span class=\"kt-btn-inner-text\">DECRETO 65.357<\/span><\/a><\/div><\/div>\n\n\n<style>.wp-block-kadence-advancedbtn.kb-btns_181b81-d2{gap:var(--global-kb-gap-xs, 0.5rem );justify-content:center;align-items:center;}.kt-btns_181b81-d2 .kt-button{font-weight:normal;font-style:normal;}.kt-btns_181b81-d2 .kt-btn-wrap-0{margin-right:5px;}.wp-block-kadence-advancedbtn.kt-btns_181b81-d2 .kt-btn-wrap-0 .kt-button{color:#555555;border-color:#555555;}.wp-block-kadence-advancedbtn.kt-btns_181b81-d2 .kt-btn-wrap-0 .kt-button:hover, .wp-block-kadence-advancedbtn.kt-btns_181b81-d2 .kt-btn-wrap-0 .kt-button:focus{color:#ffffff;border-color:#444444;}.wp-block-kadence-advancedbtn.kt-btns_181b81-d2 .kt-btn-wrap-0 .kt-button::before{display:none;}.wp-block-kadence-advancedbtn.kt-btns_181b81-d2 .kt-btn-wrap-0 .kt-button:hover, .wp-block-kadence-advancedbtn.kt-btns_181b81-d2 .kt-btn-wrap-0 .kt-button:focus{background:#444444;}<\/style>\n<div class=\"wp-block-kadence-advancedbtn kt-btn-align-center kt-btn-tablet-align-inherit kt-btn-mobile-align-inherit kt-btns-wrap kt-btns_181b81-d2\"><div class=\"kt-btn-wrap kt-btn-wrap-0\"><a class=\"kt-button button kt-btn-0-action kt-btn-size-standard kt-btn-style-basic kt-btn-svg-show-always kt-btn-has-text-true kt-btn-has-svg-false\" href=\"https:\/\/sincomavi.org.br\/wp-content\/uploads\/2020\/12\/201212-SITE-PREF-MIN-S-PAULO.pdf\" target=\"_blank\" rel=\"noreferrer noopener\"><span class=\"kt-btn-inner-text\">MAT\u00c9RIA PREFEITURA DE S\u00c3O PAULO<\/span><\/a><\/div><\/div>\n\n\n<style>.wp-block-kadence-spacer.kt-block-spacer-_a2b7b1-3e .kt-block-spacer{height:60px;}.wp-block-kadence-spacer.kt-block-spacer-_a2b7b1-3e .kt-divider{border-top-width:1px;height:1px;border-top-color:#eee;width:80%;border-top-style:solid;}<\/style>\n<div class=\"wp-block-kadence-spacer aligncenter kt-block-spacer-_a2b7b1-3e\"><div class=\"kt-block-spacer kt-block-spacer-halign-center\" style=\"height:60px\"><hr class=\"kt-divider\" style=\"border-top-color:rgba(238, 238, 238, 1);border-top-width:1px;width:80%;border-top-style:solid\"\/><\/div><\/div>\n","protected":false},"excerpt":{"rendered":"<p>12\/12\/2020 | A Fase Amarela do Plano S\u00e3o Paulo de reabertura, que havia retornado em 30 de novembro de 2020, sofrer\u00e1 mudan\u00e7as determinadas pelo governo estadual a partir deste s\u00e1bado. Atendendo o pleito de diversas entidades, inclusive o Sincomavi, no sentido de tentar diminuir o impacto econ\u00f4mico nas empresas e, concomitantemente, o risco de cont\u00e1gio [&hellip;]<\/p>\n","protected":false},"author":1,"featured_media":5602,"comment_status":"closed","ping_status":"open","sticky":false,"template":"","format":"standard","meta":{"tdm_status":"","tdm_grid_status":"","footnotes":""},"categories":[157],"tags":[644,397,456,588,247],"class_list":["post-5599","post","type-post","status-publish","format-standard","has-post-thumbnail","hentry","category-alerta","tag-corona","tag-covid-19","tag-fase-amarela","tag-plano-sao-paulo","tag-pmsp"],"amp_enabled":true,"_links":{"self":[{"href":"https:\/\/sincomavi.org.br\/index.php?rest_route=\/wp\/v2\/posts\/5599","targetHints":{"allow":["GET"]}}],"collection":[{"href":"https:\/\/sincomavi.org.br\/index.php?rest_route=\/wp\/v2\/posts"}],"about":[{"href":"https:\/\/sincomavi.org.br\/index.php?rest_route=\/wp\/v2\/types\/post"}],"author":[{"embeddable":true,"href":"https:\/\/sincomavi.org.br\/index.php?rest_route=\/wp\/v2\/users\/1"}],"replies":[{"embeddable":true,"href":"https:\/\/sincomavi.org.br\/index.php?rest_route=%2Fwp%2Fv2%2Fcomments&post=5599"}],"version-history":[{"count":2,"href":"https:\/\/sincomavi.org.br\/index.php?rest_route=\/wp\/v2\/posts\/5599\/revisions"}],"predecessor-version":[{"id":5604,"href":"https:\/\/sincomavi.org.br\/index.php?rest_route=\/wp\/v2\/posts\/5599\/revisions\/5604"}],"wp:featuredmedia":[{"embeddable":true,"href":"https:\/\/sincomavi.org.br\/index.php?rest_route=\/wp\/v2\/media\/5602"}],"wp:attachment":[{"href":"https:\/\/sincomavi.org.br\/index.php?rest_route=%2Fwp%2Fv2%2Fmedia&parent=5599"}],"wp:term":[{"taxonomy":"category","embeddable":true,"href":"https:\/\/sincomavi.org.br\/index.php?rest_route=%2Fwp%2Fv2%2Fcategories&post=5599"},{"taxonomy":"post_tag","embeddable":true,"href":"https:\/\/sincomavi.org.br\/index.php?rest_route=%2Fwp%2Fv2%2Ftags&post=5599"}],"curies":[{"name":"wp","href":"https:\/\/api.w.org\/{rel}","templated":true}]}}