{"id":5586,"date":"2020-12-11T11:32:41","date_gmt":"2020-12-11T13:32:41","guid":{"rendered":"https:\/\/sincomavi.org.br\/?p=5586"},"modified":"2020-12-11T11:32:42","modified_gmt":"2020-12-11T13:32:42","slug":"atencao-recesso-cintec-sp","status":"publish","type":"post","link":"https:\/\/sincomavi.org.br\/?p=5586","title":{"rendered":"Aten\u00e7\u00e3o: recesso Cintec-SP"},"content":{"rendered":"<style>.wp-block-kadence-spacer.kt-block-spacer-_fa8458-d5 .kt-block-spacer{height:60px;}.wp-block-kadence-spacer.kt-block-spacer-_fa8458-d5 .kt-divider{border-top-width:1px;height:1px;border-top-color:#eee;width:80%;border-top-style:solid;}<\/style>\n<div class=\"wp-block-kadence-spacer aligncenter kt-block-spacer-_fa8458-d5\"><div class=\"kt-block-spacer kt-block-spacer-halign-center\" style=\"height:60px\"><hr class=\"kt-divider\" style=\"border-top-color:rgba(238, 238, 238, 1);border-top-width:1px;width:80%;border-top-style:solid\"\/><\/div><\/div>\n\n\n\n<p>A C\u00e2mara Intersindical de Concilia\u00e7\u00e3o Trabalhista do Com\u00e9rcio (Cintec-SP) informa que estar\u00e1 fechada para as festas de final de ano dos dias\u00a0<strong>23 de dezembro\u00a0<\/strong>a<strong>\u00a004 de janeiro<\/strong>.<\/p>\n\n\n\n<p>Nesse per\u00edodo, o atendimento normal para agendamentos e recep\u00e7\u00e3o de documentos podem ser realizados pelo e-mail\u00a0<a href=\"mailto:atendimento@conciliarsolucoes.com.br\" target=\"_blank\" rel=\"noreferrer noopener\">cintec@conciliarsolucoes.com.br<\/a>\u00a0e pelos telefones (11)\u00a0<strong>96337-8383\u00a0<\/strong>e (11)\u00a0<strong>94589-3000<\/strong>.<\/p>\n\n\n<style>.wp-block-kadence-spacer.kt-block-spacer-_b9473a-0a .kt-block-spacer{height:60px;}.wp-block-kadence-spacer.kt-block-spacer-_b9473a-0a .kt-divider{border-top-width:1px;height:1px;border-top-color:#eee;width:80%;border-top-style:solid;}<\/style>\n<div class=\"wp-block-kadence-spacer aligncenter kt-block-spacer-_b9473a-0a\"><div class=\"kt-block-spacer kt-block-spacer-halign-center\" style=\"height:60px\"><hr class=\"kt-divider\" style=\"border-top-color:rgba(238, 238, 238, 1);border-top-width:1px;width:80%;border-top-style:solid\"\/><\/div><\/div>\n","protected":false},"excerpt":{"rendered":"<p>A C\u00e2mara Intersindical de Concilia\u00e7\u00e3o Trabalhista do Com\u00e9rcio (Cintec-SP) informa que estar\u00e1 fechada para as festas de final de ano dos dias\u00a023 de dezembro\u00a0a\u00a004 de janeiro. Nesse per\u00edodo, o atendimento normal para agendamentos e recep\u00e7\u00e3o de documentos podem ser realizados pelo e-mail\u00a0cintec@conciliarsolucoes.com.br\u00a0e pelos telefones (11)\u00a096337-8383\u00a0e (11)\u00a094589-3000.<\/p>\n","protected":false},"author":1,"featured_media":5587,"comment_status":"closed","ping_status":"open","sticky":false,"template":"","format":"standard","meta":{"tdm_status":"","tdm_grid_status":"","footnotes":""},"categories":[153],"tags":[643],"class_list":["post-5586","post","type-post","status-publish","format-standard","has-post-thumbnail","hentry","category-noticias","tag-citec-sp"],"amp_enabled":true,"_links":{"self":[{"href":"https:\/\/sincomavi.org.br\/index.php?rest_route=\/wp\/v2\/posts\/5586","targetHints":{"allow":["GET"]}}],"collection":[{"href":"https:\/\/sincomavi.org.br\/index.php?rest_route=\/wp\/v2\/posts"}],"about":[{"href":"https:\/\/sincomavi.org.br\/index.php?rest_route=\/wp\/v2\/types\/post"}],"author":[{"embeddable":true,"href":"https:\/\/sincomavi.org.br\/index.php?rest_route=\/wp\/v2\/users\/1"}],"replies":[{"embeddable":true,"href":"https:\/\/sincomavi.org.br\/index.php?rest_route=%2Fwp%2Fv2%2Fcomments&post=5586"}],"version-history":[{"count":1,"href":"https:\/\/sincomavi.org.br\/index.php?rest_route=\/wp\/v2\/posts\/5586\/revisions"}],"predecessor-version":[{"id":5588,"href":"https:\/\/sincomavi.org.br\/index.php?rest_route=\/wp\/v2\/posts\/5586\/revisions\/5588"}],"wp:featuredmedia":[{"embeddable":true,"href":"https:\/\/sincomavi.org.br\/index.php?rest_route=\/wp\/v2\/media\/5587"}],"wp:attachment":[{"href":"https:\/\/sincomavi.org.br\/index.php?rest_route=%2Fwp%2Fv2%2Fmedia&parent=5586"}],"wp:term":[{"taxonomy":"category","embeddable":true,"href":"https:\/\/sincomavi.org.br\/index.php?rest_route=%2Fwp%2Fv2%2Fcategories&post=5586"},{"taxonomy":"post_tag","embeddable":true,"href":"https:\/\/sincomavi.org.br\/index.php?rest_route=%2Fwp%2Fv2%2Ftags&post=5586"}],"curies":[{"name":"wp","href":"https:\/\/api.w.org\/{rel}","templated":true}]}}