{"id":5556,"date":"2020-12-08T09:15:20","date_gmt":"2020-12-08T11:15:20","guid":{"rendered":"https:\/\/sincomavi.org.br\/?p=5556"},"modified":"2020-12-08T09:15:22","modified_gmt":"2020-12-08T11:15:22","slug":"fiscalizacao-do-uso-de-mascara-e-distanciamento-em-sao-paulo","status":"publish","type":"post","link":"https:\/\/sincomavi.org.br\/?p=5556","title":{"rendered":"Fiscaliza\u00e7\u00e3o do uso de m\u00e1scara e distanciamento em S\u00e3o Paulo"},"content":{"rendered":"<style>.wp-block-kadence-spacer.kt-block-spacer-_da9970-c1 .kt-block-spacer{height:60px;}.wp-block-kadence-spacer.kt-block-spacer-_da9970-c1 .kt-divider{border-top-width:1px;height:1px;border-top-color:#eee;width:80%;border-top-style:solid;}<\/style>\n<div class=\"wp-block-kadence-spacer aligncenter kt-block-spacer-_da9970-c1\"><div class=\"kt-block-spacer kt-block-spacer-halign-center\" style=\"height:60px\"><hr class=\"kt-divider\" style=\"border-top-color:rgba(238, 238, 238, 1);border-top-width:1px;width:80%;border-top-style:solid\"\/><\/div><\/div>\n\n\n\n<p>Nota da Secretaria de Estado da Sa\u00fade de S\u00e3o Paulo informa que haver\u00e1 intensifica\u00e7\u00e3o nas a\u00e7\u00f5es da Vigil\u00e2ncia Sanit\u00e1ria durante a quarentena. Em outras palavras, ser\u00e1 verificado o uso de m\u00e1scaras e o respeito \u00e0s orienta\u00e7\u00f5es para evitar aglomera\u00e7\u00f5es nos estabelecimentos comerciais. A fiscaliza\u00e7\u00e3o prevista abrange todo o territ\u00f3rio paulista e a for\u00e7a-tarefa contar\u00e1 com mais de mil fiscais nas ruas de quarta a domingo no decorrer de dezembro.<\/p>\n\n\n\n<p>Vale a pena lembrar que a multa para pessoa jur\u00eddica \u00e9 de R$ 5.025,02 por cliente sem m\u00e1scara a cada fiscaliza\u00e7\u00e3o.<\/p>\n\n\n<style>.wp-block-kadence-spacer.kt-block-spacer-_a9b14e-05 .kt-block-spacer{height:60px;}.wp-block-kadence-spacer.kt-block-spacer-_a9b14e-05 .kt-divider{border-top-width:1px;height:1px;border-top-color:#eee;width:80%;border-top-style:solid;}<\/style>\n<div class=\"wp-block-kadence-spacer aligncenter kt-block-spacer-_a9b14e-05\"><div class=\"kt-block-spacer kt-block-spacer-halign-center\" style=\"height:60px\"><hr class=\"kt-divider\" style=\"border-top-color:rgba(238, 238, 238, 1);border-top-width:1px;width:80%;border-top-style:solid\"\/><\/div><\/div>\n","protected":false},"excerpt":{"rendered":"<p>Nota da Secretaria de Estado da Sa\u00fade de S\u00e3o Paulo informa que haver\u00e1 intensifica\u00e7\u00e3o nas a\u00e7\u00f5es da Vigil\u00e2ncia Sanit\u00e1ria durante a quarentena. Em outras palavras, ser\u00e1 verificado o uso de m\u00e1scaras e o respeito \u00e0s orienta\u00e7\u00f5es para evitar aglomera\u00e7\u00f5es nos estabelecimentos comerciais. A fiscaliza\u00e7\u00e3o prevista abrange todo o territ\u00f3rio paulista e a for\u00e7a-tarefa contar\u00e1 com [&hellip;]<\/p>\n","protected":false},"author":1,"featured_media":5557,"comment_status":"closed","ping_status":"open","sticky":false,"template":"","format":"standard","meta":{"tdm_status":"","tdm_grid_status":"","footnotes":""},"categories":[153],"tags":[349,397,96],"class_list":["post-5556","post","type-post","status-publish","format-standard","has-post-thumbnail","hentry","category-noticias","tag-coronavirus","tag-covid-19","tag-fiscalizacao"],"amp_enabled":true,"_links":{"self":[{"href":"https:\/\/sincomavi.org.br\/index.php?rest_route=\/wp\/v2\/posts\/5556","targetHints":{"allow":["GET"]}}],"collection":[{"href":"https:\/\/sincomavi.org.br\/index.php?rest_route=\/wp\/v2\/posts"}],"about":[{"href":"https:\/\/sincomavi.org.br\/index.php?rest_route=\/wp\/v2\/types\/post"}],"author":[{"embeddable":true,"href":"https:\/\/sincomavi.org.br\/index.php?rest_route=\/wp\/v2\/users\/1"}],"replies":[{"embeddable":true,"href":"https:\/\/sincomavi.org.br\/index.php?rest_route=%2Fwp%2Fv2%2Fcomments&post=5556"}],"version-history":[{"count":1,"href":"https:\/\/sincomavi.org.br\/index.php?rest_route=\/wp\/v2\/posts\/5556\/revisions"}],"predecessor-version":[{"id":5558,"href":"https:\/\/sincomavi.org.br\/index.php?rest_route=\/wp\/v2\/posts\/5556\/revisions\/5558"}],"wp:featuredmedia":[{"embeddable":true,"href":"https:\/\/sincomavi.org.br\/index.php?rest_route=\/wp\/v2\/media\/5557"}],"wp:attachment":[{"href":"https:\/\/sincomavi.org.br\/index.php?rest_route=%2Fwp%2Fv2%2Fmedia&parent=5556"}],"wp:term":[{"taxonomy":"category","embeddable":true,"href":"https:\/\/sincomavi.org.br\/index.php?rest_route=%2Fwp%2Fv2%2Fcategories&post=5556"},{"taxonomy":"post_tag","embeddable":true,"href":"https:\/\/sincomavi.org.br\/index.php?rest_route=%2Fwp%2Fv2%2Ftags&post=5556"}],"curies":[{"name":"wp","href":"https:\/\/api.w.org\/{rel}","templated":true}]}}