{"id":5537,"date":"2020-12-02T12:01:31","date_gmt":"2020-12-02T14:01:31","guid":{"rendered":"https:\/\/sincomavi.org.br\/?p=5537"},"modified":"2020-12-04T15:01:13","modified_gmt":"2020-12-04T17:01:13","slug":"covid-retorno-a-fase-amarela","status":"publish","type":"post","link":"https:\/\/sincomavi.org.br\/?p=5537","title":{"rendered":"Covid &#8211; retorno \u00e0 fase amarela"},"content":{"rendered":"<style>.wp-block-kadence-spacer.kt-block-spacer-_fc2b47-49 .kt-block-spacer{height:60px;}.wp-block-kadence-spacer.kt-block-spacer-_fc2b47-49 .kt-divider{border-top-width:1px;height:1px;border-top-color:#eee;width:80%;border-top-style:solid;}<\/style>\n<div class=\"wp-block-kadence-spacer aligncenter kt-block-spacer-_fc2b47-49\"><div class=\"kt-block-spacer kt-block-spacer-halign-center\" style=\"height:60px\"><hr class=\"kt-divider\" style=\"border-top-color:rgba(238, 238, 238, 1);border-top-width:1px;width:80%;border-top-style:solid\"\/><\/div><\/div>\n\n\n\n<p>02\/12\/2020 &#8211; Publicado o Decreto 59.936, no \u00e2mbito do munic\u00edpio de S\u00e3o Paulo, estabelecendo o retorno das atividades comerciais \u00e0s condi\u00e7\u00f5es determinadas na fase amarela do Plano S\u00e3o Paulo, ou seja, de forma reduzida:<\/p>\n\n\n\n<ul class=\"wp-block-list\"><li>os estabelecimentos de com\u00e9rcio e servi\u00e7os da cidade de S\u00e3o Paulo est\u00e3o autorizados a permanecerem abertos para entrada de p\u00fablico pelo per\u00edodo de 10 horas di\u00e1rias, at\u00e9 o hor\u00e1rio m\u00e1ximo das 22 horas, com limite de 40% de sua capacidade total;<\/li><\/ul>\n\n\n\n<ul class=\"wp-block-list\"><li>essa limita\u00e7\u00e3o de hor\u00e1rio e lota\u00e7\u00e3o refere-se ao atendimento presencial ao p\u00fablico, sendo autorizado aos estabelecimentos operarem livremente em outros hor\u00e1rios, desde que n\u00e3o haja entrada de clientes em seu interior;<\/li><\/ul>\n\n\n\n<ul class=\"wp-block-list\"><li>revogadas as disposi\u00e7\u00f5es anteriores, permanece a autoriza\u00e7\u00e3o do funcionamento para todos os setores econ\u00f4micos j\u00e1 permitidos a atender presencialmente ao p\u00fablico, desde que observados o presente texto legal e os protocolos sanit\u00e1rios pertinentes.<\/li><\/ul>\n\n\n\n<p>A \u00edntegra do decreto, sua an\u00e1lise completa, pode ser obtida abaixo.<\/p>\n\n\n\n<p>O Departamento Jur\u00eddico do Sincomavi alertar que as empresas localizadas nos demais munic\u00edpios da base territorial do Sincomavi dever\u00e3o acompanhar o que for determinado pelas autoridades locais, uma vez que os munic\u00edpios t\u00eam compet\u00eancia para estabelecer as regras para o funcionamento comercial. O Sincomavi, na medida do poss\u00edvel e quando tiver conhecimento dessas medidas, ir\u00e1 promover a sua divulga\u00e7\u00e3o.<\/p>\n\n\n\n<div class=\"wp-block-buttons is-layout-flex wp-block-buttons-is-layout-flex\">\n<div class=\"wp-block-button\"><a class=\"wp-block-button__link\" href=\"https:\/\/sincomavi.org.br\/wp-content\/uploads\/2020\/12\/DECRETO-No-59.936-DOC-02DEZ20.pdf\" target=\"_blank\" rel=\"noreferrer noopener\">DOWNLOAD<\/a><\/div>\n<\/div>\n\n\n<style>.wp-block-kadence-spacer.kt-block-spacer-_be8db4-dc .kt-block-spacer{height:60px;}.wp-block-kadence-spacer.kt-block-spacer-_be8db4-dc .kt-divider{border-top-width:1px;height:1px;border-top-color:#eee;width:80%;border-top-style:solid;}<\/style>\n<div class=\"wp-block-kadence-spacer aligncenter kt-block-spacer-_be8db4-dc\"><div class=\"kt-block-spacer kt-block-spacer-halign-center\" style=\"height:60px\"><hr class=\"kt-divider\" style=\"border-top-color:rgba(238, 238, 238, 1);border-top-width:1px;width:80%;border-top-style:solid\"\/><\/div><\/div>\n\n\n\n<p><\/p>\n","protected":false},"excerpt":{"rendered":"<p>02\/12\/2020 &#8211; Publicado o Decreto 59.936, no \u00e2mbito do munic\u00edpio de S\u00e3o Paulo, estabelecendo o retorno das atividades comerciais \u00e0s condi\u00e7\u00f5es determinadas na fase amarela do Plano S\u00e3o Paulo, ou seja, de forma reduzida: os estabelecimentos de com\u00e9rcio e servi\u00e7os da cidade de S\u00e3o Paulo est\u00e3o autorizados a permanecerem abertos para entrada de p\u00fablico pelo [&hellip;]<\/p>\n","protected":false},"author":1,"featured_media":5539,"comment_status":"closed","ping_status":"open","sticky":false,"template":"","format":"standard","meta":{"tdm_status":"","tdm_grid_status":"","footnotes":""},"categories":[157],"tags":[199,349,397,642,456,247,219],"class_list":["post-5537","post","type-post","status-publish","format-standard","has-post-thumbnail","hentry","category-alerta","tag-comercio","tag-coronavirus","tag-covid-19","tag-decreto-59-936","tag-fase-amarela","tag-pmsp","tag-sao-paulo"],"amp_enabled":true,"_links":{"self":[{"href":"https:\/\/sincomavi.org.br\/index.php?rest_route=\/wp\/v2\/posts\/5537","targetHints":{"allow":["GET"]}}],"collection":[{"href":"https:\/\/sincomavi.org.br\/index.php?rest_route=\/wp\/v2\/posts"}],"about":[{"href":"https:\/\/sincomavi.org.br\/index.php?rest_route=\/wp\/v2\/types\/post"}],"author":[{"embeddable":true,"href":"https:\/\/sincomavi.org.br\/index.php?rest_route=\/wp\/v2\/users\/1"}],"replies":[{"embeddable":true,"href":"https:\/\/sincomavi.org.br\/index.php?rest_route=%2Fwp%2Fv2%2Fcomments&post=5537"}],"version-history":[{"count":6,"href":"https:\/\/sincomavi.org.br\/index.php?rest_route=\/wp\/v2\/posts\/5537\/revisions"}],"predecessor-version":[{"id":5555,"href":"https:\/\/sincomavi.org.br\/index.php?rest_route=\/wp\/v2\/posts\/5537\/revisions\/5555"}],"wp:featuredmedia":[{"embeddable":true,"href":"https:\/\/sincomavi.org.br\/index.php?rest_route=\/wp\/v2\/media\/5539"}],"wp:attachment":[{"href":"https:\/\/sincomavi.org.br\/index.php?rest_route=%2Fwp%2Fv2%2Fmedia&parent=5537"}],"wp:term":[{"taxonomy":"category","embeddable":true,"href":"https:\/\/sincomavi.org.br\/index.php?rest_route=%2Fwp%2Fv2%2Fcategories&post=5537"},{"taxonomy":"post_tag","embeddable":true,"href":"https:\/\/sincomavi.org.br\/index.php?rest_route=%2Fwp%2Fv2%2Ftags&post=5537"}],"curies":[{"name":"wp","href":"https:\/\/api.w.org\/{rel}","templated":true}]}}