{"id":5451,"date":"2020-11-11T16:33:27","date_gmt":"2020-11-11T18:33:27","guid":{"rendered":"https:\/\/sincomavi.org.br\/?p=5451"},"modified":"2020-11-11T16:33:29","modified_gmt":"2020-11-11T18:33:29","slug":"vendas-do-varejo-contam-com-variacao-positiva-de-06-em-setembro","status":"publish","type":"post","link":"https:\/\/sincomavi.org.br\/?p=5451","title":{"rendered":"Vendas do varejo contam com varia\u00e7\u00e3o positiva de 0,6% em setembro"},"content":{"rendered":"<style>.wp-block-kadence-spacer.kt-block-spacer-_b1a143-2f .kt-block-spacer{height:60px;}.wp-block-kadence-spacer.kt-block-spacer-_b1a143-2f .kt-divider{border-top-width:1px;height:1px;border-top-color:#eee;width:80%;border-top-style:solid;}<\/style>\n<div class=\"wp-block-kadence-spacer aligncenter kt-block-spacer-_b1a143-2f\"><div class=\"kt-block-spacer kt-block-spacer-halign-center\" style=\"height:60px\"><hr class=\"kt-divider\" style=\"border-top-color:rgba(238, 238, 238, 1);border-top-width:1px;width:80%;border-top-style:solid\"\/><\/div><\/div>\n\n\n\n<p>O com\u00e9rcio varejista nacional teve um aumento de 0,6% nas vendas em setembro, tendo como refer\u00eancia os resultados obtidos em agosto na s\u00e9rie com ajuste sazonal, conforme dados coletados pela Pesquisa Mensal do Com\u00e9rcio (PMC), do Instituto Brasileiro de Geografia e Estat\u00edstica. Sem ajuste, em rela\u00e7\u00e3o ao mesmo per\u00edodo do ano passado, o desempenho se mostrou 7,3% maior &#8211; a quarta taxa positiva consecutiva. &nbsp;No acumulado do ano, o varejo registra estabilidade (0,0%), ap\u00f3s&nbsp;cinco meses no campo negativo. J\u00e1 o acumulado nos \u00faltimos 12 meses aumentou 0,9%.<\/p>\n\n\n\n<p>A categoria equipamentos e material para escrit\u00f3rio, inform\u00e1tica e comunica\u00e7\u00e3o\u00a0sofreu um recuo de 7,1% em compara\u00e7\u00e3o com setembro de 2019. Em rela\u00e7\u00e3o a agosto de 2020, o resultado se mostra superior em 1,1%. Apesar de continuar dentro do campo negativo, esse setor vem apresentando uma lenta recupera\u00e7\u00e3o. No acumulado no ano, o setor passou de -19,5% at\u00e9 agosto para -18,2% at\u00e9 setembro.<\/p>\n\n\n\n<p>O varejo de material de constru\u00e7\u00e3o, por sua vez, sofreu uma alta de 2,6% em rela\u00e7\u00e3o a agosto de 2020. A varia\u00e7\u00e3o no acumulado do ano ficou em 7,9% e, dos \u00faltimos doze meses, em 7,2%.<\/p>\n\n\n\n<div class=\"wp-block-image\"><figure class=\"aligncenter size-large\"><img loading=\"lazy\" decoding=\"async\" width=\"1024\" height=\"768\" src=\"https:\/\/sincomavi.org.br\/wp-content\/uploads\/2020\/11\/pmc-3-1024x768.jpg\" alt=\"\" class=\"wp-image-5452\" srcset=\"https:\/\/sincomavi.org.br\/wp-content\/uploads\/2020\/11\/pmc-3-1024x768.jpg 1024w, https:\/\/sincomavi.org.br\/wp-content\/uploads\/2020\/11\/pmc-3-300x225.jpg 300w, https:\/\/sincomavi.org.br\/wp-content\/uploads\/2020\/11\/pmc-3-768x576.jpg 768w, https:\/\/sincomavi.org.br\/wp-content\/uploads\/2020\/11\/pmc-3-560x420.jpg 560w, https:\/\/sincomavi.org.br\/wp-content\/uploads\/2020\/11\/pmc-3-80x60.jpg 80w, https:\/\/sincomavi.org.br\/wp-content\/uploads\/2020\/11\/pmc-3-100x75.jpg 100w, https:\/\/sincomavi.org.br\/wp-content\/uploads\/2020\/11\/pmc-3-180x135.jpg 180w, https:\/\/sincomavi.org.br\/wp-content\/uploads\/2020\/11\/pmc-3-238x178.jpg 238w, https:\/\/sincomavi.org.br\/wp-content\/uploads\/2020\/11\/pmc-3-265x198.jpg 265w, https:\/\/sincomavi.org.br\/wp-content\/uploads\/2020\/11\/pmc-3-640x480.jpg 640w, https:\/\/sincomavi.org.br\/wp-content\/uploads\/2020\/11\/pmc-3-681x511.jpg 681w, https:\/\/sincomavi.org.br\/wp-content\/uploads\/2020\/11\/pmc-3.jpg 1058w\" sizes=\"auto, (max-width: 1024px) 100vw, 1024px\" \/><\/figure><\/div>\n\n\n<style>.wp-block-kadence-spacer.kt-block-spacer-_4d17e3-3d .kt-block-spacer{height:60px;}.wp-block-kadence-spacer.kt-block-spacer-_4d17e3-3d .kt-divider{border-top-width:1px;height:1px;border-top-color:#eee;width:80%;border-top-style:solid;}<\/style>\n<div class=\"wp-block-kadence-spacer aligncenter kt-block-spacer-_4d17e3-3d\"><div class=\"kt-block-spacer kt-block-spacer-halign-center\" style=\"height:60px\"><hr class=\"kt-divider\" style=\"border-top-color:rgba(238, 238, 238, 1);border-top-width:1px;width:80%;border-top-style:solid\"\/><\/div><\/div>\n","protected":false},"excerpt":{"rendered":"<p>O com\u00e9rcio varejista nacional teve um aumento de 0,6% nas vendas em setembro, tendo como refer\u00eancia os resultados obtidos em agosto na s\u00e9rie com ajuste sazonal, conforme dados coletados pela Pesquisa Mensal do Com\u00e9rcio (PMC), do Instituto Brasileiro de Geografia e Estat\u00edstica. Sem ajuste, em rela\u00e7\u00e3o ao mesmo per\u00edodo do ano passado, o desempenho se [&hellip;]<\/p>\n","protected":false},"author":1,"featured_media":5453,"comment_status":"closed","ping_status":"open","sticky":false,"template":"","format":"standard","meta":{"tdm_status":"","tdm_grid_status":"","footnotes":""},"categories":[153],"tags":[199,161,159,158,261,160,162,200,75],"class_list":["post-5451","post","type-post","status-publish","format-standard","has-post-thumbnail","hentry","category-noticias","tag-comercio","tag-ibge","tag-informatica","tag-material-de-construcao","tag-material-de-escritorio","tag-pesquisa","tag-pmc","tag-varejo","tag-vendas"],"amp_enabled":true,"_links":{"self":[{"href":"https:\/\/sincomavi.org.br\/index.php?rest_route=\/wp\/v2\/posts\/5451","targetHints":{"allow":["GET"]}}],"collection":[{"href":"https:\/\/sincomavi.org.br\/index.php?rest_route=\/wp\/v2\/posts"}],"about":[{"href":"https:\/\/sincomavi.org.br\/index.php?rest_route=\/wp\/v2\/types\/post"}],"author":[{"embeddable":true,"href":"https:\/\/sincomavi.org.br\/index.php?rest_route=\/wp\/v2\/users\/1"}],"replies":[{"embeddable":true,"href":"https:\/\/sincomavi.org.br\/index.php?rest_route=%2Fwp%2Fv2%2Fcomments&post=5451"}],"version-history":[{"count":1,"href":"https:\/\/sincomavi.org.br\/index.php?rest_route=\/wp\/v2\/posts\/5451\/revisions"}],"predecessor-version":[{"id":5454,"href":"https:\/\/sincomavi.org.br\/index.php?rest_route=\/wp\/v2\/posts\/5451\/revisions\/5454"}],"wp:featuredmedia":[{"embeddable":true,"href":"https:\/\/sincomavi.org.br\/index.php?rest_route=\/wp\/v2\/media\/5453"}],"wp:attachment":[{"href":"https:\/\/sincomavi.org.br\/index.php?rest_route=%2Fwp%2Fv2%2Fmedia&parent=5451"}],"wp:term":[{"taxonomy":"category","embeddable":true,"href":"https:\/\/sincomavi.org.br\/index.php?rest_route=%2Fwp%2Fv2%2Fcategories&post=5451"},{"taxonomy":"post_tag","embeddable":true,"href":"https:\/\/sincomavi.org.br\/index.php?rest_route=%2Fwp%2Fv2%2Ftags&post=5451"}],"curies":[{"name":"wp","href":"https:\/\/api.w.org\/{rel}","templated":true}]}}