{"id":5414,"date":"2020-11-05T11:20:55","date_gmt":"2020-11-05T13:20:55","guid":{"rendered":"https:\/\/sincomavi.org.br\/?p=5414"},"modified":"2020-11-05T11:20:56","modified_gmt":"2020-11-05T13:20:56","slug":"comercio-eletronico-cresce-5588-em-setembro","status":"publish","type":"post","link":"https:\/\/sincomavi.org.br\/?p=5414","title":{"rendered":"Com\u00e9rcio eletr\u00f4nico cresce 55,88% em setembro"},"content":{"rendered":"<style>.wp-block-kadence-spacer.kt-block-spacer-_44ecd6-d0 .kt-block-spacer{height:60px;}.wp-block-kadence-spacer.kt-block-spacer-_44ecd6-d0 .kt-divider{border-top-width:1px;height:1px;border-top-color:#eee;width:80%;border-top-style:solid;}<\/style>\n<div class=\"wp-block-kadence-spacer aligncenter kt-block-spacer-_44ecd6-d0\"><div class=\"kt-block-spacer kt-block-spacer-halign-center\" style=\"height:60px\"><hr class=\"kt-divider\" style=\"border-top-color:rgba(238, 238, 238, 1);border-top-width:1px;width:80%;border-top-style:solid\"\/><\/div><\/div>\n\n\n\n<p>Dados coletados pelo Comit\u00ea de M\u00e9tricas da C\u00e2mara Brasileira da Economia Digital (<a href=\"http:\/\/camara-e.net\/\" target=\"_blank\" rel=\"noreferrer noopener\">camara-e.net<\/a>), em parceria com o Neotrust | Movimento Compre &amp; Confie, apontam para um aumento de 55,88% nas vendas do com\u00e9rcio eletr\u00f4nico em setembro, tendo como refer\u00eancia o mesmo per\u00edodo do ano passado. No entanto, em rela\u00e7\u00e3o a agosto de 2020, o \u00edndice contou com uma queda de 9,43%.<\/p>\n\n\n\n<p>O levantamento da c\u00e2mara-e.net revela ainda que o faturamento registrou um recuo de -7,7% no comparativo entre a agosto e setembro deste ano. J\u00e1 o acumulado do ano teve varia\u00e7\u00e3o positiva de 50,76%.<\/p>\n\n\n\n<p>Em agosto, o e-commerce representou 9,9% do com\u00e9rcio varejista restrito, que n\u00e3o inclui os segmentos de ve\u00edculos, pe\u00e7as e materiais de constru\u00e7\u00e3o. \u00a0A categoria com os melhores resultados continua sendo equipamentos e materiais para escrit\u00f3rio, inform\u00e1tica e comunica\u00e7\u00e3o, com participa\u00e7\u00e3o de 40,7%. M\u00f3veis e eletrodom\u00e9sticos (24,2%) e tecidos, vestu\u00e1rio e cal\u00e7ados (12,7%) tamb\u00e9m apresentaram desempenhos superiores.<\/p>\n\n\n<style>.wp-block-kadence-spacer.kt-block-spacer-_5101a0-cf .kt-block-spacer{height:60px;}.wp-block-kadence-spacer.kt-block-spacer-_5101a0-cf .kt-divider{border-top-width:1px;height:1px;border-top-color:#eee;width:80%;border-top-style:solid;}<\/style>\n<div class=\"wp-block-kadence-spacer aligncenter kt-block-spacer-_5101a0-cf\"><div class=\"kt-block-spacer kt-block-spacer-halign-center\" style=\"height:60px\"><hr class=\"kt-divider\" style=\"border-top-color:rgba(238, 238, 238, 1);border-top-width:1px;width:80%;border-top-style:solid\"\/><\/div><\/div>\n","protected":false},"excerpt":{"rendered":"<p>Dados coletados pelo Comit\u00ea de M\u00e9tricas da C\u00e2mara Brasileira da Economia Digital (camara-e.net), em parceria com o Neotrust | Movimento Compre &amp; Confie, apontam para um aumento de 55,88% nas vendas do com\u00e9rcio eletr\u00f4nico em setembro, tendo como refer\u00eancia o mesmo per\u00edodo do ano passado. No entanto, em rela\u00e7\u00e3o a agosto de 2020, o \u00edndice [&hellip;]<\/p>\n","protected":false},"author":1,"featured_media":5415,"comment_status":"closed","ping_status":"open","sticky":false,"template":"","format":"standard","meta":{"tdm_status":"","tdm_grid_status":"","footnotes":""},"categories":[153],"tags":[34,227,308,160,75],"class_list":["post-5414","post","type-post","status-publish","format-standard","has-post-thumbnail","hentry","category-noticias","tag-comercio-eletronico","tag-faturamento","tag-indicador","tag-pesquisa","tag-vendas"],"amp_enabled":true,"_links":{"self":[{"href":"https:\/\/sincomavi.org.br\/index.php?rest_route=\/wp\/v2\/posts\/5414","targetHints":{"allow":["GET"]}}],"collection":[{"href":"https:\/\/sincomavi.org.br\/index.php?rest_route=\/wp\/v2\/posts"}],"about":[{"href":"https:\/\/sincomavi.org.br\/index.php?rest_route=\/wp\/v2\/types\/post"}],"author":[{"embeddable":true,"href":"https:\/\/sincomavi.org.br\/index.php?rest_route=\/wp\/v2\/users\/1"}],"replies":[{"embeddable":true,"href":"https:\/\/sincomavi.org.br\/index.php?rest_route=%2Fwp%2Fv2%2Fcomments&post=5414"}],"version-history":[{"count":1,"href":"https:\/\/sincomavi.org.br\/index.php?rest_route=\/wp\/v2\/posts\/5414\/revisions"}],"predecessor-version":[{"id":5416,"href":"https:\/\/sincomavi.org.br\/index.php?rest_route=\/wp\/v2\/posts\/5414\/revisions\/5416"}],"wp:featuredmedia":[{"embeddable":true,"href":"https:\/\/sincomavi.org.br\/index.php?rest_route=\/wp\/v2\/media\/5415"}],"wp:attachment":[{"href":"https:\/\/sincomavi.org.br\/index.php?rest_route=%2Fwp%2Fv2%2Fmedia&parent=5414"}],"wp:term":[{"taxonomy":"category","embeddable":true,"href":"https:\/\/sincomavi.org.br\/index.php?rest_route=%2Fwp%2Fv2%2Fcategories&post=5414"},{"taxonomy":"post_tag","embeddable":true,"href":"https:\/\/sincomavi.org.br\/index.php?rest_route=%2Fwp%2Fv2%2Ftags&post=5414"}],"curies":[{"name":"wp","href":"https:\/\/api.w.org\/{rel}","templated":true}]}}