{"id":5380,"date":"2020-10-29T13:56:34","date_gmt":"2020-10-29T16:56:34","guid":{"rendered":"https:\/\/sincomavi.org.br\/?p=5380"},"modified":"2020-10-29T14:47:58","modified_gmt":"2020-10-29T17:47:58","slug":"vendas-de-imoveis-crescem-589-em-agosto","status":"publish","type":"post","link":"https:\/\/sincomavi.org.br\/?p=5380","title":{"rendered":"Vendas de im\u00f3veis crescem 58,9% em agosto"},"content":{"rendered":"<style>.wp-block-kadence-spacer.kt-block-spacer-_5239e2-57 .kt-block-spacer{height:60px;}.wp-block-kadence-spacer.kt-block-spacer-_5239e2-57 .kt-divider{border-top-width:1px;height:1px;border-top-color:#eee;width:80%;border-top-style:solid;}<\/style>\n<div class=\"wp-block-kadence-spacer aligncenter kt-block-spacer-_5239e2-57\"><div class=\"kt-block-spacer kt-block-spacer-halign-center\" style=\"height:60px\"><hr class=\"kt-divider\" style=\"border-top-color:rgba(238, 238, 238, 1);border-top-width:1px;width:80%;border-top-style:solid\"\/><\/div><\/div>\n\n\n\n<p>A Associa\u00e7\u00e3o Brasileira de Incorporadoras Imobili\u00e1rias (Abrainc) registrou um novo aumento no volume de vendas de unidades habitacionais em agosto: 58,9% em compara\u00e7\u00e3o ao mesmo m\u00eas do ano passado. Foram comercializados 13.156 im\u00f3veis no total. Esse \u00e9 o melhor resultado obtido pelos Indicadores Abrainc-Fipe desde maio de 2014, quando se alcan\u00e7ou as 14.116 unidades vendidas. O trimestre m\u00f3vel encerrado em agosto tamb\u00e9m contou com desempenho positivo, o setor conseguiu negociar 38.886 habita\u00e7\u00f5es, o que representou um alta de 45,7% em rela\u00e7\u00e3o ao mesmo per\u00edodo de 2019.<\/p>\n\n\n\n<p>Para Luiz Antonio Fran\u00e7a, presidente da Abrainc, os n\u00fameros revelam que a incerteza econ\u00f4mica gerada pela pandemia de Covid-19 vai sendo colocada de lado pelo consumidor. \u201cOs juros mais baixos est\u00e3o sendo vistos com uma oportunidade para adquirir um im\u00f3vel\u201d, avalia. E complementa: \u201cvale destacar o segmento de m\u00e9dio e alto padr\u00e3o (MAP) voltaram a crescer em agosto (4,8%), consolidando movimento verificado no \u00faltimo trimestre (8%). Isso significa que a parcela da popula\u00e7\u00e3o de maior poder aquisitivo ou est\u00e1 trocando de im\u00f3vel ou realizando investimento com uma nova aquisi\u00e7\u00e3o, o que mant\u00e9m as incorporadoras otimistas para realizar investimentos&#8221;.<\/p>\n\n\n\n<p>A primeira pesquisa sobre o n\u00edvel de confian\u00e7a do empres\u00e1rio do setor imobili\u00e1rio residencial Abrainc tamb\u00e9m se mostra muito positiva. Confira o conte\u00fado completo no site da <a rel=\"noreferrer noopener\" href=\"https:\/\/www.abrainc.org.br\/abrainc-news\/2020\/10\/22\/abrainc-realiza-1a-pesquisa-sobre-nivel-de-confianca-do-empresario-do-setor-imobiliario-residencial\/\" target=\"_blank\"><strong>Abrainc<\/strong><\/a>.<\/p>\n\n\n<style>.wp-block-kadence-spacer.kt-block-spacer-_84a3b0-77 .kt-block-spacer{height:60px;}.wp-block-kadence-spacer.kt-block-spacer-_84a3b0-77 .kt-divider{border-top-width:1px;height:1px;border-top-color:#eee;width:80%;border-top-style:solid;}<\/style>\n<div class=\"wp-block-kadence-spacer aligncenter kt-block-spacer-_84a3b0-77\"><div class=\"kt-block-spacer kt-block-spacer-halign-center\" style=\"height:60px\"><hr class=\"kt-divider\" style=\"border-top-color:rgba(238, 238, 238, 1);border-top-width:1px;width:80%;border-top-style:solid\"\/><\/div><\/div>\n","protected":false},"excerpt":{"rendered":"<p>A Associa\u00e7\u00e3o Brasileira de Incorporadoras Imobili\u00e1rias (Abrainc) registrou um novo aumento no volume de vendas de unidades habitacionais em agosto: 58,9% em compara\u00e7\u00e3o ao mesmo m\u00eas do ano passado. Foram comercializados 13.156 im\u00f3veis no total. Esse \u00e9 o melhor resultado obtido pelos Indicadores Abrainc-Fipe desde maio de 2014, quando se alcan\u00e7ou as 14.116 unidades vendidas. [&hellip;]<\/p>\n","protected":false},"author":1,"featured_media":5381,"comment_status":"closed","ping_status":"open","sticky":false,"template":"","format":"standard","meta":{"tdm_status":"","tdm_grid_status":"","footnotes":""},"categories":[153],"tags":[199,156,270,158,621,160,200,622],"class_list":["post-5380","post","type-post","status-publish","format-standard","has-post-thumbnail","hentry","category-noticias","tag-comercio","tag-economia","tag-imoveis","tag-material-de-construcao","tag-mercado-imobiliario","tag-pesquisa","tag-varejo","tag-venda"],"amp_enabled":true,"_links":{"self":[{"href":"https:\/\/sincomavi.org.br\/index.php?rest_route=\/wp\/v2\/posts\/5380","targetHints":{"allow":["GET"]}}],"collection":[{"href":"https:\/\/sincomavi.org.br\/index.php?rest_route=\/wp\/v2\/posts"}],"about":[{"href":"https:\/\/sincomavi.org.br\/index.php?rest_route=\/wp\/v2\/types\/post"}],"author":[{"embeddable":true,"href":"https:\/\/sincomavi.org.br\/index.php?rest_route=\/wp\/v2\/users\/1"}],"replies":[{"embeddable":true,"href":"https:\/\/sincomavi.org.br\/index.php?rest_route=%2Fwp%2Fv2%2Fcomments&post=5380"}],"version-history":[{"count":4,"href":"https:\/\/sincomavi.org.br\/index.php?rest_route=\/wp\/v2\/posts\/5380\/revisions"}],"predecessor-version":[{"id":5385,"href":"https:\/\/sincomavi.org.br\/index.php?rest_route=\/wp\/v2\/posts\/5380\/revisions\/5385"}],"wp:featuredmedia":[{"embeddable":true,"href":"https:\/\/sincomavi.org.br\/index.php?rest_route=\/wp\/v2\/media\/5381"}],"wp:attachment":[{"href":"https:\/\/sincomavi.org.br\/index.php?rest_route=%2Fwp%2Fv2%2Fmedia&parent=5380"}],"wp:term":[{"taxonomy":"category","embeddable":true,"href":"https:\/\/sincomavi.org.br\/index.php?rest_route=%2Fwp%2Fv2%2Fcategories&post=5380"},{"taxonomy":"post_tag","embeddable":true,"href":"https:\/\/sincomavi.org.br\/index.php?rest_route=%2Fwp%2Fv2%2Ftags&post=5380"}],"curies":[{"name":"wp","href":"https:\/\/api.w.org\/{rel}","templated":true}]}}