{"id":5339,"date":"2020-10-27T08:06:57","date_gmt":"2020-10-27T11:06:57","guid":{"rendered":"https:\/\/sincomavi.org.br\/?p=5339"},"modified":"2020-10-27T08:06:58","modified_gmt":"2020-10-27T11:06:58","slug":"governo-no-estado-informa-que-nao-esta-processando-mpes","status":"publish","type":"post","link":"https:\/\/sincomavi.org.br\/?p=5339","title":{"rendered":"Governo no Estado informa que n\u00e3o est\u00e1 processando MPEs"},"content":{"rendered":"<style>.wp-block-kadence-spacer.kt-block-spacer-_46588a-5a .kt-block-spacer{height:60px;}.wp-block-kadence-spacer.kt-block-spacer-_46588a-5a .kt-divider{border-top-width:1px;height:1px;border-top-color:#eee;width:80%;border-top-style:solid;}<\/style>\n<div class=\"wp-block-kadence-spacer aligncenter kt-block-spacer-_46588a-5a\"><div class=\"kt-block-spacer kt-block-spacer-halign-center\" style=\"height:60px\"><hr class=\"kt-divider\" style=\"border-top-color:rgba(238, 238, 238, 1);border-top-width:1px;width:80%;border-top-style:solid\"\/><\/div><\/div>\n\n\n\n<p>Nota emitida pelo Governo do Estado de S\u00e3o Paulo declara que \u201d a Procuradoria Geral do Estado (PGE), respons\u00e1vel pelo protesto dos d\u00e9bitos inscritos na D\u00edvida Ativa, n\u00e3o est\u00e1 cobrando impostos devidos pelos contribuintes durante a pandemia. As a\u00e7\u00f5es se concentram em d\u00e9bitos contra\u00eddos antes da pandemia e n\u00e3o afetam os micro e pequenos empres\u00e1rios que enfrentam dificuldades\u201d.<\/p>\n\n\n<style>.wp-block-kadence-spacer.kt-block-spacer-_3c6e35-1d .kt-block-spacer{height:60px;}.wp-block-kadence-spacer.kt-block-spacer-_3c6e35-1d .kt-divider{border-top-width:1px;height:1px;border-top-color:#eee;width:80%;border-top-style:solid;}<\/style>\n<div class=\"wp-block-kadence-spacer aligncenter kt-block-spacer-_3c6e35-1d\"><div class=\"kt-block-spacer kt-block-spacer-halign-center\" style=\"height:60px\"><hr class=\"kt-divider\" style=\"border-top-color:rgba(238, 238, 238, 1);border-top-width:1px;width:80%;border-top-style:solid\"\/><\/div><\/div>\n","protected":false},"excerpt":{"rendered":"<p>Nota emitida pelo Governo do Estado de S\u00e3o Paulo declara que \u201d a Procuradoria Geral do Estado (PGE), respons\u00e1vel pelo protesto dos d\u00e9bitos inscritos na D\u00edvida Ativa, n\u00e3o est\u00e1 cobrando impostos devidos pelos contribuintes durante a pandemia. As a\u00e7\u00f5es se concentram em d\u00e9bitos contra\u00eddos antes da pandemia e n\u00e3o afetam os micro e pequenos empres\u00e1rios [&hellip;]<\/p>\n","protected":false},"author":1,"featured_media":5340,"comment_status":"closed","ping_status":"open","sticky":false,"template":"","format":"standard","meta":{"tdm_status":"","tdm_grid_status":"","footnotes":""},"categories":[153],"tags":[613,612,402,614,615],"class_list":["post-5339","post","type-post","status-publish","format-standard","has-post-thumbnail","hentry","category-noticias","tag-debitos","tag-divida-ativa","tag-governo-estadual","tag-procuradoria-geral-do-estado","tag-protesto"],"amp_enabled":true,"_links":{"self":[{"href":"https:\/\/sincomavi.org.br\/index.php?rest_route=\/wp\/v2\/posts\/5339","targetHints":{"allow":["GET"]}}],"collection":[{"href":"https:\/\/sincomavi.org.br\/index.php?rest_route=\/wp\/v2\/posts"}],"about":[{"href":"https:\/\/sincomavi.org.br\/index.php?rest_route=\/wp\/v2\/types\/post"}],"author":[{"embeddable":true,"href":"https:\/\/sincomavi.org.br\/index.php?rest_route=\/wp\/v2\/users\/1"}],"replies":[{"embeddable":true,"href":"https:\/\/sincomavi.org.br\/index.php?rest_route=%2Fwp%2Fv2%2Fcomments&post=5339"}],"version-history":[{"count":1,"href":"https:\/\/sincomavi.org.br\/index.php?rest_route=\/wp\/v2\/posts\/5339\/revisions"}],"predecessor-version":[{"id":5341,"href":"https:\/\/sincomavi.org.br\/index.php?rest_route=\/wp\/v2\/posts\/5339\/revisions\/5341"}],"wp:featuredmedia":[{"embeddable":true,"href":"https:\/\/sincomavi.org.br\/index.php?rest_route=\/wp\/v2\/media\/5340"}],"wp:attachment":[{"href":"https:\/\/sincomavi.org.br\/index.php?rest_route=%2Fwp%2Fv2%2Fmedia&parent=5339"}],"wp:term":[{"taxonomy":"category","embeddable":true,"href":"https:\/\/sincomavi.org.br\/index.php?rest_route=%2Fwp%2Fv2%2Fcategories&post=5339"},{"taxonomy":"post_tag","embeddable":true,"href":"https:\/\/sincomavi.org.br\/index.php?rest_route=%2Fwp%2Fv2%2Ftags&post=5339"}],"curies":[{"name":"wp","href":"https:\/\/api.w.org\/{rel}","templated":true}]}}