{"id":5319,"date":"2020-10-22T09:21:43","date_gmt":"2020-10-22T12:21:43","guid":{"rendered":"https:\/\/sincomavi.org.br\/?p=5319"},"modified":"2020-10-22T09:21:45","modified_gmt":"2020-10-22T12:21:45","slug":"vendas-do-comercio-crescem-12-em-sao-paulo","status":"publish","type":"post","link":"https:\/\/sincomavi.org.br\/?p=5319","title":{"rendered":"Vendas do com\u00e9rcio crescem 12% em S\u00e3o Paulo"},"content":{"rendered":"<style>.wp-block-kadence-spacer.kt-block-spacer-_e15227-8d .kt-block-spacer{height:60px;}.wp-block-kadence-spacer.kt-block-spacer-_e15227-8d .kt-divider{border-top-width:1px;height:1px;border-top-color:#eee;width:80%;border-top-style:solid;}<\/style>\n<div class=\"wp-block-kadence-spacer aligncenter kt-block-spacer-_e15227-8d\"><div class=\"kt-block-spacer kt-block-spacer-halign-center\" style=\"height:60px\"><hr class=\"kt-divider\" style=\"border-top-color:rgba(238, 238, 238, 1);border-top-width:1px;width:80%;border-top-style:solid\"\/><\/div><\/div>\n\n\n\n<p>Dados coletados pela Funda\u00e7\u00e3o Escola de Com\u00e9rcio \u00c1lvares Penteado (Fecap) revelam que houve um aumento de 12,46% nas vendas do com\u00e9rcio do Estado de S\u00e3o Paulo em outubro. O levantamento mostra ainda resultados positivos em rela\u00e7\u00e3o \u00e0s encomendas (5,69%) e situa\u00e7\u00e3o geral dos neg\u00f3cios (8,27%). O economista Allan S. de Carvalho, pesquisador do Instituto de Finan\u00e7as Fecap, atribui tal desempenho a dois fatores: o dia das crian\u00e7as e a reabertura do com\u00e9rcio em diversas regi\u00f5es do estado.<\/p>\n\n\n\n<p>A falta de mat\u00e9ria-prima e de produtos foi o principal obst\u00e1culo citado pelos comerciantes durante as pesquisas. A Pesquisa Pulso Empresa registrou que quase 72% dos varejistas declararam sentir dificuldades de obter mat\u00e9rias-primas ou mercadorias. &#8220;Apesar de boas expectativas com as vendas de novembro e dezembro, com a Black Friday e Natal, os empres\u00e1rios j\u00e1 se encontram receosos com o futuro cen\u00e1rio em janeiro do pr\u00f3ximo ano. Isso se deve ao fato de que o Governo Federal, provavelmente n\u00e3o ir\u00e1 prorrogar o aux\u00edlio emergencial ap\u00f3s 31 de dezembro deste ano, e o projeto Renda Cidad\u00e3 possui dificuldades para ser concretizado por falta de recursos&#8221;, avalia Allan.<\/p>\n\n\n\n<div class=\"wp-block-image\"><figure class=\"aligncenter size-large\"><img loading=\"lazy\" decoding=\"async\" width=\"732\" height=\"472\" src=\"https:\/\/sincomavi.org.br\/wp-content\/uploads\/2020\/10\/fecap.png\" alt=\"\" class=\"wp-image-5320\" srcset=\"https:\/\/sincomavi.org.br\/wp-content\/uploads\/2020\/10\/fecap.png 732w, https:\/\/sincomavi.org.br\/wp-content\/uploads\/2020\/10\/fecap-300x194.png 300w, https:\/\/sincomavi.org.br\/wp-content\/uploads\/2020\/10\/fecap-651x420.png 651w, https:\/\/sincomavi.org.br\/wp-content\/uploads\/2020\/10\/fecap-341x220.png 341w, https:\/\/sincomavi.org.br\/wp-content\/uploads\/2020\/10\/fecap-640x413.png 640w, https:\/\/sincomavi.org.br\/wp-content\/uploads\/2020\/10\/fecap-681x439.png 681w\" sizes=\"auto, (max-width: 732px) 100vw, 732px\" \/><\/figure><\/div>\n\n\n<style>.wp-block-kadence-spacer.kt-block-spacer-_85550c-82 .kt-block-spacer{height:60px;}.wp-block-kadence-spacer.kt-block-spacer-_85550c-82 .kt-divider{border-top-width:1px;height:1px;border-top-color:#eee;width:80%;border-top-style:solid;}<\/style>\n<div class=\"wp-block-kadence-spacer aligncenter kt-block-spacer-_85550c-82\"><div class=\"kt-block-spacer kt-block-spacer-halign-center\" style=\"height:60px\"><hr class=\"kt-divider\" style=\"border-top-color:rgba(238, 238, 238, 1);border-top-width:1px;width:80%;border-top-style:solid\"\/><\/div><\/div>\n","protected":false},"excerpt":{"rendered":"<p>Dados coletados pela Funda\u00e7\u00e3o Escola de Com\u00e9rcio \u00c1lvares Penteado (Fecap) revelam que houve um aumento de 12,46% nas vendas do com\u00e9rcio do Estado de S\u00e3o Paulo em outubro. O levantamento mostra ainda resultados positivos em rela\u00e7\u00e3o \u00e0s encomendas (5,69%) e situa\u00e7\u00e3o geral dos neg\u00f3cios (8,27%). O economista Allan S. de Carvalho, pesquisador do Instituto de [&hellip;]<\/p>\n","protected":false},"author":1,"featured_media":5321,"comment_status":"closed","ping_status":"open","sticky":false,"template":"","format":"standard","meta":{"tdm_status":"","tdm_grid_status":"","footnotes":""},"categories":[153],"tags":[199,156,200,75],"class_list":["post-5319","post","type-post","status-publish","format-standard","has-post-thumbnail","hentry","category-noticias","tag-comercio","tag-economia","tag-varejo","tag-vendas"],"amp_enabled":true,"_links":{"self":[{"href":"https:\/\/sincomavi.org.br\/index.php?rest_route=\/wp\/v2\/posts\/5319","targetHints":{"allow":["GET"]}}],"collection":[{"href":"https:\/\/sincomavi.org.br\/index.php?rest_route=\/wp\/v2\/posts"}],"about":[{"href":"https:\/\/sincomavi.org.br\/index.php?rest_route=\/wp\/v2\/types\/post"}],"author":[{"embeddable":true,"href":"https:\/\/sincomavi.org.br\/index.php?rest_route=\/wp\/v2\/users\/1"}],"replies":[{"embeddable":true,"href":"https:\/\/sincomavi.org.br\/index.php?rest_route=%2Fwp%2Fv2%2Fcomments&post=5319"}],"version-history":[{"count":1,"href":"https:\/\/sincomavi.org.br\/index.php?rest_route=\/wp\/v2\/posts\/5319\/revisions"}],"predecessor-version":[{"id":5322,"href":"https:\/\/sincomavi.org.br\/index.php?rest_route=\/wp\/v2\/posts\/5319\/revisions\/5322"}],"wp:featuredmedia":[{"embeddable":true,"href":"https:\/\/sincomavi.org.br\/index.php?rest_route=\/wp\/v2\/media\/5321"}],"wp:attachment":[{"href":"https:\/\/sincomavi.org.br\/index.php?rest_route=%2Fwp%2Fv2%2Fmedia&parent=5319"}],"wp:term":[{"taxonomy":"category","embeddable":true,"href":"https:\/\/sincomavi.org.br\/index.php?rest_route=%2Fwp%2Fv2%2Fcategories&post=5319"},{"taxonomy":"post_tag","embeddable":true,"href":"https:\/\/sincomavi.org.br\/index.php?rest_route=%2Fwp%2Fv2%2Ftags&post=5319"}],"curies":[{"name":"wp","href":"https:\/\/api.w.org\/{rel}","templated":true}]}}