{"id":5293,"date":"2020-10-21T09:56:00","date_gmt":"2020-10-21T12:56:00","guid":{"rendered":"https:\/\/sincomavi.org.br\/?p=5293"},"modified":"2020-10-21T09:57:01","modified_gmt":"2020-10-21T12:57:01","slug":"consumidores-adotam-novos-habitos-e-comportamentos-na-hora-da-compra","status":"publish","type":"post","link":"https:\/\/sincomavi.org.br\/?p=5293","title":{"rendered":"V\u00eddeo: consumidores adotam novos h\u00e1bitos e comportamentos na hora da compra"},"content":{"rendered":"<style>.wp-block-kadence-spacer.kt-block-spacer-_54cb8b-f6 .kt-block-spacer{height:60px;}.wp-block-kadence-spacer.kt-block-spacer-_54cb8b-f6 .kt-divider{border-top-width:1px;height:1px;border-top-color:#eee;width:80%;border-top-style:solid;}<\/style>\n<div class=\"wp-block-kadence-spacer aligncenter kt-block-spacer-_54cb8b-f6\"><div class=\"kt-block-spacer kt-block-spacer-halign-center\" style=\"height:60px\"><hr class=\"kt-divider\" style=\"border-top-color:rgba(238, 238, 238, 1);border-top-width:1px;width:80%;border-top-style:solid\"\/><\/div><\/div>\n\n\n\n<p>A pandemia da Covid-19 impactou de v\u00e1rias formas a popula\u00e7\u00e3o brasileira, inclusive em rela\u00e7\u00e3o ao consumo. Com a declara\u00e7\u00e3o da quarentena, as pessoas foram obrigadas a se adaptar a nova realidade e encontrar maneiras de continuar se abastecendo. Diante disso, houve uma disparada nas vendas pelo com\u00e9rcio eletr\u00f4nico e os varejos locais acabaram por receber maior valoriza\u00e7\u00e3o. Patr\u00edcia Cotti, head de modelagem de Neg\u00f3cios da Driven.CX e diretora Executiva do Ibevar, faz uma an\u00e1lise desses h\u00e1bitos e comportamentos adotados pelos consumidores no sexto v\u00eddeo da S\u00e9rie \u201cVarejo de Sucesso\u201d \u2013 uma iniciativa do Sincomavi e da Driven.CX. Confira:<\/p>\n\n\n\n<figure class=\"wp-block-embed-youtube wp-block-embed is-type-video is-provider-youtube wp-embed-aspect-16-9 wp-has-aspect-ratio\"><div class=\"wp-block-embed__wrapper\">\n<iframe loading=\"lazy\" title=\"Novos h\u00e1bitos e comportamentos de compra do consumidor\" width=\"640\" height=\"360\" src=\"https:\/\/www.youtube.com\/embed\/Yibal0KmIrk?feature=oembed&#038;enablejsapi=1\" frameborder=\"0\" allow=\"accelerometer; autoplay; clipboard-write; encrypted-media; gyroscope; picture-in-picture; web-share\" referrerpolicy=\"strict-origin-when-cross-origin\" allowfullscreen><\/iframe>\n<\/div><\/figure>\n\n\n<style>.wp-block-kadence-spacer.kt-block-spacer-_fb2174-31 .kt-block-spacer{height:60px;}.wp-block-kadence-spacer.kt-block-spacer-_fb2174-31 .kt-divider{border-top-width:1px;height:1px;border-top-color:#eee;width:80%;border-top-style:solid;}<\/style>\n<div class=\"wp-block-kadence-spacer aligncenter kt-block-spacer-_fb2174-31\"><div class=\"kt-block-spacer kt-block-spacer-halign-center\" style=\"height:60px\"><hr class=\"kt-divider\" style=\"border-top-color:rgba(238, 238, 238, 1);border-top-width:1px;width:80%;border-top-style:solid\"\/><\/div><\/div>\n","protected":false},"excerpt":{"rendered":"<p>A pandemia da Covid-19 impactou de v\u00e1rias formas a popula\u00e7\u00e3o brasileira, inclusive em rela\u00e7\u00e3o ao consumo. Com a declara\u00e7\u00e3o da quarentena, as pessoas foram obrigadas a se adaptar a nova realidade e encontrar maneiras de continuar se abastecendo. Diante disso, houve uma disparada nas vendas pelo com\u00e9rcio eletr\u00f4nico e os varejos locais acabaram por receber [&hellip;]<\/p>\n","protected":false},"author":1,"featured_media":5294,"comment_status":"closed","ping_status":"open","sticky":false,"template":"","format":"standard","meta":{"tdm_status":"","tdm_grid_status":"","footnotes":""},"categories":[153],"tags":[205,225,322],"class_list":["post-5293","post","type-post","status-publish","format-standard","has-post-thumbnail","hentry","category-noticias","tag-consumidor","tag-consumo","tag-habitos"],"amp_enabled":true,"_links":{"self":[{"href":"https:\/\/sincomavi.org.br\/index.php?rest_route=\/wp\/v2\/posts\/5293","targetHints":{"allow":["GET"]}}],"collection":[{"href":"https:\/\/sincomavi.org.br\/index.php?rest_route=\/wp\/v2\/posts"}],"about":[{"href":"https:\/\/sincomavi.org.br\/index.php?rest_route=\/wp\/v2\/types\/post"}],"author":[{"embeddable":true,"href":"https:\/\/sincomavi.org.br\/index.php?rest_route=\/wp\/v2\/users\/1"}],"replies":[{"embeddable":true,"href":"https:\/\/sincomavi.org.br\/index.php?rest_route=%2Fwp%2Fv2%2Fcomments&post=5293"}],"version-history":[{"count":2,"href":"https:\/\/sincomavi.org.br\/index.php?rest_route=\/wp\/v2\/posts\/5293\/revisions"}],"predecessor-version":[{"id":5297,"href":"https:\/\/sincomavi.org.br\/index.php?rest_route=\/wp\/v2\/posts\/5293\/revisions\/5297"}],"wp:featuredmedia":[{"embeddable":true,"href":"https:\/\/sincomavi.org.br\/index.php?rest_route=\/wp\/v2\/media\/5294"}],"wp:attachment":[{"href":"https:\/\/sincomavi.org.br\/index.php?rest_route=%2Fwp%2Fv2%2Fmedia&parent=5293"}],"wp:term":[{"taxonomy":"category","embeddable":true,"href":"https:\/\/sincomavi.org.br\/index.php?rest_route=%2Fwp%2Fv2%2Fcategories&post=5293"},{"taxonomy":"post_tag","embeddable":true,"href":"https:\/\/sincomavi.org.br\/index.php?rest_route=%2Fwp%2Fv2%2Ftags&post=5293"}],"curies":[{"name":"wp","href":"https:\/\/api.w.org\/{rel}","templated":true}]}}