{"id":5279,"date":"2020-11-13T08:09:00","date_gmt":"2020-11-13T10:09:00","guid":{"rendered":"https:\/\/sincomavi.org.br\/?p=5279"},"modified":"2020-11-13T18:22:51","modified_gmt":"2020-11-13T20:22:51","slug":"feriados-de-novembro-qual-foi-antecipado","status":"publish","type":"post","link":"https:\/\/sincomavi.org.br\/?p=5279","title":{"rendered":"Feriados de novembro: qual foi antecipado?"},"content":{"rendered":"<style>.wp-block-kadence-spacer.kt-block-spacer-_214a93-15 .kt-block-spacer{height:60px;}.wp-block-kadence-spacer.kt-block-spacer-_214a93-15 .kt-divider{border-top-width:1px;height:1px;border-top-color:#eee;width:80%;border-top-style:solid;}<\/style>\n<div class=\"wp-block-kadence-spacer aligncenter kt-block-spacer-_214a93-15\"><div class=\"kt-block-spacer kt-block-spacer-halign-center\" style=\"height:60px\"><hr class=\"kt-divider\" style=\"border-top-color:rgba(238, 238, 238, 1);border-top-width:1px;width:80%;border-top-style:solid\"\/><\/div><\/div>\n\n\n\n<p>O departamento Jur\u00eddico do Sincomavi mais uma vez vem esclarecer sobre o calend\u00e1rio de feriados e as antecipa\u00e7\u00f5es promovidas em raz\u00e3o da pandemia da Covid-19.<\/p>\n\n\n\n<p>Feriado de 02 de novembro (Finados): n\u00e3o sofreu nenhum tipo de altera\u00e7\u00e3o por ser de compet\u00eancia federal.<\/p>\n\n\n\n<p>Feriado de 20 de novembro (Dia da Consci\u00eancia Negra): j\u00e1 foi antecipado em alguns casos, como ocorreu na cidade de S\u00e3o Paulo. Para outros munic\u00edpios, o Departamento Jur\u00eddico do Sincomavi aconselha a consulta \u00e0 legisla\u00e7\u00e3o local. A data faz parte do calend\u00e1rio oficial em 106 munic\u00edpios paulistas.<\/p>\n\n\n\n<p>Importante ainda lembrar que, al\u00e9m da legisla\u00e7\u00e3o do munic\u00edpio permitir a abertura aos domingos e feriados, existem, nas CCTs assinadas pelo Sincomavi com os sindicatos dos empregados, algumas regras que dever\u00e3o ser obedecidas, entre as quais pode ser citada a obten\u00e7\u00e3o do respectivo certificado.<\/p>\n\n\n\n<p>Dessa forma, as empresas que decidirem abrir no pr\u00f3ximo feriado de 02 de novembro de 2020 e n\u00e3o possu\u00edrem a referida autoriza\u00e7\u00e3o, devem preencher requerimento dispon\u00edvel no link abaixo para sua obten\u00e7\u00e3o.<\/p>\n\n\n<style>.wp-block-kadence-advancedbtn.kb-btns_1574cc-ee{gap:var(--global-kb-gap-xs, 0.5rem );justify-content:center;align-items:center;}.kt-btns_1574cc-ee .kt-button{font-weight:normal;font-style:normal;}.kt-btns_1574cc-ee .kt-btn-wrap-0{margin-right:5px;}.wp-block-kadence-advancedbtn.kt-btns_1574cc-ee .kt-btn-wrap-0 .kt-button{color:#555555;border-color:#555555;}.wp-block-kadence-advancedbtn.kt-btns_1574cc-ee .kt-btn-wrap-0 .kt-button:hover, .wp-block-kadence-advancedbtn.kt-btns_1574cc-ee .kt-btn-wrap-0 .kt-button:focus{color:#ffffff;border-color:#444444;}.wp-block-kadence-advancedbtn.kt-btns_1574cc-ee .kt-btn-wrap-0 .kt-button::before{display:none;}.wp-block-kadence-advancedbtn.kt-btns_1574cc-ee .kt-btn-wrap-0 .kt-button:hover, .wp-block-kadence-advancedbtn.kt-btns_1574cc-ee .kt-btn-wrap-0 .kt-button:focus{background:#444444;}<\/style>\n<div class=\"wp-block-kadence-advancedbtn kt-btn-align-center kt-btn-tablet-align-inherit kt-btn-mobile-align-inherit kt-btns-wrap kt-btns_1574cc-ee\"><div class=\"kt-btn-wrap kt-btn-wrap-0\"><a class=\"kt-button button kt-btn-0-action kt-btn-size-standard kt-btn-style-basic kt-btn-svg-show-always kt-btn-has-text-true kt-btn-has-svg-false\" href=\"https:\/\/sincomavi.org.br\/requerimentos-e-declaracoes\/\" target=\"_blank\" rel=\"noreferrer noopener\"><span class=\"kt-btn-inner-text\">CLIQUE AQUI<\/span><\/a><\/div><\/div>\n\n\n<style>.wp-block-kadence-spacer.kt-block-spacer-_1c59d7-c0 .kt-block-spacer{height:60px;}.wp-block-kadence-spacer.kt-block-spacer-_1c59d7-c0 .kt-divider{border-top-width:1px;height:1px;border-top-color:#eee;width:80%;border-top-style:solid;}<\/style>\n<div class=\"wp-block-kadence-spacer aligncenter kt-block-spacer-_1c59d7-c0\"><div class=\"kt-block-spacer kt-block-spacer-halign-center\" style=\"height:60px\"><hr class=\"kt-divider\" style=\"border-top-color:rgba(238, 238, 238, 1);border-top-width:1px;width:80%;border-top-style:solid\"\/><\/div><\/div>\n","protected":false},"excerpt":{"rendered":"<p>O departamento Jur\u00eddico do Sincomavi mais uma vez vem esclarecer sobre o calend\u00e1rio de feriados e as antecipa\u00e7\u00f5es promovidas em raz\u00e3o da pandemia da Covid-19. Feriado de 02 de novembro (Finados): n\u00e3o sofreu nenhum tipo de altera\u00e7\u00e3o por ser de compet\u00eancia federal. Feriado de 20 de novembro (Dia da Consci\u00eancia Negra): j\u00e1 foi antecipado em [&hellip;]<\/p>\n","protected":false},"author":1,"featured_media":5280,"comment_status":"closed","ping_status":"open","sticky":false,"template":"","format":"standard","meta":{"tdm_status":"","tdm_grid_status":"","footnotes":""},"categories":[153],"tags":[547,141,297],"class_list":["post-5279","post","type-post","status-publish","format-standard","has-post-thumbnail","hentry","category-noticias","tag-antecipacao-feriados","tag-domingos-e-feriados","tag-feriado"],"amp_enabled":true,"_links":{"self":[{"href":"https:\/\/sincomavi.org.br\/index.php?rest_route=\/wp\/v2\/posts\/5279","targetHints":{"allow":["GET"]}}],"collection":[{"href":"https:\/\/sincomavi.org.br\/index.php?rest_route=\/wp\/v2\/posts"}],"about":[{"href":"https:\/\/sincomavi.org.br\/index.php?rest_route=\/wp\/v2\/types\/post"}],"author":[{"embeddable":true,"href":"https:\/\/sincomavi.org.br\/index.php?rest_route=\/wp\/v2\/users\/1"}],"replies":[{"embeddable":true,"href":"https:\/\/sincomavi.org.br\/index.php?rest_route=%2Fwp%2Fv2%2Fcomments&post=5279"}],"version-history":[{"count":1,"href":"https:\/\/sincomavi.org.br\/index.php?rest_route=\/wp\/v2\/posts\/5279\/revisions"}],"predecessor-version":[{"id":5281,"href":"https:\/\/sincomavi.org.br\/index.php?rest_route=\/wp\/v2\/posts\/5279\/revisions\/5281"}],"wp:featuredmedia":[{"embeddable":true,"href":"https:\/\/sincomavi.org.br\/index.php?rest_route=\/wp\/v2\/media\/5280"}],"wp:attachment":[{"href":"https:\/\/sincomavi.org.br\/index.php?rest_route=%2Fwp%2Fv2%2Fmedia&parent=5279"}],"wp:term":[{"taxonomy":"category","embeddable":true,"href":"https:\/\/sincomavi.org.br\/index.php?rest_route=%2Fwp%2Fv2%2Fcategories&post=5279"},{"taxonomy":"post_tag","embeddable":true,"href":"https:\/\/sincomavi.org.br\/index.php?rest_route=%2Fwp%2Fv2%2Ftags&post=5279"}],"curies":[{"name":"wp","href":"https:\/\/api.w.org\/{rel}","templated":true}]}}