{"id":5275,"date":"2020-10-19T14:03:23","date_gmt":"2020-10-19T17:03:23","guid":{"rendered":"https:\/\/sincomavi.org.br\/?p=5275"},"modified":"2020-10-19T14:03:24","modified_gmt":"2020-10-19T17:03:24","slug":"home-office-nota-do-ministerio-publico-do-trabalho","status":"publish","type":"post","link":"https:\/\/sincomavi.org.br\/?p=5275","title":{"rendered":"Home office &#8211; nota do Minist\u00e9rio P\u00fablico do Trabalho"},"content":{"rendered":"<style>.wp-block-kadence-spacer.kt-block-spacer-_d55df3-bd .kt-block-spacer{height:60px;}.wp-block-kadence-spacer.kt-block-spacer-_d55df3-bd .kt-divider{border-top-width:1px;height:1px;border-top-color:#eee;width:80%;border-top-style:solid;}<\/style>\n<div class=\"wp-block-kadence-spacer aligncenter kt-block-spacer-_d55df3-bd\"><div class=\"kt-block-spacer kt-block-spacer-halign-center\" style=\"height:60px\"><hr class=\"kt-divider\" style=\"border-top-color:rgba(238, 238, 238, 1);border-top-width:1px;width:80%;border-top-style:solid\"\/><\/div><\/div>\n\n\n\n<p>19\/10\/2020 | A Procuradoria Geral do Trabalho, do Minist\u00e9rio P\u00fablico do Trabalho, por meio do GT Nacional Covid-19 e do GT Nanotecnologia\/2020, expediu a Nota T\u00e9cnica 17\/2020, na qual, visando garantir a prote\u00e7\u00e3o de trabalhadoras e trabalhadores no trabalho remoto ou home office, instam as empresas, sindicatos e \u00f3rg\u00e3os da administra\u00e7\u00e3o p\u00fablica a adotarem diversas medidas e diretrizes, que resumimos a seguir:<\/p>\n\n\n\n<p>1. Respeitar a \u00e9tica digital no relacionamento com os trabalhadores.<\/p>\n\n\n\n<p>2. Regular a presta\u00e7\u00e3o de servi\u00e7os em regime de teletrabalho, mesmo no per\u00edodo da COVID-19, por meio de contrato.<\/p>\n\n\n\n<p>3. Observar os par\u00e2metros da ergonomia.<\/p>\n\n\n\n<p>4. Garantir ao trabalhador em teletrabalho e em especial no telemarketing, a aplica\u00e7\u00e3o da NR 17, anexo II.<\/p>\n\n\n\n<p>5. Oferecer apoio tecnol\u00f3gico, orienta\u00e7\u00e3o t\u00e9cnica e capacita\u00e7\u00e3o aos trabalhadores.<\/p>\n\n\n\n<p>6. Instruir os empregados, de maneira expressa, clara e objetiva, quanto \u00e0s precau\u00e7\u00f5es a tomar a fim de evitar doen\u00e7a.<\/p>\n\n\n\n<p>7. Observar a jornada contratual na adequa\u00e7\u00e3o das atividades na modalidade de teletrabalho e em plataformas virtuais.<\/p>\n\n\n\n<p>8. Adotar modelos de etiqueta digital em que se oriente toda a equipe.<\/p>\n\n\n\n<p>9. Garantir o respeito ao direito de imagem e \u00e0 privacidade dos trabalhadores.<\/p>\n\n\n\n<p>10. Assegurar que o uso de imagem e voz seja precedido de consentimento expresso dos trabalhadores.<\/p>\n\n\n\n<p>11. Garantir a observa\u00e7\u00e3o de prazos espec\u00edficos e restritos ao per\u00edodo das medidas da COVID-19.<\/p>\n\n\n\n<p>12. Garantir o exerc\u00edcio da liberdade de express\u00e3o do trabalhador.<\/p>\n\n\n\n<p>13. Estabelecer pol\u00edtica de autocuidado para identifica\u00e7\u00e3o de potenciais sinais e sintomas de COVID-19.<\/p>\n\n\n\n<p>14. Garantir que o teletrabalho seja oferecido ao idoso sempre de forma a favorecer a sua liberdade e direito ao exerc\u00edcio de atividade profissional e que sejam respeitadas suas condi\u00e7\u00f5es f\u00edsicas, intelectuais e ps\u00edquicas.<\/p>\n\n\n\n<p>15. Assegurar que o teletrabalho favore\u00e7a as pessoas com defici\u00eancia, obten\u00e7\u00e3o e conserva\u00e7\u00e3o do emprego e progress\u00e3o na carreira.<\/p>\n\n\n\n<p>16. Adotar mecanismo de controle da jornada de trabalho do trabalhador para o uso de plataformas digitais.<\/p>\n\n\n\n<p>17. Estimular a cria\u00e7\u00e3o de programas de profissionaliza\u00e7\u00e3o especializada para a m\u00e3o de obra eventualmente dispensada.<\/p>\n\n\n\n<p>Maiores explica\u00e7\u00f5es sobre cada recomenda\u00e7\u00e3o podem ser encontradas no diploma legal no bot\u00e3o abaixo.<\/p>\n\n\n<style>.wp-block-kadence-advancedbtn.kb-btns_b257c8-3b{gap:var(--global-kb-gap-xs, 0.5rem );justify-content:center;align-items:center;}.kt-btns_b257c8-3b .kt-button{font-weight:normal;font-style:normal;}.kt-btns_b257c8-3b .kt-btn-wrap-0{margin-right:5px;}.wp-block-kadence-advancedbtn.kt-btns_b257c8-3b .kt-btn-wrap-0 .kt-button{color:#555555;border-color:#555555;}.wp-block-kadence-advancedbtn.kt-btns_b257c8-3b .kt-btn-wrap-0 .kt-button:hover, .wp-block-kadence-advancedbtn.kt-btns_b257c8-3b .kt-btn-wrap-0 .kt-button:focus{color:#ffffff;border-color:#444444;}.wp-block-kadence-advancedbtn.kt-btns_b257c8-3b .kt-btn-wrap-0 .kt-button::before{display:none;}.wp-block-kadence-advancedbtn.kt-btns_b257c8-3b .kt-btn-wrap-0 .kt-button:hover, .wp-block-kadence-advancedbtn.kt-btns_b257c8-3b .kt-btn-wrap-0 .kt-button:focus{background:#444444;}<\/style>\n<div class=\"wp-block-kadence-advancedbtn kt-btn-align-center kt-btn-tablet-align-inherit kt-btn-mobile-align-inherit kt-btns-wrap kt-btns_b257c8-3b\"><div class=\"kt-btn-wrap kt-btn-wrap-0\"><a class=\"kt-button button kt-btn-0-action kt-btn-size-standard kt-btn-style-basic kt-btn-svg-show-always kt-btn-has-text-true kt-btn-has-svg-false\" href=\"https:\/\/sincomavi.org.br\/wp-content\/uploads\/2020\/10\/NT17_MPT-de-2020.pdf\" target=\"_blank\" rel=\"noreferrer noopener\"><span class=\"kt-btn-inner-text\">DOWNLOAD<\/span><\/a><\/div><\/div>\n\n\n<style>.wp-block-kadence-spacer.kt-block-spacer-_9f30f0-fe .kt-block-spacer{height:60px;}.wp-block-kadence-spacer.kt-block-spacer-_9f30f0-fe .kt-divider{border-top-width:1px;height:1px;border-top-color:#eee;width:80%;border-top-style:solid;}<\/style>\n<div class=\"wp-block-kadence-spacer aligncenter kt-block-spacer-_9f30f0-fe\"><div class=\"kt-block-spacer kt-block-spacer-halign-center\" style=\"height:60px\"><hr class=\"kt-divider\" style=\"border-top-color:rgba(238, 238, 238, 1);border-top-width:1px;width:80%;border-top-style:solid\"\/><\/div><\/div>\n","protected":false},"excerpt":{"rendered":"<p>19\/10\/2020 | A Procuradoria Geral do Trabalho, do Minist\u00e9rio P\u00fablico do Trabalho, por meio do GT Nacional Covid-19 e do GT Nanotecnologia\/2020, expediu a Nota T\u00e9cnica 17\/2020, na qual, visando garantir a prote\u00e7\u00e3o de trabalhadoras e trabalhadores no trabalho remoto ou home office, instam as empresas, sindicatos e \u00f3rg\u00e3os da administra\u00e7\u00e3o p\u00fablica a adotarem diversas [&hellip;]<\/p>\n","protected":false},"author":1,"featured_media":5277,"comment_status":"closed","ping_status":"open","sticky":false,"template":"","format":"standard","meta":{"tdm_status":"","tdm_grid_status":"","footnotes":""},"categories":[157],"tags":[349,397,584,597,598,599,600],"class_list":["post-5275","post","type-post","status-publish","format-standard","has-post-thumbnail","hentry","category-alerta","tag-coronavirus","tag-covid-19","tag-home-office","tag-ministerio-publico-do-trabalho","tag-nota-tecnica","tag-nt-17-2020","tag-teletrabalho"],"amp_enabled":true,"_links":{"self":[{"href":"https:\/\/sincomavi.org.br\/index.php?rest_route=\/wp\/v2\/posts\/5275","targetHints":{"allow":["GET"]}}],"collection":[{"href":"https:\/\/sincomavi.org.br\/index.php?rest_route=\/wp\/v2\/posts"}],"about":[{"href":"https:\/\/sincomavi.org.br\/index.php?rest_route=\/wp\/v2\/types\/post"}],"author":[{"embeddable":true,"href":"https:\/\/sincomavi.org.br\/index.php?rest_route=\/wp\/v2\/users\/1"}],"replies":[{"embeddable":true,"href":"https:\/\/sincomavi.org.br\/index.php?rest_route=%2Fwp%2Fv2%2Fcomments&post=5275"}],"version-history":[{"count":1,"href":"https:\/\/sincomavi.org.br\/index.php?rest_route=\/wp\/v2\/posts\/5275\/revisions"}],"predecessor-version":[{"id":5278,"href":"https:\/\/sincomavi.org.br\/index.php?rest_route=\/wp\/v2\/posts\/5275\/revisions\/5278"}],"wp:featuredmedia":[{"embeddable":true,"href":"https:\/\/sincomavi.org.br\/index.php?rest_route=\/wp\/v2\/media\/5277"}],"wp:attachment":[{"href":"https:\/\/sincomavi.org.br\/index.php?rest_route=%2Fwp%2Fv2%2Fmedia&parent=5275"}],"wp:term":[{"taxonomy":"category","embeddable":true,"href":"https:\/\/sincomavi.org.br\/index.php?rest_route=%2Fwp%2Fv2%2Fcategories&post=5275"},{"taxonomy":"post_tag","embeddable":true,"href":"https:\/\/sincomavi.org.br\/index.php?rest_route=%2Fwp%2Fv2%2Ftags&post=5275"}],"curies":[{"name":"wp","href":"https:\/\/api.w.org\/{rel}","templated":true}]}}