{"id":5244,"date":"2020-10-15T09:29:21","date_gmt":"2020-10-15T12:29:21","guid":{"rendered":"https:\/\/sincomavi.org.br\/?p=5244"},"modified":"2020-10-15T10:30:58","modified_gmt":"2020-10-15T13:30:58","slug":"pandemia-os-impactos-nos-habitos-de-consumo","status":"publish","type":"post","link":"https:\/\/sincomavi.org.br\/?p=5244","title":{"rendered":"Pandemia: mudan\u00e7as nos h\u00e1bitos de consumo"},"content":{"rendered":"<style>.wp-block-kadence-spacer.kt-block-spacer-_4b9219-3b .kt-block-spacer{height:60px;}.wp-block-kadence-spacer.kt-block-spacer-_4b9219-3b .kt-divider{border-top-width:1px;height:1px;border-top-color:#eee;width:80%;border-top-style:solid;}<\/style>\n<div class=\"wp-block-kadence-spacer aligncenter kt-block-spacer-_4b9219-3b\"><div class=\"kt-block-spacer kt-block-spacer-halign-center\" style=\"height:60px\"><hr class=\"kt-divider\" style=\"border-top-color:rgba(238, 238, 238, 1);border-top-width:1px;width:80%;border-top-style:solid\"\/><\/div><\/div>\n\n\n\n<p>N\u00e3o foram poucas as altera\u00e7\u00f5es impostas \u00e0 popula\u00e7\u00e3o mundial em raz\u00e3o da pandemia da Covid-19. O novo quadro apresentado impactou sobremaneira os h\u00e1bitos de consumo e a rela\u00e7\u00e3o mantida com fornecedores e marcas.<\/p>\n\n\n\n<p>No estudo global EY Future Consumer Index, a <a rel=\"noreferrer noopener\" href=\"https:\/\/www.ey.com\/pt_br\" target=\"_blank\"><strong>EY-Parthenon<\/strong><\/a> buscou radiografar as principais transforma\u00e7\u00f5es sofridas no mercado consumidor, inclusive nacional. Para tanto, a EY-Parthenon consultou 1.003 brasileiros (51% mulheres e 49% homens) entre os meses de junho e julho deste ano.<\/p>\n\n\n\n<p>O levantamento no Brasil revela que um ter\u00e7o dos participantes (33%) mudou de marca como forma de apoiar a economia ou empresas locais. O lado financeiro tamb\u00e9m se mostrou fator importante na hora da aquisi\u00e7\u00e3o: 32% decidiram trocar de marcas para reduzir custos. &nbsp;A op\u00e7\u00e3o pela compra online foi citada por 32% dos entrevistados, o que, segundo o estudo, n\u00e3o era comum antes da pandemia, principalmente em rela\u00e7\u00e3o \u00e0 categoria alimentos.<\/p>\n\n\n\n<p>Houve ainda, como j\u00e1 era esperado, um grande impacto nos rendimentos dos entrevistados: 62% relataram perdas durante o per\u00edodo. Apesar disso, existe otimismo que tal situa\u00e7\u00e3o esteja melhor dentro de um ano.<\/p>\n\n\n\n<p>Apenas 36% das pessoas consultadas pela pesquisa afirmaram ter mantido seus ganhos pr\u00e9-pandemia e somente 1% conseguiu obter aumento. A maioria sofreu redu\u00e7\u00f5es expressivas na renda, com 35% dos entrevistados contando com queda de at\u00e9 50% em seus ganhos.<\/p>\n\n\n\n<p>Entre os novos h\u00e1bitos adquiridos, destacam-se a maior consci\u00eancia sobre higiene pessoal e limpeza (71%), preparo das pr\u00f3prias refei\u00e7\u00f5es (69%), menor n\u00famero de visitas \u00e0s lojas f\u00edsicas (62%), redu\u00e7\u00e3o nos gastos com produtos n\u00e3o essenciais (60%) e inten\u00e7\u00e3o em cuidar melhor da resid\u00eancia (59%).<\/p>\n\n\n\n<figure class=\"wp-block-image size-large\"><img loading=\"lazy\" decoding=\"async\" width=\"825\" height=\"442\" src=\"https:\/\/sincomavi.org.br\/wp-content\/uploads\/2020\/10\/imagem_2020-10-15_092620.png\" alt=\"\" class=\"wp-image-5245\" srcset=\"https:\/\/sincomavi.org.br\/wp-content\/uploads\/2020\/10\/imagem_2020-10-15_092620.png 825w, https:\/\/sincomavi.org.br\/wp-content\/uploads\/2020\/10\/imagem_2020-10-15_092620-300x160.png 300w, https:\/\/sincomavi.org.br\/wp-content\/uploads\/2020\/10\/imagem_2020-10-15_092620-768x411.png 768w, https:\/\/sincomavi.org.br\/wp-content\/uploads\/2020\/10\/imagem_2020-10-15_092620-784x420.png 784w, https:\/\/sincomavi.org.br\/wp-content\/uploads\/2020\/10\/imagem_2020-10-15_092620-640x343.png 640w, https:\/\/sincomavi.org.br\/wp-content\/uploads\/2020\/10\/imagem_2020-10-15_092620-681x365.png 681w\" sizes=\"auto, (max-width: 825px) 100vw, 825px\" \/><\/figure>\n\n\n\n<p>Pouco mais da metade dos entrevistados (54%) afirma ter decidido comprar apenas o essencial, demonstrando preocupa\u00e7\u00f5es com a eventual instabilidade econ\u00f4mica do momento. Tamb\u00e9m 52% das pessoas disseram ter reduzido a frequ\u00eancia de suas compras, enquanto 39% ampliaram as compras de itens variados pela internet.<br><br>Miguel Duarte, s\u00f3cio da&nbsp;EY-Parthenon e l\u00edder do segmento de Consumo, Produtos e Varejo para Am\u00e9rica Latina, comenta que n\u00e3o \u00e9 dif\u00edcil perceber, por recorrentes exemplos p\u00fablicos, que o brasileiro est\u00e1 ansioso para retomar atividades sociais que tiveram de ser descontinuadas em raz\u00e3o da pandemia. \u201cA pesquisa mostra, por exemplo, que 77% dos entrevistados afirmam se sentir confort\u00e1veis para viajar de avi\u00e3o em at\u00e9 um ano. Ainda existem grandes desafios no enfrentamento \u00e0 Covid-19, e o objetivo do estudo EY Future Consumer Index \u00e9 justamente contribuir para oferecer mais informa\u00e7\u00f5es e gerar conhecimento sobre como as pessoas t\u00eam se comportado e quais as suas expectativas em rela\u00e7\u00e3o aos desdobramentos da pandemia&#8221;, finaliza.<\/p>\n\n\n<style>.wp-block-kadence-spacer.kt-block-spacer-_96e9b0-18 .kt-block-spacer{height:60px;}.wp-block-kadence-spacer.kt-block-spacer-_96e9b0-18 .kt-divider{border-top-width:1px;height:1px;border-top-color:#eee;width:80%;border-top-style:solid;}<\/style>\n<div class=\"wp-block-kadence-spacer aligncenter kt-block-spacer-_96e9b0-18\"><div class=\"kt-block-spacer kt-block-spacer-halign-center\" style=\"height:60px\"><hr class=\"kt-divider\" style=\"border-top-color:rgba(238, 238, 238, 1);border-top-width:1px;width:80%;border-top-style:solid\"\/><\/div><\/div>\n","protected":false},"excerpt":{"rendered":"<p>N\u00e3o foram poucas as altera\u00e7\u00f5es impostas \u00e0 popula\u00e7\u00e3o mundial em raz\u00e3o da pandemia da Covid-19. O novo quadro apresentado impactou sobremaneira os h\u00e1bitos de consumo e a rela\u00e7\u00e3o mantida com fornecedores e marcas. No estudo global EY Future Consumer Index, a EY-Parthenon buscou radiografar as principais transforma\u00e7\u00f5es sofridas no mercado consumidor, inclusive nacional. Para tanto, [&hellip;]<\/p>\n","protected":false},"author":1,"featured_media":5246,"comment_status":"closed","ping_status":"open","sticky":false,"template":"","format":"standard","meta":{"tdm_status":"","tdm_grid_status":"","footnotes":""},"categories":[153],"tags":[205,225,349,397,156,322,334,358],"class_list":["post-5244","post","type-post","status-publish","format-standard","has-post-thumbnail","hentry","category-noticias","tag-consumidor","tag-consumo","tag-coronavirus","tag-covid-19","tag-economia","tag-habitos","tag-mercado","tag-quarentena"],"amp_enabled":true,"_links":{"self":[{"href":"https:\/\/sincomavi.org.br\/index.php?rest_route=\/wp\/v2\/posts\/5244","targetHints":{"allow":["GET"]}}],"collection":[{"href":"https:\/\/sincomavi.org.br\/index.php?rest_route=\/wp\/v2\/posts"}],"about":[{"href":"https:\/\/sincomavi.org.br\/index.php?rest_route=\/wp\/v2\/types\/post"}],"author":[{"embeddable":true,"href":"https:\/\/sincomavi.org.br\/index.php?rest_route=\/wp\/v2\/users\/1"}],"replies":[{"embeddable":true,"href":"https:\/\/sincomavi.org.br\/index.php?rest_route=%2Fwp%2Fv2%2Fcomments&post=5244"}],"version-history":[{"count":4,"href":"https:\/\/sincomavi.org.br\/index.php?rest_route=\/wp\/v2\/posts\/5244\/revisions"}],"predecessor-version":[{"id":5251,"href":"https:\/\/sincomavi.org.br\/index.php?rest_route=\/wp\/v2\/posts\/5244\/revisions\/5251"}],"wp:featuredmedia":[{"embeddable":true,"href":"https:\/\/sincomavi.org.br\/index.php?rest_route=\/wp\/v2\/media\/5246"}],"wp:attachment":[{"href":"https:\/\/sincomavi.org.br\/index.php?rest_route=%2Fwp%2Fv2%2Fmedia&parent=5244"}],"wp:term":[{"taxonomy":"category","embeddable":true,"href":"https:\/\/sincomavi.org.br\/index.php?rest_route=%2Fwp%2Fv2%2Fcategories&post=5244"},{"taxonomy":"post_tag","embeddable":true,"href":"https:\/\/sincomavi.org.br\/index.php?rest_route=%2Fwp%2Fv2%2Ftags&post=5244"}],"curies":[{"name":"wp","href":"https:\/\/api.w.org\/{rel}","templated":true}]}}