{"id":5230,"date":"2020-10-14T13:12:59","date_gmt":"2020-10-14T16:12:59","guid":{"rendered":"https:\/\/sincomavi.org.br\/?p=5230"},"modified":"2020-10-19T15:21:32","modified_gmt":"2020-10-19T18:21:32","slug":"prorrogacao-dos-acordos-e-beneficios-emergenciais","status":"publish","type":"post","link":"https:\/\/sincomavi.org.br\/?p=5230","title":{"rendered":"Prorroga\u00e7\u00e3o dos acordos e benef\u00edcios emergenciais"},"content":{"rendered":"<style>.wp-block-kadence-spacer.kt-block-spacer-_fd4e05-db .kt-block-spacer{height:60px;}.wp-block-kadence-spacer.kt-block-spacer-_fd4e05-db .kt-divider{border-top-width:1px;height:1px;border-top-color:#eee;width:80%;border-top-style:solid;}<\/style>\n<div class=\"wp-block-kadence-spacer aligncenter kt-block-spacer-_fd4e05-db\"><div class=\"kt-block-spacer kt-block-spacer-halign-center\" style=\"height:60px\"><hr class=\"kt-divider\" style=\"border-top-color:rgba(238, 238, 238, 1);border-top-width:1px;width:80%;border-top-style:solid\"\/><\/div><\/div>\n\n\n\n<p>14\/10\/2020 | Foram prorrogados, mais uma vez, os prazos para celebrar acordos de redu\u00e7\u00e3o proporcional de jornada de trabalho e de sal\u00e1rio e de suspens\u00e3o tempor\u00e1ria de contrato de trabalho e para efetuar o pagamento dos benef\u00edcios emergenciais. Basicamente essas possibilidades repetem as condi\u00e7\u00f5es anteriores e podem ser resumidas em:<\/p>\n\n\n\n<ul class=\"wp-block-list\"><li>Os prazos m\u00e1ximos para celebrar acordo de redu\u00e7\u00e3o proporcional da jornada de trabalho e de sal\u00e1rio e de suspens\u00e3o tempor\u00e1ria de contrato de trabalho, ainda que em per\u00edodos sucessivos ou intercalados, ficam acrescidos de sessenta dias, de modo a completar o total de duzentos e quarenta dias, limitados \u00e0 dura\u00e7\u00e3o do estado de calamidade p\u00fablica, previsto para terminar em 31\/12\/2020.<\/li><li>Os per\u00edodos de redu\u00e7\u00e3o e de suspens\u00e3o utilizados at\u00e9 a data de publica\u00e7\u00e3o do texto legal ser\u00e3o computados para fins de contagem dos limites m\u00e1ximos resultantes dos acr\u00e9scimos de prazos (240 dias), limitados \u00e0 dura\u00e7\u00e3o do estado de calamidade p\u00fablica.<\/li><li>A concess\u00e3o e o pagamento do Benef\u00edcio Emergencial de Preserva\u00e7\u00e3o do Emprego e da Renda e do benef\u00edcio emergencial mensal ficam condicionados \u00e0s disponibilidades or\u00e7ament\u00e1rias e \u00e0 dura\u00e7\u00e3o do estado de calamidade p\u00fablica.<\/li><\/ul>\n\n\n\n<p>>> <strong><a href=\"https:\/\/sincomavi.org.br\/comunicacao-obrigatoria-prorrogacao-da-reducao-suspensao-e-beneficios-emergenciais\/\" target=\"_blank\" rel=\"noreferrer noopener\">Importante: comunica\u00e7\u00e3o obrigat\u00f3ria<\/a><\/strong><\/p>\n\n\n\n<p><strong>Decreto 10.517 &#8211; DOU 14-10-20<\/strong><\/p>\n\n\n<style>.wp-block-kadence-advancedbtn.kb-btns_029e00-24{gap:var(--global-kb-gap-xs, 0.5rem );justify-content:center;align-items:center;}.kt-btns_029e00-24 .kt-button{font-weight:normal;font-style:normal;}.kt-btns_029e00-24 .kt-btn-wrap-0{margin-right:5px;}.wp-block-kadence-advancedbtn.kt-btns_029e00-24 .kt-btn-wrap-0 .kt-button{color:#555555;border-color:#555555;}.wp-block-kadence-advancedbtn.kt-btns_029e00-24 .kt-btn-wrap-0 .kt-button:hover, .wp-block-kadence-advancedbtn.kt-btns_029e00-24 .kt-btn-wrap-0 .kt-button:focus{color:#ffffff;border-color:#444444;}.wp-block-kadence-advancedbtn.kt-btns_029e00-24 .kt-btn-wrap-0 .kt-button::before{display:none;}.wp-block-kadence-advancedbtn.kt-btns_029e00-24 .kt-btn-wrap-0 .kt-button:hover, .wp-block-kadence-advancedbtn.kt-btns_029e00-24 .kt-btn-wrap-0 .kt-button:focus{background:#444444;}<\/style>\n<div class=\"wp-block-kadence-advancedbtn kt-btn-align-center kt-btn-tablet-align-inherit kt-btn-mobile-align-inherit kt-btns-wrap kt-btns_029e00-24\"><div class=\"kt-btn-wrap kt-btn-wrap-0\"><a class=\"kt-button button kt-btn-0-action kt-btn-size-standard kt-btn-style-basic kt-btn-svg-show-always kt-btn-has-text-true kt-btn-has-svg-false\" href=\"https:\/\/sincomavi.org.br\/wp-content\/uploads\/2020\/10\/201014-Decreto-10.517.pdf\" target=\"_blank\" rel=\"noreferrer noopener\"><span class=\"kt-btn-inner-text\">DOWNLOAD<\/span><\/a><\/div><\/div>\n\n\n<style>.wp-block-kadence-spacer.kt-block-spacer-_639a12-91 .kt-block-spacer{height:60px;}.wp-block-kadence-spacer.kt-block-spacer-_639a12-91 .kt-divider{border-top-width:1px;height:1px;border-top-color:#eee;width:80%;border-top-style:solid;}<\/style>\n<div class=\"wp-block-kadence-spacer aligncenter kt-block-spacer-_639a12-91\"><div class=\"kt-block-spacer kt-block-spacer-halign-center\" style=\"height:60px\"><hr class=\"kt-divider\" style=\"border-top-color:rgba(238, 238, 238, 1);border-top-width:1px;width:80%;border-top-style:solid\"\/><\/div><\/div>\n","protected":false},"excerpt":{"rendered":"<p>14\/10\/2020 | Foram prorrogados, mais uma vez, os prazos para celebrar acordos de redu\u00e7\u00e3o proporcional de jornada de trabalho e de sal\u00e1rio e de suspens\u00e3o tempor\u00e1ria de contrato de trabalho e para efetuar o pagamento dos benef\u00edcios emergenciais. Basicamente essas possibilidades repetem as condi\u00e7\u00f5es anteriores e podem ser resumidas em: Os prazos m\u00e1ximos para celebrar [&hellip;]<\/p>\n","protected":false},"author":1,"featured_media":5232,"comment_status":"closed","ping_status":"open","sticky":false,"template":"","format":"standard","meta":{"tdm_status":"","tdm_grid_status":"","footnotes":""},"categories":[157],"tags":[447,448,349,397,589],"class_list":["post-5230","post","type-post","status-publish","format-standard","has-post-thumbnail","hentry","category-alerta","tag-bem","tag-beneficio-emergencial","tag-coronavirus","tag-covid-19","tag-decreto-10517-20"],"amp_enabled":true,"_links":{"self":[{"href":"https:\/\/sincomavi.org.br\/index.php?rest_route=\/wp\/v2\/posts\/5230","targetHints":{"allow":["GET"]}}],"collection":[{"href":"https:\/\/sincomavi.org.br\/index.php?rest_route=\/wp\/v2\/posts"}],"about":[{"href":"https:\/\/sincomavi.org.br\/index.php?rest_route=\/wp\/v2\/types\/post"}],"author":[{"embeddable":true,"href":"https:\/\/sincomavi.org.br\/index.php?rest_route=\/wp\/v2\/users\/1"}],"replies":[{"embeddable":true,"href":"https:\/\/sincomavi.org.br\/index.php?rest_route=%2Fwp%2Fv2%2Fcomments&post=5230"}],"version-history":[{"count":3,"href":"https:\/\/sincomavi.org.br\/index.php?rest_route=\/wp\/v2\/posts\/5230\/revisions"}],"predecessor-version":[{"id":5290,"href":"https:\/\/sincomavi.org.br\/index.php?rest_route=\/wp\/v2\/posts\/5230\/revisions\/5290"}],"wp:featuredmedia":[{"embeddable":true,"href":"https:\/\/sincomavi.org.br\/index.php?rest_route=\/wp\/v2\/media\/5232"}],"wp:attachment":[{"href":"https:\/\/sincomavi.org.br\/index.php?rest_route=%2Fwp%2Fv2%2Fmedia&parent=5230"}],"wp:term":[{"taxonomy":"category","embeddable":true,"href":"https:\/\/sincomavi.org.br\/index.php?rest_route=%2Fwp%2Fv2%2Fcategories&post=5230"},{"taxonomy":"post_tag","embeddable":true,"href":"https:\/\/sincomavi.org.br\/index.php?rest_route=%2Fwp%2Fv2%2Ftags&post=5230"}],"curies":[{"name":"wp","href":"https:\/\/api.w.org\/{rel}","templated":true}]}}