{"id":5046,"date":"2020-09-24T11:41:57","date_gmt":"2020-09-24T14:41:57","guid":{"rendered":"https:\/\/sincomavi.org.br\/?p=5046"},"modified":"2020-09-24T11:42:44","modified_gmt":"2020-09-24T14:42:44","slug":"indice-de-confianca-do-comercio-se-recupera","status":"publish","type":"post","link":"https:\/\/sincomavi.org.br\/?p=5046","title":{"rendered":"\u00cdndice de Confian\u00e7a do Com\u00e9rcio se recupera"},"content":{"rendered":"<style>.wp-block-kadence-spacer.kt-block-spacer-_52dd0f-a3 .kt-block-spacer{height:60px;}.wp-block-kadence-spacer.kt-block-spacer-_52dd0f-a3 .kt-divider{border-top-width:1px;height:1px;border-top-color:#eee;width:80%;border-top-style:solid;}<\/style>\n<div class=\"wp-block-kadence-spacer aligncenter kt-block-spacer-_52dd0f-a3\"><div class=\"kt-block-spacer kt-block-spacer-halign-center\" style=\"height:60px\"><hr class=\"kt-divider\" style=\"border-top-color:rgba(238, 238, 238, 1);border-top-width:1px;width:80%;border-top-style:solid\"\/><\/div><\/div>\n\n\n\n<p>Dados coletados pela Funda\u00e7\u00e3o Get\u00falio Vargas (FGV) revelam que o otimismo do empresariado do com\u00e9rcio voltou aos patamares pr\u00e9-pandemia. O \u00cdndice de Confian\u00e7a do Com\u00e9rcio (ICOM) contou com uma eleva\u00e7\u00e3o de 3,0 pontos em setembro, passando de 96,6 para 99,6 pontos, registrando a quinta alta consecutiva. Em m\u00e9dias m\u00f3veis trimestrais, o indicador apresenta crescimento de 5,1 pontos.<\/p>\n\n\n\n<div class=\"wp-block-image\"><figure class=\"aligncenter size-large\"><img loading=\"lazy\" decoding=\"async\" width=\"800\" height=\"622\" src=\"https:\/\/sincomavi.org.br\/wp-content\/uploads\/2020\/09\/gra1.jpg\" alt=\"\" class=\"wp-image-5047\" srcset=\"https:\/\/sincomavi.org.br\/wp-content\/uploads\/2020\/09\/gra1.jpg 800w, https:\/\/sincomavi.org.br\/wp-content\/uploads\/2020\/09\/gra1-300x233.jpg 300w, https:\/\/sincomavi.org.br\/wp-content\/uploads\/2020\/09\/gra1-768x597.jpg 768w, https:\/\/sincomavi.org.br\/wp-content\/uploads\/2020\/09\/gra1-540x420.jpg 540w, https:\/\/sincomavi.org.br\/wp-content\/uploads\/2020\/09\/gra1-640x498.jpg 640w, https:\/\/sincomavi.org.br\/wp-content\/uploads\/2020\/09\/gra1-681x529.jpg 681w\" sizes=\"auto, (max-width: 800px) 100vw, 800px\" \/><\/figure><\/div>\n\n\n\n<p>Para Rodolpho Tobler, coordenador da Sondagem do Com\u00e9rcio do FGV IBRE, a alta registrada, assim como no m\u00eas anterior, foi influenciada pela melhora da percep\u00e7\u00e3o com o momento presente e pelo aumento gradual das expectativas em rela\u00e7\u00e3o aos pr\u00f3ximos meses. \u201cEssa combina\u00e7\u00e3o sugere uma percep\u00e7\u00e3o mais favor\u00e1vel do setor sobre a recupera\u00e7\u00e3o do volume de vendas no m\u00eas, mas projetando ainda de forma cautelosa os pr\u00f3ximos meses, potencialmente influenciados pela proximidade do fim dos programas de aux\u00edlio, lenta recupera\u00e7\u00e3o da confian\u00e7a dos consumidores e cen\u00e1rio desafiador do mercado de trabalho. &#8220;, avalia.<\/p>\n\n\n\n<div class=\"wp-block-image\"><figure class=\"aligncenter size-large\"><img loading=\"lazy\" decoding=\"async\" width=\"800\" height=\"465\" src=\"https:\/\/sincomavi.org.br\/wp-content\/uploads\/2020\/09\/gra2.jpg\" alt=\"\" class=\"wp-image-5048\" srcset=\"https:\/\/sincomavi.org.br\/wp-content\/uploads\/2020\/09\/gra2.jpg 800w, https:\/\/sincomavi.org.br\/wp-content\/uploads\/2020\/09\/gra2-300x174.jpg 300w, https:\/\/sincomavi.org.br\/wp-content\/uploads\/2020\/09\/gra2-768x446.jpg 768w, https:\/\/sincomavi.org.br\/wp-content\/uploads\/2020\/09\/gra2-723x420.jpg 723w, https:\/\/sincomavi.org.br\/wp-content\/uploads\/2020\/09\/gra2-640x372.jpg 640w, https:\/\/sincomavi.org.br\/wp-content\/uploads\/2020\/09\/gra2-681x396.jpg 681w\" sizes=\"auto, (max-width: 800px) 100vw, 800px\" \/><\/figure><\/div>\n\n\n\n<p>Em setembro, a confian\u00e7a subiu em quatro dos seis principais segmentos do Com\u00e9rcio. Do ponto de vista de horizontes temporais, houve melhora tanto percep\u00e7\u00e3o do momento presente quanto nas expectativas. O \u00cdndice de Situa\u00e7\u00e3o Atual (ISA-COM) avan\u00e7ou 4,6 pontos, para 106,6 pontos, atingindo o maior valor desde maio de 2013 (107,0 pontos). J\u00e1 o \u00cdndice de Expectativas (IE-COM) subiu 1,1 ponto para 92,4 pontos, registrando o maior valor desde o in\u00edcio da pandemia.<\/p>\n\n\n<style>.wp-block-kadence-spacer.kt-block-spacer-_fdf9bb-4d .kt-block-spacer{height:60px;}.wp-block-kadence-spacer.kt-block-spacer-_fdf9bb-4d .kt-divider{border-top-width:1px;height:1px;border-top-color:#eee;width:80%;border-top-style:solid;}<\/style>\n<div class=\"wp-block-kadence-spacer aligncenter kt-block-spacer-_fdf9bb-4d\"><div class=\"kt-block-spacer kt-block-spacer-halign-center\" style=\"height:60px\"><hr class=\"kt-divider\" style=\"border-top-color:rgba(238, 238, 238, 1);border-top-width:1px;width:80%;border-top-style:solid\"\/><\/div><\/div>\n","protected":false},"excerpt":{"rendered":"<p>Dados coletados pela Funda\u00e7\u00e3o Get\u00falio Vargas (FGV) revelam que o otimismo do empresariado do com\u00e9rcio voltou aos patamares pr\u00e9-pandemia. O \u00cdndice de Confian\u00e7a do Com\u00e9rcio (ICOM) contou com uma eleva\u00e7\u00e3o de 3,0 pontos em setembro, passando de 96,6 para 99,6 pontos, registrando a quinta alta consecutiva. Em m\u00e9dias m\u00f3veis trimestrais, o indicador apresenta crescimento de [&hellip;]<\/p>\n","protected":false},"author":1,"featured_media":5049,"comment_status":"closed","ping_status":"open","sticky":false,"template":"","format":"standard","meta":{"tdm_status":"","tdm_grid_status":"","footnotes":""},"categories":[153],"tags":[199,204,349,397,309,563,308,564,160,200],"class_list":["post-5046","post","type-post","status-publish","format-standard","has-post-thumbnail","hentry","category-noticias","tag-comercio","tag-confianca","tag-coronavirus","tag-covid-19","tag-fgv","tag-fundacao-getulio-vargas","tag-indicador","tag-otimismo","tag-pesquisa","tag-varejo"],"amp_enabled":true,"_links":{"self":[{"href":"https:\/\/sincomavi.org.br\/index.php?rest_route=\/wp\/v2\/posts\/5046","targetHints":{"allow":["GET"]}}],"collection":[{"href":"https:\/\/sincomavi.org.br\/index.php?rest_route=\/wp\/v2\/posts"}],"about":[{"href":"https:\/\/sincomavi.org.br\/index.php?rest_route=\/wp\/v2\/types\/post"}],"author":[{"embeddable":true,"href":"https:\/\/sincomavi.org.br\/index.php?rest_route=\/wp\/v2\/users\/1"}],"replies":[{"embeddable":true,"href":"https:\/\/sincomavi.org.br\/index.php?rest_route=%2Fwp%2Fv2%2Fcomments&post=5046"}],"version-history":[{"count":2,"href":"https:\/\/sincomavi.org.br\/index.php?rest_route=\/wp\/v2\/posts\/5046\/revisions"}],"predecessor-version":[{"id":5051,"href":"https:\/\/sincomavi.org.br\/index.php?rest_route=\/wp\/v2\/posts\/5046\/revisions\/5051"}],"wp:featuredmedia":[{"embeddable":true,"href":"https:\/\/sincomavi.org.br\/index.php?rest_route=\/wp\/v2\/media\/5049"}],"wp:attachment":[{"href":"https:\/\/sincomavi.org.br\/index.php?rest_route=%2Fwp%2Fv2%2Fmedia&parent=5046"}],"wp:term":[{"taxonomy":"category","embeddable":true,"href":"https:\/\/sincomavi.org.br\/index.php?rest_route=%2Fwp%2Fv2%2Fcategories&post=5046"},{"taxonomy":"post_tag","embeddable":true,"href":"https:\/\/sincomavi.org.br\/index.php?rest_route=%2Fwp%2Fv2%2Ftags&post=5046"}],"curies":[{"name":"wp","href":"https:\/\/api.w.org\/{rel}","templated":true}]}}