{"id":5025,"date":"2020-09-22T14:07:23","date_gmt":"2020-09-22T17:07:23","guid":{"rendered":"https:\/\/sincomavi.org.br\/?p=5025"},"modified":"2020-09-22T14:07:58","modified_gmt":"2020-09-22T17:07:58","slug":"bolsa-de-qualificacao-profissional-manual-para-transmissao-de-arquivos","status":"publish","type":"post","link":"https:\/\/sincomavi.org.br\/?p=5025","title":{"rendered":"Bolsa de qualifica\u00e7\u00e3o profissional: manual para transmiss\u00e3o de arquivos"},"content":{"rendered":"<style>.wp-block-kadence-spacer.kt-block-spacer-_972566-9f .kt-block-spacer{height:60px;}.wp-block-kadence-spacer.kt-block-spacer-_972566-9f .kt-divider{border-top-width:1px;height:1px;border-top-color:#eee;width:80%;border-top-style:solid;}<\/style>\n<div class=\"wp-block-kadence-spacer aligncenter kt-block-spacer-_972566-9f\"><div class=\"kt-block-spacer kt-block-spacer-halign-center\" style=\"height:60px\"><hr class=\"kt-divider\" style=\"border-top-color:rgba(238, 238, 238, 1);border-top-width:1px;width:80%;border-top-style:solid\"\/><\/div><\/div>\n\n\n\n<p>22\/09\/2020 | A Secretaria Especial de Previd\u00eancia e Trabalho disponibilizou manual autoexplicativo para as empresas transmitirem, por meio digital (via Empregador Web), os requerimentos necess\u00e1rios para acesso \u00e0\u00a0Bolsa de Qualifica\u00e7\u00e3o Profissional\u00a0de que \u00e9 tratado a Resolu\u00e7\u00e3o n\u00ba 591, de 11\/02\/09 \u2013 do Conselho Deliberativo do Fundo de Amparo ao Trabalhador (CODEFAT).\u00a0<\/p>\n\n\n\n<p>Ao acessar o manual, o empregador poder\u00e1 realizar o passo a passo para a transmiss\u00e3o do requerimento, por seus empregados. Mais detalhes est\u00e3o dispon\u00edveis no <a href=\"https:\/\/www.gov.br\/pt-br\/servicos\/solicitar-bolsa-de-qualificacao-profissional\" target=\"_blank\" rel=\"noreferrer noopener\"><strong>Manual de Apoio (vers\u00e3o 1.1)<\/strong>.<\/a><\/p>\n\n\n\n<p>As demais obriga\u00e7\u00f5es permanecem, sobretudo o registro do acordo coletivo de trabalho no sistema mediador, bem como a abertura de processo no sistema SEI, dirigido \u00e0 Superintend\u00eancia Regional do Trabalho.<\/p>\n\n\n\n<p>A possibilidade de uso da\u00a0<a href=\"http:\/\/portalfat.mte.gov.br\/programas-e-acoes-2\/seguro-desemprego-2\/modalidades\/bolsa-qualificacao\/\" target=\"_blank\" rel=\"noreferrer noopener\"><strong>Bolsa de Qualifica\u00e7\u00e3o Profissional<\/strong><\/a>\u00a0para empregados com contrato de trabalho suspenso \u00e9 medida alternativa \u00e0 demiss\u00e3o, especialmente em \u00a0momentos de retra\u00e7\u00e3o da atividade econ\u00f4mica, como na pandemia do COVID-19, portanto seu objetivo \u00e9 minimizar os efeitos da crise, garantindo a sustentabilidade das empresas e evitando demiss\u00f5es de trabalhadores.<br><br>A\u00a0<a href=\"http:\/\/portalfat.mte.gov.br\/programas-e-acoes-2\/seguro-desemprego-2\/modalidades\/bolsa-qualificacao\/\" target=\"_blank\" rel=\"noreferrer noopener\"><strong>Bolsa de Qualifica\u00e7\u00e3o Profissional<\/strong><\/a>\u00a0\u00e9 uma das modalidades de benef\u00edcio do programa seguro-desemprego, concedida ao empregado, quando o contrato de trabalho \u00e9 suspenso, por per\u00edodo de dois a cinco meses, para participa\u00e7\u00e3o em curso ou programa de qualifica\u00e7\u00e3o profissional oferecido pelo empregador. Contudo, a op\u00e7\u00e3o precisa estar prevista em acordo ou conven\u00e7\u00e3o coletiva de trabalho que, imprescindivelmente, dever\u00e1 estar registrado no sistema Mediador da\u00a0SEPRT.<\/p>\n\n\n\n<p><strong>Fonte: Assessoria T\u00e9cnica da FecomercioSP<\/strong><\/p>\n\n\n<style>.wp-block-kadence-spacer.kt-block-spacer-_693b1f-f0 .kt-block-spacer{height:60px;}.wp-block-kadence-spacer.kt-block-spacer-_693b1f-f0 .kt-divider{border-top-width:1px;height:1px;border-top-color:#eee;width:80%;border-top-style:solid;}<\/style>\n<div class=\"wp-block-kadence-spacer aligncenter kt-block-spacer-_693b1f-f0\"><div class=\"kt-block-spacer kt-block-spacer-halign-center\" style=\"height:60px\"><hr class=\"kt-divider\" style=\"border-top-color:rgba(238, 238, 238, 1);border-top-width:1px;width:80%;border-top-style:solid\"\/><\/div><\/div>\n","protected":false},"excerpt":{"rendered":"<p>22\/09\/2020 | A Secretaria Especial de Previd\u00eancia e Trabalho disponibilizou manual autoexplicativo para as empresas transmitirem, por meio digital (via Empregador Web), os requerimentos necess\u00e1rios para acesso \u00e0\u00a0Bolsa de Qualifica\u00e7\u00e3o Profissional\u00a0de que \u00e9 tratado a Resolu\u00e7\u00e3o n\u00ba 591, de 11\/02\/09 \u2013 do Conselho Deliberativo do Fundo de Amparo ao Trabalhador (CODEFAT).\u00a0 Ao acessar o manual, [&hellip;]<\/p>\n","protected":false},"author":1,"featured_media":5026,"comment_status":"closed","ping_status":"open","sticky":false,"template":"","format":"standard","meta":{"tdm_status":"","tdm_grid_status":"","footnotes":""},"categories":[157],"tags":[557,349,397,189,363,558,559],"class_list":["post-5025","post","type-post","status-publish","format-standard","has-post-thumbnail","hentry","category-alerta","tag-bolsa-de-qualificacao-profissional","tag-coronavirus","tag-covid-19","tag-manual","tag-relacoes-trabalhistas","tag-resolucao-591-09","tag-trabalhismo"],"amp_enabled":true,"_links":{"self":[{"href":"https:\/\/sincomavi.org.br\/index.php?rest_route=\/wp\/v2\/posts\/5025","targetHints":{"allow":["GET"]}}],"collection":[{"href":"https:\/\/sincomavi.org.br\/index.php?rest_route=\/wp\/v2\/posts"}],"about":[{"href":"https:\/\/sincomavi.org.br\/index.php?rest_route=\/wp\/v2\/types\/post"}],"author":[{"embeddable":true,"href":"https:\/\/sincomavi.org.br\/index.php?rest_route=\/wp\/v2\/users\/1"}],"replies":[{"embeddable":true,"href":"https:\/\/sincomavi.org.br\/index.php?rest_route=%2Fwp%2Fv2%2Fcomments&post=5025"}],"version-history":[{"count":2,"href":"https:\/\/sincomavi.org.br\/index.php?rest_route=\/wp\/v2\/posts\/5025\/revisions"}],"predecessor-version":[{"id":5028,"href":"https:\/\/sincomavi.org.br\/index.php?rest_route=\/wp\/v2\/posts\/5025\/revisions\/5028"}],"wp:featuredmedia":[{"embeddable":true,"href":"https:\/\/sincomavi.org.br\/index.php?rest_route=\/wp\/v2\/media\/5026"}],"wp:attachment":[{"href":"https:\/\/sincomavi.org.br\/index.php?rest_route=%2Fwp%2Fv2%2Fmedia&parent=5025"}],"wp:term":[{"taxonomy":"category","embeddable":true,"href":"https:\/\/sincomavi.org.br\/index.php?rest_route=%2Fwp%2Fv2%2Fcategories&post=5025"},{"taxonomy":"post_tag","embeddable":true,"href":"https:\/\/sincomavi.org.br\/index.php?rest_route=%2Fwp%2Fv2%2Ftags&post=5025"}],"curies":[{"name":"wp","href":"https:\/\/api.w.org\/{rel}","templated":true}]}}