{"id":5020,"date":"2020-09-23T08:19:00","date_gmt":"2020-09-23T11:19:00","guid":{"rendered":"https:\/\/sincomavi.org.br\/?p=5020"},"modified":"2022-09-12T15:05:57","modified_gmt":"2022-09-12T18:05:57","slug":"como-estimular-o-pensamento-estrategico-em-11-dicas","status":"publish","type":"post","link":"https:\/\/sincomavi.org.br\/?p=5020","title":{"rendered":"Como estimular o pensamento estrat\u00e9gico em 11 dicas"},"content":{"rendered":"<style>.wp-block-kadence-spacer.kt-block-spacer-_0a6e5a-63 .kt-block-spacer{height:60px;}.wp-block-kadence-spacer.kt-block-spacer-_0a6e5a-63 .kt-divider{border-top-width:1px;height:1px;border-top-color:#eee;width:80%;border-top-style:solid;}<\/style>\n<div class=\"wp-block-kadence-spacer aligncenter kt-block-spacer-_0a6e5a-63\"><div class=\"kt-block-spacer kt-block-spacer-halign-center\"><hr class=\"kt-divider\"\/><\/div><\/div>\n\n\n\n<p>23\/09\/2020 | Por Benito Pedro Vieira Santos.<\/p>\n\n\n\n<p>O pensamento estrat\u00e9gico \u00e9 um conceito que conquistou seu espa\u00e7o no campo do marketing, e, principalmente, no mundo dos neg\u00f3cios. No entanto, observe que na verdade, esta abordagem \u00e9 \u00fatil em praticamente qualquer \u00e1rea da vida. Isso porque ao partimos da defini\u00e7\u00e3o de que se se tem no &#8220;agora&#8221;, considerando o que ser\u00e1 necess\u00e1rio realizar no futuro.<\/p>\n\n\n\n<p>Em outras palavras, \u00e9 a capacidade de antecipar o efeito de suas a\u00e7\u00f5es, uma vis\u00e3o a longo prazo, criativa e orientada, para a executar objetivos espec\u00edficos e obter resultados j\u00e1 esperados.<\/p>\n\n\n\n<p>Como o pr\u00f3prio nome diz, esse tipo de pensamento envolve uma estrat\u00e9gia, um plano de a\u00e7\u00e3o coordenado que \u00e9 desenvolvido focado em atingir uma meta. No come\u00e7o, para se ter uma ideia da origem do termo, esse tipo de pensamento era aplicado em guerras. Trazendo para o mundo dos neg\u00f3cios, j\u00e1 vou logo dizendo que n\u00e3o \u00e9 algo te\u00f3rico, mas sim aprendido e fortalecido pela pr\u00e1tica.<\/p>\n\n\n\n<p>Esse tipo de pensamento pode ser observado na forma de agir do gestor: se mais aberto, de longos horizontes e detentor de uma vis\u00e3o prudente, tende a ser um grande pensador estrat\u00e9gico; se fechado, inconstante e de racioc\u00ednio focado somente no curto prazo, menor \u00e9 a tend\u00eancia a essa forma de organiza\u00e7\u00e3o mental. O estrategista procura nivelar os desafios atuais a uma perspectiva de futuro, a partir de uma vis\u00e3o apurada da empresa.<\/p>\n\n\n\n<p>O pensamento estrat\u00e9gico nas organiza\u00e7\u00f5es \u00e9 uma soft skill fundamental para conseguir resolver desafios de forma eficiente. Mas nem sempre fica claro como chegar a essa tal mentalidade estrat\u00e9gica, pois raras as vezes esse feedback vem com algum guia concreto sobre o que fazer com isso.<\/p>\n\n\n\n<p>Ent\u00e3o, quais s\u00e3o as atitudes espec\u00edficas que um profissional pode ter para desenvolver o pensamento estrat\u00e9gico? O primeiro passo \u00e9 mudar a mentalidade. Se o profissional acredita que o pensamento estrat\u00e9gico nas organiza\u00e7\u00f5es \u00e9 apenas para grandes executivos, se engana. A mentalidade estrat\u00e9gica pode e deve acontecer em todos os n\u00edveis da organiza\u00e7\u00e3o, sendo que \u00e9 um dos requisitos principais de todos os trabalhos, mas n\u00e3o est\u00e1 escrito necessariamente.<\/p>\n\n\n\n<p>Neste sentido, veja algumas dicas para estimular o desenvolvimento do pensamento estrat\u00e9gico:<\/p>\n\n\n\n<p>\u2022 Aprenda a identificar tend\u00eancias;<\/p>\n\n\n\n<p>\u2022 Importe-se com a gest\u00e3o financeira (mesmo que n\u00e3o seja o respons\u00e1vel direto);<\/p>\n\n\n\n<p>\u2022 Seja flex\u00edvel e avalie todas as possibilidades antes de agir;<\/p>\n\n\n\n<p>\u2022 Entenda que estrat\u00e9gia e execu\u00e7\u00e3o n\u00e3o s\u00e3o a mesma coisa;<\/p>\n\n\n\n<p>\u2022 Busque respostas para todas as perguntas, incluindo as complexas;<\/p>\n\n\n\n<p>\u2022 Foque na solu\u00e7\u00e3o e n\u00e3os nos problemas do neg\u00f3cio;<\/p>\n\n\n\n<p>\u2022 &#8220;Desligue&#8221; o autom\u00e1tico e pense antes de agir;<\/p>\n\n\n\n<p>\u2022 Busque compreender os conflitos e n\u00e3o se esquivar deles;<\/p>\n\n\n\n<p>\u2022 Identifique os pontos fracos da equipe (ou seu) e busque alternativas para melhor\u00e1-los;<\/p>\n\n\n\n<p>\u2022 Desenvolva cada vez mais a empatia. Aprender a se colocar no lugar do outro \u00e9 o primeiro passo para se aproximar verdadeiramente das pessoas e ajud\u00e1-las a desenvolver o seu potencial m\u00e1ximo;<\/p>\n\n\n\n<p>\u2022 Tente, sempre que poss\u00edvel, esbo\u00e7ar cen\u00e1rios a m\u00e9dio e longo prazo, nunca pense apenas no agora. Entender que uma decis\u00e3o que ir\u00e1 tomar hoje trar\u00e1 consequ\u00eancias inevit\u00e1veis para o futuro \u00e9 fundamental.<\/p>\n\n\n\n<p><strong>Benito Pedro Vieira Santos <\/strong>&#8211; especialista em Reestrutura\u00e7\u00e3o de Empresas e s\u00f3cio da <a href=\"http:\/\/www.avanteadm.com.br\/\" target=\"_blank\" rel=\"noreferrer noopener\"><strong>Avante Assessoria Empresarial<\/strong><\/a>.<\/p>\n\n\n<style>.wp-block-kadence-spacer.kt-block-spacer-_c198aa-ba .kt-block-spacer{height:60px;}.wp-block-kadence-spacer.kt-block-spacer-_c198aa-ba .kt-divider{border-top-width:1px;height:1px;border-top-color:#eee;width:80%;border-top-style:solid;}<\/style>\n<div class=\"wp-block-kadence-spacer aligncenter kt-block-spacer-_c198aa-ba\"><div class=\"kt-block-spacer kt-block-spacer-halign-center\"><hr class=\"kt-divider\"\/><\/div><\/div>\n","protected":false},"excerpt":{"rendered":"<p>23\/09\/2020 | Por Benito Pedro Vieira Santos. O pensamento estrat\u00e9gico \u00e9 um conceito que conquistou seu espa\u00e7o no campo do marketing, e, principalmente, no mundo dos neg\u00f3cios. No entanto, observe que na verdade, esta abordagem \u00e9 \u00fatil em praticamente qualquer \u00e1rea da vida. Isso porque ao partimos da defini\u00e7\u00e3o de que se se tem no [&hellip;]<\/p>\n","protected":false},"author":1,"featured_media":5021,"comment_status":"closed","ping_status":"open","sticky":false,"template":"","format":"standard","meta":{"tdm_status":"","tdm_grid_status":"","footnotes":""},"categories":[210],"tags":[555,556,32],"class_list":["post-5020","post","type-post","status-publish","format-standard","has-post-thumbnail","hentry","category-artigos","tag-administracao","tag-estrategia","tag-gestao"],"amp_enabled":true,"_links":{"self":[{"href":"https:\/\/sincomavi.org.br\/index.php?rest_route=\/wp\/v2\/posts\/5020","targetHints":{"allow":["GET"]}}],"collection":[{"href":"https:\/\/sincomavi.org.br\/index.php?rest_route=\/wp\/v2\/posts"}],"about":[{"href":"https:\/\/sincomavi.org.br\/index.php?rest_route=\/wp\/v2\/types\/post"}],"author":[{"embeddable":true,"href":"https:\/\/sincomavi.org.br\/index.php?rest_route=\/wp\/v2\/users\/1"}],"replies":[{"embeddable":true,"href":"https:\/\/sincomavi.org.br\/index.php?rest_route=%2Fwp%2Fv2%2Fcomments&post=5020"}],"version-history":[{"count":6,"href":"https:\/\/sincomavi.org.br\/index.php?rest_route=\/wp\/v2\/posts\/5020\/revisions"}],"predecessor-version":[{"id":8659,"href":"https:\/\/sincomavi.org.br\/index.php?rest_route=\/wp\/v2\/posts\/5020\/revisions\/8659"}],"wp:featuredmedia":[{"embeddable":true,"href":"https:\/\/sincomavi.org.br\/index.php?rest_route=\/wp\/v2\/media\/5021"}],"wp:attachment":[{"href":"https:\/\/sincomavi.org.br\/index.php?rest_route=%2Fwp%2Fv2%2Fmedia&parent=5020"}],"wp:term":[{"taxonomy":"category","embeddable":true,"href":"https:\/\/sincomavi.org.br\/index.php?rest_route=%2Fwp%2Fv2%2Fcategories&post=5020"},{"taxonomy":"post_tag","embeddable":true,"href":"https:\/\/sincomavi.org.br\/index.php?rest_route=%2Fwp%2Fv2%2Ftags&post=5020"}],"curies":[{"name":"wp","href":"https:\/\/api.w.org\/{rel}","templated":true}]}}