{"id":5001,"date":"2020-09-21T09:36:59","date_gmt":"2020-09-21T12:36:59","guid":{"rendered":"https:\/\/sincomavi.org.br\/?p=5001"},"modified":"2020-09-21T09:37:02","modified_gmt":"2020-09-21T12:37:02","slug":"carta-de-conjuntura-setembro-de-2020","status":"publish","type":"post","link":"https:\/\/sincomavi.org.br\/?p=5001","title":{"rendered":"Carta de conjuntura &#8211; setembro de 2020"},"content":{"rendered":"<style>.wp-block-kadence-spacer.kt-block-spacer-_267ccc-e6 .kt-block-spacer{height:60px;}.wp-block-kadence-spacer.kt-block-spacer-_267ccc-e6 .kt-divider{border-top-width:1px;height:1px;border-top-color:#eee;width:80%;border-top-style:solid;}<\/style>\n<div class=\"wp-block-kadence-spacer aligncenter kt-block-spacer-_267ccc-e6\"><div class=\"kt-block-spacer kt-block-spacer-halign-center\" style=\"height:60px\"><hr class=\"kt-divider\" style=\"border-top-color:rgba(238, 238, 238, 1);border-top-width:1px;width:80%;border-top-style:solid\"\/><\/div><\/div>\n\n\n\n<p>21\/09\/2020 | Por Jaime Vasconcellos, economista.<\/p>\n\n\n\n<p>Estamos finalizando o terceiro trimestre do ano. Para nossa economia, em breve ser\u00e1 poss\u00edvel perceber por meio das estat\u00edsticas oficiais qual foi o tamanho da recupera\u00e7\u00e3o inicial do fluxo econ\u00f4mico t\u00e3o afetado pelos impactos negativos e severos da Covid-19 no segundo trimestre de 2020. Depois de uma queda de 9,7% no per\u00edodo abril a junho, espera-se que a economia avance cerca de 7% na primeira parte do segundo semestre.<\/p>\n\n\n\n<p>Assim como a crise afetou de forma diferente os setores econ\u00f4micos, o processo de retomada tamb\u00e9m \u00e9 heterog\u00eaneo. Vamos observar a an\u00e1lise setorial brasileira:<\/p>\n\n\n\n<ol class=\"wp-block-list\" type=\"1\"><li>Com\u00e9rcio: um dos segmentos mais impactados pelo efeitos do novo coronav\u00edrus, e do necess\u00e1rio isolamento social, o setor se dividiu em bons desempenhos de suas atividades essenciais, supermercados e farm\u00e1cias, bons n\u00fameros em lojas de materiais de constru\u00e7\u00e3o e lojas de m\u00f3veis, mas derrocada severa de faturamento de atividades n\u00e3o essenciais como vestu\u00e1rio, cal\u00e7ados e de bens dur\u00e1veis. A retomada tem o mesmo espectro de desafios aos grupos acima citados. A retirada do aux\u00edlio emergencial liga sinal amarelo ao desempenho do setor.<\/li><li>Servi\u00e7os: a atividade com maior dificuldade para recupera\u00e7\u00e3o. Segmentos relacionados a turismo, restaurantes, atividades imobili\u00e1rias, educa\u00e7\u00e3o e eventos possuem graves retra\u00e7\u00f5es e incerta retomada. Os destaques s\u00e3o as \u00e1reas de tecnologia da informa\u00e7\u00e3o, consultoria e apoio empresarial, marketing e sa\u00fade humana e veterin\u00e1ria.<\/li><li>Ind\u00fastria: ainda que tenha crescido 8% em julho, a produ\u00e7\u00e3o industrial permanece 6% abaixo do patamar de fevereiro. O ritmo fraco da demanda agregada interna e a elevada capacidade ociosa trazida j\u00e1 de anos anteriores desafiam a retomada do ritmo de crescimento do setor. A alta taxa de c\u00e2mbio tamb\u00e9m dificulta a vida dos importadores.<\/li><li>Constru\u00e7\u00e3o Civil: o juro baixo, evolu\u00e7\u00e3o no lan\u00e7amento e venda de im\u00f3veis, consumo \u201cformiga\u201d e a busca por im\u00f3veis como reserva de valor (investimento) aquecem o segmento, que possui importante poder estrat\u00e9gico de empregabilidade e \u00e9 forte multiplicador econ\u00f4mico.<\/li><li>Agricultura: foi o \u00fanico setor econ\u00f4mico com evolu\u00e7\u00e3o do seu PIB no segundo trimestre. O c\u00e2mbio favor\u00e1vel \u00e0s exporta\u00e7\u00f5es e a forte demanda chinesa por insumos do agroneg\u00f3cio garantiram desempenho favor\u00e1vel. Internamente o aux\u00edlio emergencial sendo destinado a compra de mercadorias b\u00e1sicas auxiliaram tal processo. A tend\u00eancia \u00e9 o cen\u00e1rio ter continuidade.<\/li><\/ol>\n\n\n\n<p>Seguem abaixo nossas proje\u00e7\u00f5es atualizadas para 2020, bem como sua volatilidade em rela\u00e7\u00e3o \u00e0 expectativa do m\u00eas anterior:<strong>&nbsp;&nbsp;&nbsp;&nbsp;&nbsp;&nbsp;&nbsp;&nbsp;&nbsp;&nbsp;&nbsp;&nbsp;&nbsp;&nbsp;&nbsp;&nbsp;&nbsp;&nbsp;&nbsp;&nbsp;&nbsp;&nbsp;&nbsp;&nbsp;&nbsp;&nbsp;&nbsp;&nbsp;&nbsp;&nbsp;&nbsp;&nbsp;&nbsp;&nbsp;&nbsp;&nbsp;&nbsp;&nbsp;&nbsp;&nbsp;&nbsp;&nbsp;&nbsp;&nbsp;&nbsp;&nbsp;&nbsp;&nbsp;&nbsp;&nbsp;&nbsp;&nbsp;&nbsp;&nbsp;&nbsp;&nbsp;&nbsp;&nbsp;&nbsp;&nbsp;&nbsp;&nbsp;&nbsp;&nbsp;&nbsp;&nbsp;&nbsp;&nbsp;&nbsp;&nbsp;&nbsp;&nbsp;&nbsp;&nbsp;&nbsp;&nbsp;<\/strong><\/p>\n\n\n\n<ul class=\"wp-block-list\"><li><strong>PIB<\/strong>: -5,5% (\u2194)&nbsp;&nbsp;&nbsp;&nbsp;&nbsp;&nbsp;&nbsp;&nbsp;&nbsp;&nbsp;&nbsp;&nbsp;&nbsp;&nbsp;&nbsp;&nbsp;&nbsp;&nbsp;&nbsp;&nbsp;&nbsp;&nbsp;&nbsp;&nbsp;&nbsp;&nbsp;&nbsp;&nbsp;<\/li><li><strong>IPCA\/IBGE<\/strong>: +2% (\u2191)&nbsp;&nbsp;&nbsp;&nbsp;&nbsp;&nbsp;&nbsp;&nbsp;&nbsp;&nbsp;&nbsp;&nbsp;&nbsp;&nbsp;&nbsp;&nbsp;&nbsp;&nbsp;&nbsp;&nbsp;&nbsp;&nbsp;&nbsp;&nbsp;&nbsp;&nbsp;&nbsp;&nbsp;&nbsp;&nbsp;&nbsp;&nbsp;&nbsp;&nbsp;&nbsp;&nbsp;&nbsp;<\/li><li><strong>SELIC<\/strong>: 2,00% (\u2194)&nbsp;&nbsp;&nbsp;&nbsp;&nbsp;&nbsp;&nbsp;&nbsp;&nbsp;&nbsp;&nbsp;&nbsp;&nbsp;&nbsp;&nbsp;&nbsp;&nbsp;&nbsp;&nbsp;&nbsp;&nbsp;&nbsp;&nbsp;<\/li><li><strong>Taxa de C\u00e2mbio:<\/strong> 5,30 (\u2191)&nbsp;&nbsp;&nbsp;&nbsp;&nbsp;&nbsp;&nbsp;&nbsp;&nbsp;&nbsp;&nbsp;&nbsp;&nbsp;&nbsp;&nbsp;&nbsp;&nbsp;&nbsp;<\/li><li><strong>Balan\u00e7a comercial<\/strong>: + US$ 50 bi (\u2194)<\/li><li><strong>Vendas do varejo<\/strong>: -6,0% (\u2194)&nbsp;<\/li><li><strong>Volume dos servi\u00e7os<\/strong>: -5,0% (\u2194)<\/li><\/ul>\n\n\n<style>.wp-block-kadence-spacer.kt-block-spacer-_cfec39-62 .kt-block-spacer{height:60px;}.wp-block-kadence-spacer.kt-block-spacer-_cfec39-62 .kt-divider{border-top-width:1px;height:1px;border-top-color:#eee;width:80%;border-top-style:solid;}<\/style>\n<div class=\"wp-block-kadence-spacer aligncenter kt-block-spacer-_cfec39-62\"><div class=\"kt-block-spacer kt-block-spacer-halign-center\" style=\"height:60px\"><hr class=\"kt-divider\" style=\"border-top-color:rgba(238, 238, 238, 1);border-top-width:1px;width:80%;border-top-style:solid\"\/><\/div><\/div>\n","protected":false},"excerpt":{"rendered":"<p>21\/09\/2020 | Por Jaime Vasconcellos, economista. Estamos finalizando o terceiro trimestre do ano. Para nossa economia, em breve ser\u00e1 poss\u00edvel perceber por meio das estat\u00edsticas oficiais qual foi o tamanho da recupera\u00e7\u00e3o inicial do fluxo econ\u00f4mico t\u00e3o afetado pelos impactos negativos e severos da Covid-19 no segundo trimestre de 2020. Depois de uma queda de [&hellip;]<\/p>\n","protected":false},"author":1,"featured_media":5002,"comment_status":"closed","ping_status":"open","sticky":false,"template":"","format":"standard","meta":{"tdm_status":"","tdm_grid_status":"","footnotes":""},"categories":[210],"tags":[275,272,199,156,273,202,203,274,200,75,276],"class_list":["post-5001","post","type-post","status-publish","format-standard","has-post-thumbnail","hentry","category-artigos","tag-balanca-comercial","tag-carta-de-conjuntura","tag-comercio","tag-economia","tag-ipca","tag-pib","tag-selic","tag-taxa-de-cambio","tag-varejo","tag-vendas","tag-volume-de-servicos"],"amp_enabled":true,"_links":{"self":[{"href":"https:\/\/sincomavi.org.br\/index.php?rest_route=\/wp\/v2\/posts\/5001","targetHints":{"allow":["GET"]}}],"collection":[{"href":"https:\/\/sincomavi.org.br\/index.php?rest_route=\/wp\/v2\/posts"}],"about":[{"href":"https:\/\/sincomavi.org.br\/index.php?rest_route=\/wp\/v2\/types\/post"}],"author":[{"embeddable":true,"href":"https:\/\/sincomavi.org.br\/index.php?rest_route=\/wp\/v2\/users\/1"}],"replies":[{"embeddable":true,"href":"https:\/\/sincomavi.org.br\/index.php?rest_route=%2Fwp%2Fv2%2Fcomments&post=5001"}],"version-history":[{"count":1,"href":"https:\/\/sincomavi.org.br\/index.php?rest_route=\/wp\/v2\/posts\/5001\/revisions"}],"predecessor-version":[{"id":5003,"href":"https:\/\/sincomavi.org.br\/index.php?rest_route=\/wp\/v2\/posts\/5001\/revisions\/5003"}],"wp:featuredmedia":[{"embeddable":true,"href":"https:\/\/sincomavi.org.br\/index.php?rest_route=\/wp\/v2\/media\/5002"}],"wp:attachment":[{"href":"https:\/\/sincomavi.org.br\/index.php?rest_route=%2Fwp%2Fv2%2Fmedia&parent=5001"}],"wp:term":[{"taxonomy":"category","embeddable":true,"href":"https:\/\/sincomavi.org.br\/index.php?rest_route=%2Fwp%2Fv2%2Fcategories&post=5001"},{"taxonomy":"post_tag","embeddable":true,"href":"https:\/\/sincomavi.org.br\/index.php?rest_route=%2Fwp%2Fv2%2Ftags&post=5001"}],"curies":[{"name":"wp","href":"https:\/\/api.w.org\/{rel}","templated":true}]}}