{"id":4967,"date":"2020-09-21T08:42:00","date_gmt":"2020-09-21T11:42:00","guid":{"rendered":"https:\/\/sincomavi.org.br\/?p=4967"},"modified":"2020-10-09T15:38:02","modified_gmt":"2020-10-09T18:38:02","slug":"atencao-o-feriado-de-12-de-outubro-nao-foi-antecipado","status":"publish","type":"post","link":"https:\/\/sincomavi.org.br\/?p=4967","title":{"rendered":"Aten\u00e7\u00e3o: o feriado de 12 de outubro n\u00e3o foi antecipado"},"content":{"rendered":"<style>.wp-block-kadence-spacer.kt-block-spacer-_86fa20-08 .kt-block-spacer{height:60px;}.wp-block-kadence-spacer.kt-block-spacer-_86fa20-08 .kt-divider{border-top-width:1px;height:1px;border-top-color:#eee;width:80%;border-top-style:solid;}<\/style>\n<div class=\"wp-block-kadence-spacer aligncenter kt-block-spacer-_86fa20-08\"><div class=\"kt-block-spacer kt-block-spacer-halign-center\" style=\"height:60px\"><hr class=\"kt-divider\" style=\"border-top-color:rgba(238, 238, 238, 1);border-top-width:1px;width:80%;border-top-style:solid\"\/><\/div><\/div>\n\n\n\n<p>Em raz\u00e3o das in\u00fameras mudan\u00e7as promovidas pela administra\u00e7\u00e3o p\u00fablica no calend\u00e1rio de feriados e as consequentes d\u00favidas dos empres\u00e1rios em rela\u00e7\u00e3o ao tema, o Departamento Jur\u00eddico do Sincomavi informa que o feriado de 12 de outubro de 2020, segunda-feira, dia consagrado a Nossa Senhora de Aparecida, \u00e9 de compet\u00eancia federal e n\u00e3o sofreu nenhum tipo de altera\u00e7\u00e3o.<\/p>\n\n\n\n<p>No \u00e2mbito da prefeitura municipal de S\u00e3o Paulo e do governo do Estado de S\u00e3o Paulo as antecipa\u00e7\u00f5es se restringiram aos feriados de Corpus Christi (11 de julho de 2020), Consci\u00eancia Negra (20 de novembro de 2020) e Revolu\u00e7\u00e3o Constitucionalista (09 de julho de 2020). O Departamento Jur\u00eddico do Sincomavi aconselha a consulta \u00e0 legisla\u00e7\u00e3o local para outros munic\u00edpios.<\/p>\n\n\n\n<p>Vale a pena mais uma vez ressaltar que existe a exig\u00eancia de autoriza\u00e7\u00e3o municipal para funcionamento aos domingos e feriados, conforme legisla\u00e7\u00e3o em vigor. Dessa forma, as empresas, que decidirem abrir no pr\u00f3ximo feriado de 12 de outubro de 2020 e n\u00e3o possu\u00edrem a referida autoriza\u00e7\u00e3o, devem preencher requerimento dispon\u00edvel no link abaixo para obten\u00e7\u00e3o do competente certificado.<\/p>\n\n\n<style>.wp-block-kadence-advancedbtn.kb-btns_6002f1-1b{gap:var(--global-kb-gap-xs, 0.5rem );justify-content:center;align-items:center;}.kt-btns_6002f1-1b .kt-button{font-weight:normal;font-style:normal;}.kt-btns_6002f1-1b .kt-btn-wrap-0{margin-right:5px;}.wp-block-kadence-advancedbtn.kt-btns_6002f1-1b .kt-btn-wrap-0 .kt-button{color:#555555;border-color:#555555;}.wp-block-kadence-advancedbtn.kt-btns_6002f1-1b .kt-btn-wrap-0 .kt-button:hover, .wp-block-kadence-advancedbtn.kt-btns_6002f1-1b .kt-btn-wrap-0 .kt-button:focus{color:#ffffff;border-color:#444444;}.wp-block-kadence-advancedbtn.kt-btns_6002f1-1b .kt-btn-wrap-0 .kt-button::before{display:none;}.wp-block-kadence-advancedbtn.kt-btns_6002f1-1b .kt-btn-wrap-0 .kt-button:hover, .wp-block-kadence-advancedbtn.kt-btns_6002f1-1b .kt-btn-wrap-0 .kt-button:focus{background:#444444;}<\/style>\n<div class=\"wp-block-kadence-advancedbtn kt-btn-align-center kt-btn-tablet-align-inherit kt-btn-mobile-align-inherit kt-btns-wrap kt-btns_6002f1-1b\"><div class=\"kt-btn-wrap kt-btn-wrap-0\"><a class=\"kt-button button kt-btn-0-action kt-btn-size-standard kt-btn-style-basic kt-btn-svg-show-always kt-btn-has-text-true kt-btn-has-svg-false\" href=\"https:\/\/sincomavi.org.br\/requerimentos-e-declaracoes\/\" target=\"_blank\" rel=\"noreferrer noopener\"><span class=\"kt-btn-inner-text\">DOWNLOAD<\/span><\/a><\/div><\/div>\n\n\n<style>.wp-block-kadence-spacer.kt-block-spacer-_872379-e7 .kt-block-spacer{height:60px;}.wp-block-kadence-spacer.kt-block-spacer-_872379-e7 .kt-divider{border-top-width:1px;height:1px;border-top-color:#eee;width:80%;border-top-style:solid;}<\/style>\n<div class=\"wp-block-kadence-spacer aligncenter kt-block-spacer-_872379-e7\"><div class=\"kt-block-spacer kt-block-spacer-halign-center\" style=\"height:60px\"><hr class=\"kt-divider\" style=\"border-top-color:rgba(238, 238, 238, 1);border-top-width:1px;width:80%;border-top-style:solid\"\/><\/div><\/div>\n","protected":false},"excerpt":{"rendered":"<p>Em raz\u00e3o das in\u00fameras mudan\u00e7as promovidas pela administra\u00e7\u00e3o p\u00fablica no calend\u00e1rio de feriados e as consequentes d\u00favidas dos empres\u00e1rios em rela\u00e7\u00e3o ao tema, o Departamento Jur\u00eddico do Sincomavi informa que o feriado de 12 de outubro de 2020, segunda-feira, dia consagrado a Nossa Senhora de Aparecida, \u00e9 de compet\u00eancia federal e n\u00e3o sofreu nenhum tipo [&hellip;]<\/p>\n","protected":false},"author":1,"featured_media":4968,"comment_status":"closed","ping_status":"open","sticky":false,"template":"","format":"standard","meta":{"tdm_status":"","tdm_grid_status":"","footnotes":""},"categories":[153],"tags":[545,547,116,282,141,297,96,463,546,461,464,363,462],"class_list":["post-4967","post","type-post","status-publish","format-standard","has-post-thumbnail","hentry","category-noticias","tag-12-de-outubro","tag-antecipacao-feriados","tag-cct","tag-clt","tag-domingos-e-feriados","tag-feriado","tag-fiscalizacao","tag-multa","tag-nossa-senhora-aparecida","tag-obrigacoes-trabalhistas","tag-penalizacoes","tag-relacoes-trabalhistas","tag-requerimento"],"amp_enabled":true,"_links":{"self":[{"href":"https:\/\/sincomavi.org.br\/index.php?rest_route=\/wp\/v2\/posts\/4967","targetHints":{"allow":["GET"]}}],"collection":[{"href":"https:\/\/sincomavi.org.br\/index.php?rest_route=\/wp\/v2\/posts"}],"about":[{"href":"https:\/\/sincomavi.org.br\/index.php?rest_route=\/wp\/v2\/types\/post"}],"author":[{"embeddable":true,"href":"https:\/\/sincomavi.org.br\/index.php?rest_route=\/wp\/v2\/users\/1"}],"replies":[{"embeddable":true,"href":"https:\/\/sincomavi.org.br\/index.php?rest_route=%2Fwp%2Fv2%2Fcomments&post=4967"}],"version-history":[{"count":1,"href":"https:\/\/sincomavi.org.br\/index.php?rest_route=\/wp\/v2\/posts\/4967\/revisions"}],"predecessor-version":[{"id":4969,"href":"https:\/\/sincomavi.org.br\/index.php?rest_route=\/wp\/v2\/posts\/4967\/revisions\/4969"}],"wp:featuredmedia":[{"embeddable":true,"href":"https:\/\/sincomavi.org.br\/index.php?rest_route=\/wp\/v2\/media\/4968"}],"wp:attachment":[{"href":"https:\/\/sincomavi.org.br\/index.php?rest_route=%2Fwp%2Fv2%2Fmedia&parent=4967"}],"wp:term":[{"taxonomy":"category","embeddable":true,"href":"https:\/\/sincomavi.org.br\/index.php?rest_route=%2Fwp%2Fv2%2Fcategories&post=4967"},{"taxonomy":"post_tag","embeddable":true,"href":"https:\/\/sincomavi.org.br\/index.php?rest_route=%2Fwp%2Fv2%2Ftags&post=4967"}],"curies":[{"name":"wp","href":"https:\/\/api.w.org\/{rel}","templated":true}]}}