{"id":4949,"date":"2020-09-11T10:36:00","date_gmt":"2020-09-11T13:36:00","guid":{"rendered":"https:\/\/sincomavi.org.br\/?p=4949"},"modified":"2020-09-11T10:42:50","modified_gmt":"2020-09-11T13:42:50","slug":"prorrogada-a-convencao-coletiva-de-trabalho-2019-2020-da-capital","status":"publish","type":"post","link":"https:\/\/sincomavi.org.br\/?p=4949","title":{"rendered":"Prorrogada a Conven\u00e7\u00e3o Coletiva de Trabalho 2019\/2020 da capital"},"content":{"rendered":"<style>.wp-block-kadence-spacer.kt-block-spacer-_fa061c-a7 .kt-block-spacer{height:60px;}.wp-block-kadence-spacer.kt-block-spacer-_fa061c-a7 .kt-divider{border-top-width:1px;height:1px;border-top-color:#eee;width:80%;border-top-style:solid;}<\/style>\n<div class=\"wp-block-kadence-spacer aligncenter kt-block-spacer-_fa061c-a7\"><div class=\"kt-block-spacer kt-block-spacer-halign-center\" style=\"height:60px\"><hr class=\"kt-divider\" style=\"border-top-color:rgba(238, 238, 238, 1);border-top-width:1px;width:80%;border-top-style:solid\"\/><\/div><\/div>\n\n\n\n<p>10\/09\/2020 | O Sincomavi e o Sindicato dos Comerci\u00e1rios de S\u00e3o Paulo, visando a preserva\u00e7\u00e3o do emprego e da atividade empresarial, celebraram Termo de Aditamento \u00e0 Conven\u00e7\u00e3o Coletiva de Trabalho, firmada originalmente em 09 de mar\u00e7o de 2020, do qual \u00e9 poss\u00edvel destacar os seguintes pontos:<\/p>\n\n\n\n<ul class=\"wp-block-list\"><li>Prorrogada, at\u00e9 o t\u00e9rmino da situa\u00e7\u00e3o emergencial, a vig\u00eancia das condi\u00e7\u00f5es estabelecidas na Conven\u00e7\u00e3o Coletiva de Trabalho 2019\/2020, inclusive as constantes de termos aditivos.<\/li><li>Com exce\u00e7\u00e3o do reajuste salarial, ficam mantidas todas as condi\u00e7\u00f5es de natureza econ\u00f4mica, inclusive os valores dos pisos salariais.<\/li><li>As condi\u00e7\u00f5es da norma ora aditada dever\u00e3o ser revistas ao t\u00e9rmino da situa\u00e7\u00e3o emergencial.<\/li><li>Os procedimentos de emiss\u00e3o de certid\u00f5es previstas na CCT ser\u00e3o realizados por via eletr\u00f4nica.<\/li><li>A assist\u00eancia nas rescis\u00f5es dos contratos de trabalho das empresas aderentes ao RDS &#8211; Regime Diferencial de Sal\u00e1rios poder\u00e1 ser efetivada tanto presencialmente quanto pela via remota, conforme indica\u00e7\u00e3o da representa\u00e7\u00e3o laboral.<\/li><li>Determinados os prazos para solicita\u00e7\u00e3o, bem como de renova\u00e7\u00e3o da ades\u00e3o ao RDS, inclusive para as empresas que iniciarem suas atividades no curso da vig\u00eancia deste aditivo.<\/li><li>Ficam convalidados todos os atos contidos nos acordos individuais pactuados com base nos termos aditivos celebrados entre as entidades sindicais, assim como os decorrentes da Lei n\u00ba 14.020\/20, devidamente comunicados \u00e0s entidades laboral e patronal.<\/li><li>A vig\u00eancia do Termo de Aditamento n\u00e3o poder\u00e1 ultrapassar a data de 30\/09\/2021.<\/li><\/ul>\n\n\n\n<p>O inteiro teor do instrumento, para o qual o departamento jur\u00eddico indica o estudo completo, poder\u00e1 ser consultado no link abaixo.<\/p>\n\n\n<style>.wp-block-kadence-advancedbtn.kb-btns_669db8-4b{gap:var(--global-kb-gap-xs, 0.5rem );justify-content:center;align-items:center;}.kt-btns_669db8-4b .kt-button{font-weight:normal;font-style:normal;}.kt-btns_669db8-4b .kt-btn-wrap-0{margin-right:5px;}.wp-block-kadence-advancedbtn.kt-btns_669db8-4b .kt-btn-wrap-0 .kt-button{color:#555555;border-color:#555555;}.wp-block-kadence-advancedbtn.kt-btns_669db8-4b .kt-btn-wrap-0 .kt-button:hover, .wp-block-kadence-advancedbtn.kt-btns_669db8-4b .kt-btn-wrap-0 .kt-button:focus{color:#ffffff;border-color:#444444;}.wp-block-kadence-advancedbtn.kt-btns_669db8-4b .kt-btn-wrap-0 .kt-button::before{display:none;}.wp-block-kadence-advancedbtn.kt-btns_669db8-4b .kt-btn-wrap-0 .kt-button:hover, .wp-block-kadence-advancedbtn.kt-btns_669db8-4b .kt-btn-wrap-0 .kt-button:focus{background:#444444;}<\/style>\n<div class=\"wp-block-kadence-advancedbtn kt-btn-align-center kt-btn-tablet-align-inherit kt-btn-mobile-align-inherit kt-btns-wrap kt-btns_669db8-4b\"><div class=\"kt-btn-wrap kt-btn-wrap-0\"><a class=\"kt-button button kt-btn-0-action kt-btn-size-standard kt-btn-style-basic kt-btn-svg-show-always kt-btn-has-text-true kt-btn-has-svg-false\" href=\"https:\/\/sincomavi.org.br\/wp-content\/uploads\/2020\/09\/TAC-A-CCT-2019-2020-EM-09-09-2020.pdf\" target=\"_blank\" rel=\"noreferrer noopener\"><span class=\"kt-btn-inner-text\">DOWNLOAD<\/span><\/a><\/div><\/div>\n\n\n<style>.wp-block-kadence-spacer.kt-block-spacer-_349780-1d .kt-block-spacer{height:60px;}.wp-block-kadence-spacer.kt-block-spacer-_349780-1d .kt-divider{border-top-width:1px;height:1px;border-top-color:#eee;width:80%;border-top-style:solid;}<\/style>\n<div class=\"wp-block-kadence-spacer aligncenter kt-block-spacer-_349780-1d\"><div class=\"kt-block-spacer kt-block-spacer-halign-center\" style=\"height:60px\"><hr class=\"kt-divider\" style=\"border-top-color:rgba(238, 238, 238, 1);border-top-width:1px;width:80%;border-top-style:solid\"\/><\/div><\/div>\n","protected":false},"excerpt":{"rendered":"<p>10\/09\/2020 | O Sincomavi e o Sindicato dos Comerci\u00e1rios de S\u00e3o Paulo, visando a preserva\u00e7\u00e3o do emprego e da atividade empresarial, celebraram Termo de Aditamento \u00e0 Conven\u00e7\u00e3o Coletiva de Trabalho, firmada originalmente em 09 de mar\u00e7o de 2020, do qual \u00e9 poss\u00edvel destacar os seguintes pontos: Prorrogada, at\u00e9 o t\u00e9rmino da situa\u00e7\u00e3o emergencial, a vig\u00eancia [&hellip;]<\/p>\n","protected":false},"author":1,"featured_media":4951,"comment_status":"closed","ping_status":"open","sticky":false,"template":"","format":"standard","meta":{"tdm_status":"","tdm_grid_status":"","footnotes":""},"categories":[157],"tags":[538,539,192,395],"class_list":["post-4949","post","type-post","status-publish","format-standard","has-post-thumbnail","hentry","category-alerta","tag-capital","tag-comerciarios","tag-convencao-coletiva-de-trabalho","tag-termo-de-aditamento"],"amp_enabled":true,"_links":{"self":[{"href":"https:\/\/sincomavi.org.br\/index.php?rest_route=\/wp\/v2\/posts\/4949","targetHints":{"allow":["GET"]}}],"collection":[{"href":"https:\/\/sincomavi.org.br\/index.php?rest_route=\/wp\/v2\/posts"}],"about":[{"href":"https:\/\/sincomavi.org.br\/index.php?rest_route=\/wp\/v2\/types\/post"}],"author":[{"embeddable":true,"href":"https:\/\/sincomavi.org.br\/index.php?rest_route=\/wp\/v2\/users\/1"}],"replies":[{"embeddable":true,"href":"https:\/\/sincomavi.org.br\/index.php?rest_route=%2Fwp%2Fv2%2Fcomments&post=4949"}],"version-history":[{"count":3,"href":"https:\/\/sincomavi.org.br\/index.php?rest_route=\/wp\/v2\/posts\/4949\/revisions"}],"predecessor-version":[{"id":4954,"href":"https:\/\/sincomavi.org.br\/index.php?rest_route=\/wp\/v2\/posts\/4949\/revisions\/4954"}],"wp:featuredmedia":[{"embeddable":true,"href":"https:\/\/sincomavi.org.br\/index.php?rest_route=\/wp\/v2\/media\/4951"}],"wp:attachment":[{"href":"https:\/\/sincomavi.org.br\/index.php?rest_route=%2Fwp%2Fv2%2Fmedia&parent=4949"}],"wp:term":[{"taxonomy":"category","embeddable":true,"href":"https:\/\/sincomavi.org.br\/index.php?rest_route=%2Fwp%2Fv2%2Fcategories&post=4949"},{"taxonomy":"post_tag","embeddable":true,"href":"https:\/\/sincomavi.org.br\/index.php?rest_route=%2Fwp%2Fv2%2Ftags&post=4949"}],"curies":[{"name":"wp","href":"https:\/\/api.w.org\/{rel}","templated":true}]}}