{"id":4943,"date":"2020-09-10T15:03:48","date_gmt":"2020-09-10T18:03:48","guid":{"rendered":"https:\/\/sincomavi.org.br\/?p=4943"},"modified":"2020-09-10T15:06:25","modified_gmt":"2020-09-10T18:06:25","slug":"icms-fim-de-beneficios-fiscais-de-isencoes-e-reducoes","status":"publish","type":"post","link":"https:\/\/sincomavi.org.br\/?p=4943","title":{"rendered":"ICMS &#8211; fim de benef\u00edcios fiscais de isen\u00e7\u00f5es e redu\u00e7\u00f5es"},"content":{"rendered":"<style>.wp-block-kadence-spacer.kt-block-spacer-_e48419-0c .kt-block-spacer{height:60px;}.wp-block-kadence-spacer.kt-block-spacer-_e48419-0c .kt-divider{border-top-width:1px;height:1px;border-top-color:#eee;width:80%;border-top-style:solid;}<\/style>\n<div class=\"wp-block-kadence-spacer aligncenter kt-block-spacer-_e48419-0c\"><div class=\"kt-block-spacer kt-block-spacer-halign-center\" style=\"height:60px\"><hr class=\"kt-divider\" style=\"border-top-color:rgba(238, 238, 238, 1);border-top-width:1px;width:80%;border-top-style:solid\"\/><\/div><\/div>\n\n\n\n<p>10\/09\/2020 | Decretadas diversas altera\u00e7\u00f5es no Regulamento do ICMS para prever o termo final de alguns benef\u00edcios fiscais referentes a isen\u00e7\u00f5es, redu\u00e7\u00f5es de base de c\u00e1lculo e cr\u00e9ditos outorgados em duas datas, quais sejam, 31 de outubro de 2020 e 31 de dezembro de 2020.<\/p>\n\n\n\n<p>Dessa maneira as empresas atingidas pelas medidas dever\u00e3o se atentar para as altera\u00e7\u00f5es a serem implementadas em seus custos, sistemas de contabiliza\u00e7\u00e3o e apura\u00e7\u00e3o de tributos.<\/p>\n\n\n\n<p>No que tange aos representados pelo Sincomavi, \u00e9 poss\u00edvel ressaltar a revoga\u00e7\u00e3o dos seguintes benef\u00edcios, constantes dos Anexos I, II e III do Regulamento do ICMS:<\/p>\n\n\n\n<p><strong><em>II.1 \u2013 REDU\u00c7\u00d5ES DE BASE DE C\u00c1LCULO DO ANEXO II QUE SER\u00c3O EXTINTAS EM 31 DE OUTUBRO DE 2020<\/em><\/strong><\/p>\n\n\n\n<p><strong>a)&nbsp;<em>Artigo 14 (PEDRA BRITADA E PEDRA-DE-M\u00c3O<\/em>) &#8211;<\/strong> Fica reduzida em 33,33% a base de c\u00e1lculo do imposto incidente nas sa\u00eddas internas de pedra britada ou de pedra-de-m\u00e3o (Conv\u00eanios ICMS-13\/94, e ICMS-7\/00, cl\u00e1usula primeira, IV, &#8220;j&#8221;).<\/p>\n\n\n\n<p><strong>b)&nbsp;<em>Artigo 40 (CRISTAL E PORCELANA)<\/em>&nbsp;&#8211;<\/strong> Fica reduzida em 50% a base de c\u00e1lculo do imposto incidente na sa\u00edda promovida pelo estabelecimento fabricante dos produtos:<br>I &#8211; lou\u00e7as, outros artigos de uso dom\u00e9stico e artigo de higiene ou toucador, de porcelana, classificados na posi\u00e7\u00e3o 6911;<br>II &#8211; copos de cristal de chumbo, exceto os de vitrocer\u00e2mica, classificados no c\u00f3digo 7013.21.0000;<br>III &#8211; objetos para servi\u00e7o de mesa (exceto copos) ou de cozinha, de cristal de chumbo, exceto de vitrocer\u00e2mica, classificados no c\u00f3digo 7013.31.0000;<br>IV &#8211; outros objetos de cristal de chumbo, classificados na subposi\u00e7\u00e3o 7013.91.<\/p>\n\n\n\n<p><strong>c)&nbsp;<em>Artigo 70 &#8211; (AREIA)<\/em>&nbsp;&#8211; <\/strong>Fica reduzida em 33,33% a base de c\u00e1lculo do imposto incidente nas sa\u00eddas internas de areia, lavada ou n\u00e3o (Conv\u00eanios ICMS-41\/05 e 166\/13).<\/p>\n\n\n\n<p><strong><em>II.2 \u2013 REDU\u00c7\u00d5ES DE BASE DE C\u00c1LCULO DO ANEXO II QUE SER\u00c3O EXTINTAS EM 31 DE DEZEMBRO DE 2020<\/em><\/strong><\/p>\n\n\n\n<p><em><strong>a) Artigo 12 (M\u00c1QUINAS INDUSTRIAIS E IMPLEMENTOS AGR\u00cdCOLAS)<\/strong><\/em>&nbsp;&#8211; Fica reduzida a base de c\u00e1lculo do imposto incidente nas opera\u00e7\u00f5es com m\u00e1quinas, aparelhos, equipamentos industriais e implementos agr\u00edcolas, ou com m\u00e1quinas e implementos agr\u00edcolas, arrolados nos Anexos I e II do Conv\u00eanio ICMS-52\/91, de 26 de setembro de 1991.<br>Alertamos aos atingidos pela medida o seu acompanhamento, tendo em vista que ela poder\u00e1 ser alterada, ainda nos pr\u00f3ximos dias, pois existem diversos Conv\u00eanios ICMS, que s\u00e3o assinados em n\u00edvel federal, com datas diversas para o t\u00e9rmino dos citados benef\u00edcios.<br><br><strong>Decreto n\u00ba 65.156 &#8211; DOE 28\/08\/2020<\/strong><\/p>\n\n\n<style>.wp-block-kadence-spacer.kt-block-spacer-_9a6110-fc .kt-block-spacer{height:60px;}.wp-block-kadence-spacer.kt-block-spacer-_9a6110-fc .kt-divider{border-top-width:1px;height:1px;border-top-color:#eee;width:80%;border-top-style:solid;}<\/style>\n<div class=\"wp-block-kadence-spacer aligncenter kt-block-spacer-_9a6110-fc\"><div class=\"kt-block-spacer kt-block-spacer-halign-center\" style=\"height:60px\"><hr class=\"kt-divider\" style=\"border-top-color:rgba(238, 238, 238, 1);border-top-width:1px;width:80%;border-top-style:solid\"\/><\/div><\/div>\n\n\n\n<p><\/p>\n","protected":false},"excerpt":{"rendered":"<p>10\/09\/2020 | Decretadas diversas altera\u00e7\u00f5es no Regulamento do ICMS para prever o termo final de alguns benef\u00edcios fiscais referentes a isen\u00e7\u00f5es, redu\u00e7\u00f5es de base de c\u00e1lculo e cr\u00e9ditos outorgados em duas datas, quais sejam, 31 de outubro de 2020 e 31 de dezembro de 2020. Dessa maneira as empresas atingidas pelas medidas dever\u00e3o se atentar [&hellip;]<\/p>\n","protected":false},"author":1,"featured_media":4944,"comment_status":"closed","ping_status":"open","sticky":false,"template":"","format":"standard","meta":{"tdm_status":"","tdm_grid_status":"","footnotes":""},"categories":[157],"tags":[533,534,535,531,283,402,80,536,529,530,532,537],"class_list":["post-4943","post","type-post","status-publish","format-standard","has-post-thumbnail","hentry","category-alerta","tag-areia","tag-base-de-calculo","tag-beneficios-fiscais","tag-cristal","tag-decreto","tag-governo-estadual","tag-icms","tag-isencoes","tag-pedra-britada","tag-pedra-de-mao","tag-porcelana","tag-reducoes"],"amp_enabled":true,"_links":{"self":[{"href":"https:\/\/sincomavi.org.br\/index.php?rest_route=\/wp\/v2\/posts\/4943","targetHints":{"allow":["GET"]}}],"collection":[{"href":"https:\/\/sincomavi.org.br\/index.php?rest_route=\/wp\/v2\/posts"}],"about":[{"href":"https:\/\/sincomavi.org.br\/index.php?rest_route=\/wp\/v2\/types\/post"}],"author":[{"embeddable":true,"href":"https:\/\/sincomavi.org.br\/index.php?rest_route=\/wp\/v2\/users\/1"}],"replies":[{"embeddable":true,"href":"https:\/\/sincomavi.org.br\/index.php?rest_route=%2Fwp%2Fv2%2Fcomments&post=4943"}],"version-history":[{"count":3,"href":"https:\/\/sincomavi.org.br\/index.php?rest_route=\/wp\/v2\/posts\/4943\/revisions"}],"predecessor-version":[{"id":4947,"href":"https:\/\/sincomavi.org.br\/index.php?rest_route=\/wp\/v2\/posts\/4943\/revisions\/4947"}],"wp:featuredmedia":[{"embeddable":true,"href":"https:\/\/sincomavi.org.br\/index.php?rest_route=\/wp\/v2\/media\/4944"}],"wp:attachment":[{"href":"https:\/\/sincomavi.org.br\/index.php?rest_route=%2Fwp%2Fv2%2Fmedia&parent=4943"}],"wp:term":[{"taxonomy":"category","embeddable":true,"href":"https:\/\/sincomavi.org.br\/index.php?rest_route=%2Fwp%2Fv2%2Fcategories&post=4943"},{"taxonomy":"post_tag","embeddable":true,"href":"https:\/\/sincomavi.org.br\/index.php?rest_route=%2Fwp%2Fv2%2Ftags&post=4943"}],"curies":[{"name":"wp","href":"https:\/\/api.w.org\/{rel}","templated":true}]}}