{"id":4937,"date":"2020-09-10T14:53:05","date_gmt":"2020-09-10T17:53:05","guid":{"rendered":"https:\/\/sincomavi.org.br\/?p=4937"},"modified":"2020-09-10T14:53:28","modified_gmt":"2020-09-10T17:53:28","slug":"trabalhismo-fornecimento-obrigatorio-de-mascaras","status":"publish","type":"post","link":"https:\/\/sincomavi.org.br\/?p=4937","title":{"rendered":"Trabalhismo: fornecimento obrigat\u00f3rio de m\u00e1scaras"},"content":{"rendered":"<style>.wp-block-kadence-spacer.kt-block-spacer-_ffa443-52 .kt-block-spacer{height:60px;}.wp-block-kadence-spacer.kt-block-spacer-_ffa443-52 .kt-divider{border-top-width:1px;height:1px;border-top-color:#eee;width:80%;border-top-style:solid;}<\/style>\n<div class=\"wp-block-kadence-spacer aligncenter kt-block-spacer-_ffa443-52\"><div class=\"kt-block-spacer kt-block-spacer-halign-center\" style=\"height:60px\"><hr class=\"kt-divider\" style=\"border-top-color:rgba(238, 238, 238, 1);border-top-width:1px;width:80%;border-top-style:solid\"\/><\/div><\/div>\n\n\n\n<p>10\/09\/2020 | Derrubado pelo Congresso Nacional o veto parcial que havia sido determinado pelo presidente da Rep\u00fablica em 03 de julho de 2020, na promulga\u00e7\u00e3o da Lei n\u00ba 14.019\/2020.<\/p>\n\n\n\n<p>Entre as disposi\u00e7\u00f5es restabelecidas est\u00e1 a obriga\u00e7\u00e3o dos estabelecimentos, que estejam em funcionamento durante a pandemia da Covid-19, fornecerem m\u00e1scaras de prote\u00e7\u00e3o individual gratuitamente a seus funcion\u00e1rios e colaboradores. Essas m\u00e1scaras poder\u00e3o ser de fabrica\u00e7\u00e3o artesanal e seu fornecimento se dar\u00e1 sem preju\u00edzo dos outros equipamentos de prote\u00e7\u00e3o individual estabelecidos pelas normas de seguran\u00e7a e sa\u00fade do trabalho.<\/p>\n\n\n\n<p>A infra\u00e7\u00e3o dessa obriga\u00e7\u00e3o ocasionar\u00e1 a imposi\u00e7\u00e3o de multa, definida e regulamentada pelos entes federados, devendo ser consideradas como circunst\u00e2ncias agravantes na grada\u00e7\u00e3o da penalidade ser o infrator reincidente e\/ou ter a infra\u00e7\u00e3o ocorrida em ambiente fechado.<\/p>\n\n\n\n<p>A defini\u00e7\u00e3o e a regulamenta\u00e7\u00e3o dessa medida e de outras constantes da derrubada do veto ser\u00e3o efetuadas por decreto ou por ato administrativo do respectivo poder executivo, o que j\u00e1 correu em alguns casos e, por isso, aconselhamos o acompanhamento cuidadoso do assunto.<\/p>\n\n\n\n<p><strong>(Derrubada de Veto DOU Edi\u00e7\u00e3o Extra de 08.09.2020 da Lei n\u00ba 14.019 &#8211; DOU 03.07.2020)<\/strong><\/p>\n\n\n<style>.wp-block-kadence-spacer.kt-block-spacer-_d160f6-6d .kt-block-spacer{height:60px;}.wp-block-kadence-spacer.kt-block-spacer-_d160f6-6d .kt-divider{border-top-width:1px;height:1px;border-top-color:#eee;width:80%;border-top-style:solid;}<\/style>\n<div class=\"wp-block-kadence-spacer aligncenter kt-block-spacer-_d160f6-6d\"><div class=\"kt-block-spacer kt-block-spacer-halign-center\" style=\"height:60px\"><hr class=\"kt-divider\" style=\"border-top-color:rgba(238, 238, 238, 1);border-top-width:1px;width:80%;border-top-style:solid\"\/><\/div><\/div>\n","protected":false},"excerpt":{"rendered":"<p>10\/09\/2020 | Derrubado pelo Congresso Nacional o veto parcial que havia sido determinado pelo presidente da Rep\u00fablica em 03 de julho de 2020, na promulga\u00e7\u00e3o da Lei n\u00ba 14.019\/2020. Entre as disposi\u00e7\u00f5es restabelecidas est\u00e1 a obriga\u00e7\u00e3o dos estabelecimentos, que estejam em funcionamento durante a pandemia da Covid-19, fornecerem m\u00e1scaras de prote\u00e7\u00e3o individual gratuitamente a seus [&hellip;]<\/p>\n","protected":false},"author":1,"featured_media":4938,"comment_status":"closed","ping_status":"open","sticky":false,"template":"","format":"standard","meta":{"tdm_status":"","tdm_grid_status":"","footnotes":""},"categories":[157],"tags":[349,397,96,526,527,463,528,525],"class_list":["post-4937","post","type-post","status-publish","format-standard","has-post-thumbnail","hentry","category-alerta","tag-coronavirus","tag-covid-19","tag-fiscalizacao","tag-lei-14019-2020","tag-mascara","tag-multa","tag-uso-obrigatorio","tag-veto"],"amp_enabled":true,"_links":{"self":[{"href":"https:\/\/sincomavi.org.br\/index.php?rest_route=\/wp\/v2\/posts\/4937","targetHints":{"allow":["GET"]}}],"collection":[{"href":"https:\/\/sincomavi.org.br\/index.php?rest_route=\/wp\/v2\/posts"}],"about":[{"href":"https:\/\/sincomavi.org.br\/index.php?rest_route=\/wp\/v2\/types\/post"}],"author":[{"embeddable":true,"href":"https:\/\/sincomavi.org.br\/index.php?rest_route=\/wp\/v2\/users\/1"}],"replies":[{"embeddable":true,"href":"https:\/\/sincomavi.org.br\/index.php?rest_route=%2Fwp%2Fv2%2Fcomments&post=4937"}],"version-history":[{"count":1,"href":"https:\/\/sincomavi.org.br\/index.php?rest_route=\/wp\/v2\/posts\/4937\/revisions"}],"predecessor-version":[{"id":4939,"href":"https:\/\/sincomavi.org.br\/index.php?rest_route=\/wp\/v2\/posts\/4937\/revisions\/4939"}],"wp:featuredmedia":[{"embeddable":true,"href":"https:\/\/sincomavi.org.br\/index.php?rest_route=\/wp\/v2\/media\/4938"}],"wp:attachment":[{"href":"https:\/\/sincomavi.org.br\/index.php?rest_route=%2Fwp%2Fv2%2Fmedia&parent=4937"}],"wp:term":[{"taxonomy":"category","embeddable":true,"href":"https:\/\/sincomavi.org.br\/index.php?rest_route=%2Fwp%2Fv2%2Fcategories&post=4937"},{"taxonomy":"post_tag","embeddable":true,"href":"https:\/\/sincomavi.org.br\/index.php?rest_route=%2Fwp%2Fv2%2Ftags&post=4937"}],"curies":[{"name":"wp","href":"https:\/\/api.w.org\/{rel}","templated":true}]}}