{"id":4931,"date":"2020-09-10T11:10:24","date_gmt":"2020-09-10T14:10:24","guid":{"rendered":"https:\/\/sincomavi.org.br\/?p=4931"},"modified":"2020-09-10T11:10:47","modified_gmt":"2020-09-10T14:10:47","slug":"vendas-no-varejo-crescem-52-segundo-o-ibge","status":"publish","type":"post","link":"https:\/\/sincomavi.org.br\/?p=4931","title":{"rendered":"Vendas no varejo crescem 5,2%, segundo o IBGE"},"content":{"rendered":"<style>.wp-block-kadence-spacer.kt-block-spacer-_6cd587-eb .kt-block-spacer{height:60px;}.wp-block-kadence-spacer.kt-block-spacer-_6cd587-eb .kt-divider{border-top-width:1px;height:1px;border-top-color:#eee;width:80%;border-top-style:solid;}<\/style>\n<div class=\"wp-block-kadence-spacer aligncenter kt-block-spacer-_6cd587-eb\"><div class=\"kt-block-spacer kt-block-spacer-halign-center\" style=\"height:60px\"><hr class=\"kt-divider\" style=\"border-top-color:rgba(238, 238, 238, 1);border-top-width:1px;width:80%;border-top-style:solid\"\/><\/div><\/div>\n\n\n\n<p>A Pesquisa Mensal do Com\u00e9rcio (PMC), do Instituto Brasileiro de Geografia e Estat\u00edstica (IBGE), registrou uma eleva\u00e7\u00e3o de 5,2% nas vendas do com\u00e9rcio nacional.&nbsp;<strong>Sem ajuste sazonal<\/strong>, em rela\u00e7\u00e3o a julho de 2019, o com\u00e9rcio varejista cresceu 5,5%. J\u00e1 o acumulado nos \u00faltimos 12 meses ficou em 0,2% de aumento.<\/p>\n\n\n\n<p>O varejo de equipamentos e materiais para escrit\u00f3rio, inform\u00e1tica e comunica\u00e7\u00e3o tamb\u00e9m contou em julho com crescimento em vendas de 11,4% em rela\u00e7\u00e3o ao m\u00eas anterior. Tendo como comparativo o mesmo per\u00edodo do ano passado, o desempenho alcan\u00e7ado permanece no campo negativo: \u2013 5,5%. No acumulado dos \u00faltimos doze meses, o mesmo fen\u00f4meno ocorre, com queda de \u2013 10,9%.<\/p>\n\n\n\n<p>Em julho, as vendas do com\u00e9rcio de material de constru\u00e7\u00e3o variaram positivamente em 6,7%. Em rela\u00e7\u00e3o ao mesmo m\u00eas do ano passado, o resultado se mostra mais expressivo: 22,7%. No entanto, \u00e9 preciso ressaltar que o per\u00edodo de compara\u00e7\u00e3o se revela bastante fraco para o setor.<\/p>\n\n\n\n<figure class=\"wp-block-image size-large\"><img loading=\"lazy\" decoding=\"async\" width=\"721\" height=\"719\" src=\"https:\/\/sincomavi.org.br\/wp-content\/uploads\/2020\/09\/PMC_JUL2020.jpg\" alt=\"\" class=\"wp-image-4932\" srcset=\"https:\/\/sincomavi.org.br\/wp-content\/uploads\/2020\/09\/PMC_JUL2020.jpg 721w, https:\/\/sincomavi.org.br\/wp-content\/uploads\/2020\/09\/PMC_JUL2020-300x300.jpg 300w, https:\/\/sincomavi.org.br\/wp-content\/uploads\/2020\/09\/PMC_JUL2020-150x150.jpg 150w, https:\/\/sincomavi.org.br\/wp-content\/uploads\/2020\/09\/PMC_JUL2020-421x420.jpg 421w, https:\/\/sincomavi.org.br\/wp-content\/uploads\/2020\/09\/PMC_JUL2020-640x638.jpg 640w, https:\/\/sincomavi.org.br\/wp-content\/uploads\/2020\/09\/PMC_JUL2020-681x679.jpg 681w\" sizes=\"auto, (max-width: 721px) 100vw, 721px\" \/><\/figure>\n\n\n<style>.wp-block-kadence-spacer.kt-block-spacer-_8f5972-0c .kt-block-spacer{height:60px;}.wp-block-kadence-spacer.kt-block-spacer-_8f5972-0c .kt-divider{border-top-width:1px;height:1px;border-top-color:#eee;width:80%;border-top-style:solid;}<\/style>\n<div class=\"wp-block-kadence-spacer aligncenter kt-block-spacer-_8f5972-0c\"><div class=\"kt-block-spacer kt-block-spacer-halign-center\" style=\"height:60px\"><hr class=\"kt-divider\" style=\"border-top-color:rgba(238, 238, 238, 1);border-top-width:1px;width:80%;border-top-style:solid\"\/><\/div><\/div>\n","protected":false},"excerpt":{"rendered":"<p>A Pesquisa Mensal do Com\u00e9rcio (PMC), do Instituto Brasileiro de Geografia e Estat\u00edstica (IBGE), registrou uma eleva\u00e7\u00e3o de 5,2% nas vendas do com\u00e9rcio nacional.&nbsp;Sem ajuste sazonal, em rela\u00e7\u00e3o a julho de 2019, o com\u00e9rcio varejista cresceu 5,5%. J\u00e1 o acumulado nos \u00faltimos 12 meses ficou em 0,2% de aumento. O varejo de equipamentos e materiais [&hellip;]<\/p>\n","protected":false},"author":1,"featured_media":4933,"comment_status":"closed","ping_status":"open","sticky":false,"template":"","format":"standard","meta":{"tdm_status":"","tdm_grid_status":"","footnotes":""},"categories":[153],"tags":[199,156,159,158,162,200,75],"class_list":["post-4931","post","type-post","status-publish","format-standard","has-post-thumbnail","hentry","category-noticias","tag-comercio","tag-economia","tag-informatica","tag-material-de-construcao","tag-pmc","tag-varejo","tag-vendas"],"amp_enabled":true,"_links":{"self":[{"href":"https:\/\/sincomavi.org.br\/index.php?rest_route=\/wp\/v2\/posts\/4931","targetHints":{"allow":["GET"]}}],"collection":[{"href":"https:\/\/sincomavi.org.br\/index.php?rest_route=\/wp\/v2\/posts"}],"about":[{"href":"https:\/\/sincomavi.org.br\/index.php?rest_route=\/wp\/v2\/types\/post"}],"author":[{"embeddable":true,"href":"https:\/\/sincomavi.org.br\/index.php?rest_route=\/wp\/v2\/users\/1"}],"replies":[{"embeddable":true,"href":"https:\/\/sincomavi.org.br\/index.php?rest_route=%2Fwp%2Fv2%2Fcomments&post=4931"}],"version-history":[{"count":1,"href":"https:\/\/sincomavi.org.br\/index.php?rest_route=\/wp\/v2\/posts\/4931\/revisions"}],"predecessor-version":[{"id":4934,"href":"https:\/\/sincomavi.org.br\/index.php?rest_route=\/wp\/v2\/posts\/4931\/revisions\/4934"}],"wp:featuredmedia":[{"embeddable":true,"href":"https:\/\/sincomavi.org.br\/index.php?rest_route=\/wp\/v2\/media\/4933"}],"wp:attachment":[{"href":"https:\/\/sincomavi.org.br\/index.php?rest_route=%2Fwp%2Fv2%2Fmedia&parent=4931"}],"wp:term":[{"taxonomy":"category","embeddable":true,"href":"https:\/\/sincomavi.org.br\/index.php?rest_route=%2Fwp%2Fv2%2Fcategories&post=4931"},{"taxonomy":"post_tag","embeddable":true,"href":"https:\/\/sincomavi.org.br\/index.php?rest_route=%2Fwp%2Fv2%2Ftags&post=4931"}],"curies":[{"name":"wp","href":"https:\/\/api.w.org\/{rel}","templated":true}]}}