{"id":4919,"date":"2020-09-10T08:30:30","date_gmt":"2020-09-10T11:30:30","guid":{"rendered":"https:\/\/sincomavi.org.br\/?p=4919"},"modified":"2020-09-10T08:31:03","modified_gmt":"2020-09-10T11:31:03","slug":"o-que-seria-do-brasil-sem-as-pmes","status":"publish","type":"post","link":"https:\/\/sincomavi.org.br\/?p=4919","title":{"rendered":"O que seria do Brasil sem as PMEs?"},"content":{"rendered":"<style>.wp-block-kadence-spacer.kt-block-spacer-_de96dc-cd .kt-block-spacer{height:60px;}.wp-block-kadence-spacer.kt-block-spacer-_de96dc-cd .kt-divider{border-top-width:1px;height:1px;border-top-color:#eee;width:80%;border-top-style:solid;}<\/style>\n<div class=\"wp-block-kadence-spacer aligncenter kt-block-spacer-_de96dc-cd\"><div class=\"kt-block-spacer kt-block-spacer-halign-center\" style=\"height:60px\"><hr class=\"kt-divider\" style=\"border-top-color:rgba(238, 238, 238, 1);border-top-width:1px;width:80%;border-top-style:solid\"\/><\/div><\/div>\n\n\n\n<p>10\/09\/2020 | Por Francisco Ferreira, fundador da BizCapital.<\/p>\n\n\n\n<p>Pode parecer uma pergunta exagerada. Mas, a verdade \u00e9: quais s\u00e3o os neg\u00f3cios que fazem a roda da economia brasileira girar? Eu respondo com facilidade: as PMEs. Sim, s\u00e3o os pequenos empreendimentos que movem o mercado nas mais diversas cidades do pa\u00eds. S\u00e3o essas empresas que geram empregos, sustentam fam\u00edlias e fazem o Brasil caminhar, at\u00e9 mesmo quando a crise chega. A pandemia acertou em cheio os pequenos. N\u00e3o estou dizendo aqui que s\u00f3 eles tenham sido afetados, mas trago o olhar para esses empres\u00e1rios que ficaram na linha de frente, sofrendo as consequ\u00eancias preocupantes que a Covid-19 causou.<br><br>Desde que a pandemia do novo coronav\u00edrus chegou ao Brasil, 716 mil empresas fecharam as portas, de acordo com a Pesquisa Pulso Empresa: Impacto da Covid-19 nas Empresas, realizada pelo IBGE (Instituto Brasileiro de Geografia e Estat\u00edstica), publicada em julho deste ano. Do total de neg\u00f3cios fechados tempor\u00e1ria ou definitivamente, 4 em cada 10 afirmaram que a situa\u00e7\u00e3o se deve a pandemia.<br><br>Analisando esse cen\u00e1rio, d\u00e1 para imaginar o que pode vir pela frente: inadimpl\u00eancia, trabalho informal e desemprego. \u00c9 por isso que a manuten\u00e7\u00e3o dos pequenos neg\u00f3cios \u00e9 t\u00e3o importante. Porque essas empresas carregam com elas fam\u00edlias inteiras, jovens e adultos, sejam eles os donos, fornecedores, empregados ou consumidores. Muitos desses com\u00e9rcios ou servi\u00e7os come\u00e7aram com o av\u00f4 e sobreviveram a diversas crises econ\u00f4micas at\u00e9 hoje, quando j\u00e1 \u00e9 o neto que est\u00e1 a frente das vendas.<br><br>\u00c9 comum conhecermos a loja do vizinho, circular pela farm\u00e1cia de bairro e estar acostumado a ver o armaz\u00e9m de doces sempre aberto. Esses neg\u00f3cios resistem porque continuam fazendo a conta fechar no final do m\u00eas, porque entendem que muitas fam\u00edlias precisam do trabalho, mas tamb\u00e9m porque possuem um p\u00fablico fiel que n\u00e3o troca a lojinha pelas grandes redes.<br><br>No final das contas, s\u00e3o as pequenas empresas que mais geram postos de trabalho no Brasil com carteira assinada, somando 54% dos empregos formais do pa\u00eds, de acordo com o Servi\u00e7o Brasileiro de Apoio \u00e0s Micro e Pequenas Empresas (SEBRAE). Por isso levanto aqui novamente a pergunta: o que seria do Brasil sem as PMEs?<br><br>Posso apontar o que n\u00e3o seria. Ter\u00edamos um pa\u00eds com uma taxa de desemprego e informalidade ainda maior, o mercado mais enfraquecido, e o poder de consumo menor. As PMEs seguram as pontas quando a crise se instala, mas geram valor e fazer o dinheiro circular quando as coisas melhoram. Por isso, deixo a reflex\u00e3o: apoiar o pequeno \u00e9 apoiar o desenvolvimento do pa\u00eds. As PMEs n\u00e3o podem fechar.<\/p>\n\n\n\n<p><strong>Francisco Ferreira<\/strong>, fundador da BizCapital, uma plataforma online de empr\u00e9stimos para pequenas empresas. Empreendedor na \u00e1rea de Educa\u00e7\u00e3o e Software com mais de 15 anos de experi\u00eancia. Foi um dos fundadores da Affero Lab e respons\u00e1vel pelos neg\u00f3cios de tecnologia da informa\u00e7\u00e3o da empresa, al\u00e9m dos produtos de software durante 5 anos.<\/p>\n\n\n<style>.wp-block-kadence-spacer.kt-block-spacer-_944089-6d .kt-block-spacer{height:60px;}.wp-block-kadence-spacer.kt-block-spacer-_944089-6d .kt-divider{border-top-width:1px;height:1px;border-top-color:#eee;width:80%;border-top-style:solid;}<\/style>\n<div class=\"wp-block-kadence-spacer aligncenter kt-block-spacer-_944089-6d\"><div class=\"kt-block-spacer kt-block-spacer-halign-center\" style=\"height:60px\"><hr class=\"kt-divider\" style=\"border-top-color:rgba(238, 238, 238, 1);border-top-width:1px;width:80%;border-top-style:solid\"\/><\/div><\/div>\n","protected":false},"excerpt":{"rendered":"<p>10\/09\/2020 | Por Francisco Ferreira, fundador da BizCapital. Pode parecer uma pergunta exagerada. Mas, a verdade \u00e9: quais s\u00e3o os neg\u00f3cios que fazem a roda da economia brasileira girar? Eu respondo com facilidade: as PMEs. Sim, s\u00e3o os pequenos empreendimentos que movem o mercado nas mais diversas cidades do pa\u00eds. S\u00e3o essas empresas que geram [&hellip;]<\/p>\n","protected":false},"author":1,"featured_media":4920,"comment_status":"closed","ping_status":"open","sticky":false,"template":"","format":"standard","meta":{"tdm_status":"","tdm_grid_status":"","footnotes":""},"categories":[210],"tags":[349,397,156,53,438,523,421],"class_list":["post-4919","post","type-post","status-publish","format-standard","has-post-thumbnail","hentry","category-artigos","tag-coronavirus","tag-covid-19","tag-economia","tag-emprego","tag-emprego-e-renda","tag-microempresa","tag-pmes"],"amp_enabled":true,"_links":{"self":[{"href":"https:\/\/sincomavi.org.br\/index.php?rest_route=\/wp\/v2\/posts\/4919","targetHints":{"allow":["GET"]}}],"collection":[{"href":"https:\/\/sincomavi.org.br\/index.php?rest_route=\/wp\/v2\/posts"}],"about":[{"href":"https:\/\/sincomavi.org.br\/index.php?rest_route=\/wp\/v2\/types\/post"}],"author":[{"embeddable":true,"href":"https:\/\/sincomavi.org.br\/index.php?rest_route=\/wp\/v2\/users\/1"}],"replies":[{"embeddable":true,"href":"https:\/\/sincomavi.org.br\/index.php?rest_route=%2Fwp%2Fv2%2Fcomments&post=4919"}],"version-history":[{"count":2,"href":"https:\/\/sincomavi.org.br\/index.php?rest_route=\/wp\/v2\/posts\/4919\/revisions"}],"predecessor-version":[{"id":4922,"href":"https:\/\/sincomavi.org.br\/index.php?rest_route=\/wp\/v2\/posts\/4919\/revisions\/4922"}],"wp:featuredmedia":[{"embeddable":true,"href":"https:\/\/sincomavi.org.br\/index.php?rest_route=\/wp\/v2\/media\/4920"}],"wp:attachment":[{"href":"https:\/\/sincomavi.org.br\/index.php?rest_route=%2Fwp%2Fv2%2Fmedia&parent=4919"}],"wp:term":[{"taxonomy":"category","embeddable":true,"href":"https:\/\/sincomavi.org.br\/index.php?rest_route=%2Fwp%2Fv2%2Fcategories&post=4919"},{"taxonomy":"post_tag","embeddable":true,"href":"https:\/\/sincomavi.org.br\/index.php?rest_route=%2Fwp%2Fv2%2Ftags&post=4919"}],"curies":[{"name":"wp","href":"https:\/\/api.w.org\/{rel}","templated":true}]}}