{"id":4899,"date":"2020-09-08T13:09:48","date_gmt":"2020-09-08T16:09:48","guid":{"rendered":"https:\/\/sincomavi.org.br\/?p=4899"},"modified":"2020-09-08T13:36:55","modified_gmt":"2020-09-08T16:36:55","slug":"e-social-suspenso-cronograma","status":"publish","type":"post","link":"https:\/\/sincomavi.org.br\/?p=4899","title":{"rendered":"e-Social &#8211; suspenso cronograma"},"content":{"rendered":"<style>.wp-block-kadence-spacer.kt-block-spacer-_df0df7-f0 .kt-block-spacer{height:60px;}.wp-block-kadence-spacer.kt-block-spacer-_df0df7-f0 .kt-divider{border-top-width:1px;height:1px;border-top-color:#eee;width:80%;border-top-style:solid;}<\/style>\n<div class=\"wp-block-kadence-spacer aligncenter kt-block-spacer-_df0df7-f0\"><div class=\"kt-block-spacer kt-block-spacer-halign-center\" style=\"height:60px\"><hr class=\"kt-divider\" style=\"border-top-color:rgba(238, 238, 238, 1);border-top-width:1px;width:80%;border-top-style:solid\"\/><\/div><\/div>\n\n\n\n<p>08\/09\/2020 &#8211; J\u00e1 existia a previs\u00e3o da suspens\u00e3o do cronograma de implanta\u00e7\u00e3o do eSocial, para os grupos e medidas previstas para se iniciarem a partir desse m\u00eas de setembro, tendo em vista a pandemia e o estado de calamidade decretada no inicio do ano.<\/p>\n\n\n\n<p>Para tranquilizar todos os envolvidos nessas obriga\u00e7\u00f5es, foi concretizada e oficializada essa medida, prorrogando as novas implanta\u00e7\u00f5es do Sistema de Escritura\u00e7\u00e3o Digital das Obriga\u00e7\u00f5es Fiscais, Previdenci\u00e1rias e Trabalhistas &#8211; eSocial previsto na Portaria SEPRT n\u00ba 1.419, de 23 de dezembro de 2019.<\/p>\n\n\n\n<p>Foi estabelecido tamb\u00e9m que o novo cronograma ser\u00e1 publicado com anteced\u00eancia m\u00ednima de 6 meses antes de sua obrigatoriedade e que todas as exig\u00eancias j\u00e1 existentes continuam em pleno vigor.<\/p>\n\n\n\n<p><strong>Portaria Conjunta SEPRT\/RFB n\u00ba 55\/2020 &#8211; DOU de 04.09.2020<\/strong><\/p>\n\n\n<style>.wp-block-kadence-spacer.kt-block-spacer-_6f465e-76 .kt-block-spacer{height:60px;}.wp-block-kadence-spacer.kt-block-spacer-_6f465e-76 .kt-divider{border-top-width:1px;height:1px;border-top-color:#eee;width:80%;border-top-style:solid;}<\/style>\n<div class=\"wp-block-kadence-spacer aligncenter kt-block-spacer-_6f465e-76\"><div class=\"kt-block-spacer kt-block-spacer-halign-center\" style=\"height:60px\"><hr class=\"kt-divider\" style=\"border-top-color:rgba(238, 238, 238, 1);border-top-width:1px;width:80%;border-top-style:solid\"\/><\/div><\/div>\n","protected":false},"excerpt":{"rendered":"<p>08\/09\/2020 &#8211; J\u00e1 existia a previs\u00e3o da suspens\u00e3o do cronograma de implanta\u00e7\u00e3o do eSocial, para os grupos e medidas previstas para se iniciarem a partir desse m\u00eas de setembro, tendo em vista a pandemia e o estado de calamidade decretada no inicio do ano. Para tranquilizar todos os envolvidos nessas obriga\u00e7\u00f5es, foi concretizada e oficializada [&hellip;]<\/p>\n","protected":false},"author":1,"featured_media":4900,"comment_status":"closed","ping_status":"open","sticky":false,"template":"","format":"standard","meta":{"tdm_status":"","tdm_grid_status":"","footnotes":""},"categories":[157],"tags":[349,397,516,515,351],"class_list":["post-4899","post","type-post","status-publish","format-standard","has-post-thumbnail","hentry","category-alerta","tag-coronavirus","tag-covid-19","tag-cronograma","tag-e-social","tag-prorrogacao"],"amp_enabled":true,"_links":{"self":[{"href":"https:\/\/sincomavi.org.br\/index.php?rest_route=\/wp\/v2\/posts\/4899","targetHints":{"allow":["GET"]}}],"collection":[{"href":"https:\/\/sincomavi.org.br\/index.php?rest_route=\/wp\/v2\/posts"}],"about":[{"href":"https:\/\/sincomavi.org.br\/index.php?rest_route=\/wp\/v2\/types\/post"}],"author":[{"embeddable":true,"href":"https:\/\/sincomavi.org.br\/index.php?rest_route=\/wp\/v2\/users\/1"}],"replies":[{"embeddable":true,"href":"https:\/\/sincomavi.org.br\/index.php?rest_route=%2Fwp%2Fv2%2Fcomments&post=4899"}],"version-history":[{"count":2,"href":"https:\/\/sincomavi.org.br\/index.php?rest_route=\/wp\/v2\/posts\/4899\/revisions"}],"predecessor-version":[{"id":4903,"href":"https:\/\/sincomavi.org.br\/index.php?rest_route=\/wp\/v2\/posts\/4899\/revisions\/4903"}],"wp:featuredmedia":[{"embeddable":true,"href":"https:\/\/sincomavi.org.br\/index.php?rest_route=\/wp\/v2\/media\/4900"}],"wp:attachment":[{"href":"https:\/\/sincomavi.org.br\/index.php?rest_route=%2Fwp%2Fv2%2Fmedia&parent=4899"}],"wp:term":[{"taxonomy":"category","embeddable":true,"href":"https:\/\/sincomavi.org.br\/index.php?rest_route=%2Fwp%2Fv2%2Fcategories&post=4899"},{"taxonomy":"post_tag","embeddable":true,"href":"https:\/\/sincomavi.org.br\/index.php?rest_route=%2Fwp%2Fv2%2Ftags&post=4899"}],"curies":[{"name":"wp","href":"https:\/\/api.w.org\/{rel}","templated":true}]}}